{"id":26523,"date":"2017-01-01T20:09:46","date_gmt":"2017-01-01T19:09:46","guid":{"rendered":"http:\/\/www.invarena.cz\/?p=26523"},"modified":"2017-01-01T20:09:46","modified_gmt":"2017-01-01T19:09:46","slug":"czech-deaf-youth-z-s","status":"publish","type":"post","link":"https:\/\/www.invarena.cz\/?p=26523","title":{"rendered":"Czech Deaf Youth, z.s."},"content":{"rendered":"<p>Je organizace pro mlad\u00e9 nesly\u0161\u00edc\u00ed Zam\u011b\u0159uje se na volno\u010dasov\u00e9 aktivity d\u011bt\u00ed a ml\u00e1de\u017ee se sluchov\u00fdm posti\u017een\u00edm.<!--more--><\/p>\n<p> Organizuje r\u016fzn\u00e9 akce a spolupracuje s evropskou organizac\u00ed pro nesly\u0161\u00edc\u00ed ml\u00e1de\u017e (EUDY). Jej\u00edm hlavn\u00edm c\u00edlem je vyt\u00e1hnout mlad\u00e9 lidi z pohodl\u00ed domova, aby se setk\u00e1vali s dal\u0161\u00edmi mlad\u00fdmi lidmi. Mlad\u00ed nesly\u0161\u00edc\u00ed tak poznaj\u00ed nov\u00e9 kamar\u00e1dy, kulturu a identitu nesly\u0161\u00edc\u00edch, z\u00edskaj\u00ed nov\u00e9 zku\u0161enosti, maj\u00ed kr\u00e1sn\u00e9 z\u00e1\u017eitky, na kter\u00e9 mohou vzpom\u00ednat. CDY je tak\u00e9 pro nedosl\u00fdchav\u00e9 a ohluchl\u00e9, kte\u0159\u00ed musej\u00ed um\u011bt \u010desk\u00fd znakov\u00fd jazyk. \u010clenov\u00e9 V\u00fdboru CDY pracuj\u00ed dobrovoln\u011b a podporuj\u00ed kulturu nesly\u0161\u00edc\u00edch. V sou\u010dasn\u00e9 dob\u011b m\u00e1 v\u00fdbor 5 \u010dlen\u016f: Annu Pangr\u00e1covou, Jind\u0159icha Mikul\u00edka, Jana \u0160im\u016fnka, Moniku Goldefusovou a Ivanu Horv\u00e1thovou. Revizn\u00ed komisi tvo\u0159\u00ed 3 \u010dlenov\u00e9: Jana Ratajsk\u00e1, Ren\u00e9 Ratajsk\u00fd a Marie Pangr\u00e1cov\u00e1. V\u0161ichni jsou nesly\u0161\u00edc\u00ed a komunikuj\u00ed znakov\u00fdm jazykem.<br \/>\nD\u00edky CDY se na\u0161e nesly\u0161\u00edc\u00ed ml\u00e1de\u017e z\u00fa\u010dast\u0148uje r\u016fzn\u00fdch mezin\u00e1rodn\u00edch kemp\u016f. Letos se konaly dva EUDY kempy pro mlad\u00e9 nesly\u0161\u00edc\u00ed z Evropy.<br \/>\nJeden kemp byl pro star\u0161\u00ed nesly\u0161\u00edc\u00ed od 18\u201330 let a konal se ve \u0160v\u00e9dsku, ve m\u011bst\u011b Leksand za\u010d\u00e1tkem \u010dervence. Za \u010cesko se z\u00fa\u010dastnili Jan \u0160im\u016fnek, Ivona Striov\u00e1, Leo\u0161 Tovary\u0161 a D\u00f3ra Bajscy. Na stejn\u00e9m m\u00edst\u011b se konala valn\u00e1 hromada EUDY a \u010ceskou republiku zastupovali dva deleg\u00e1ti Anna Pangr\u00e1cov\u00e1 a Jan \u0160im\u016fnek za CDY. T\u00fdden nato se uskute\u010dnil druh\u00fd kemp v Norsku, a to pro nesly\u0161\u00edc\u00ed ve v\u011bku od 13\u201317 let. \u010cesko zastupovali vedouc\u00ed Jind\u0159ich Mikul\u00edk a nesly\u0161\u00edc\u00ed Ji\u0159\u00ed Pavl\u00edk a Tereza Polov\u00e1.<br \/>\nOba kempy m\u011bly stejn\u00e9 t\u00e9ma: &#8222;Rozmanitost v men\u0161in\u011b\u201d. C\u00edlem kemp\u016f je v\u00fdm\u011bna pohled\u016f a zku\u0161enost\u00ed nesly\u0161\u00edc\u00edch z r\u016fzn\u00fdch zem\u00ed. P\u0159edn\u00e1\u0161ky zaj\u00edmav\u00fdch osobnost\u00ed byly velmi inspirativn\u00ed.<br \/>\nP\u0159edn\u00e1\u0161elo se o rovnosti mezi pohlav\u00edmi a rasami a o sexu\u00e1ln\u00ed orientaci. Zaj\u00edmav\u00e9 t\u00e9ma bylo o kulturn\u00edch rozd\u00edlech mezi komunitami nesly\u0161\u00edc\u00edch, o nesly\u0161\u00edc\u00edch imigrantech a o hluchoslep\u00fdch.<br \/>\nNa kempech byly i r\u016fzn\u00e9 workshopy a hry. \u00da\u010dastn\u00edci si vyzkou\u0161eli komunikaci hluchoslep\u00fdch a zlep\u0161it se v mezin\u00e1rodn\u00edm znakov\u00e9m syst\u00e9mu.<br \/>\nP\u0159\u00ed\u0161t\u00ed rok se bude EUDY kemp pro d\u011bti od 9\u201312 let konat v term\u00ednu od 4. do 11.<br \/>\n7. 2017 na Slovensku. A v roce 2018 bude EUDY po\u0159\u00e1dat dva kempy: EUDY Junior kemp na Slovensku pro d\u011bti od 13\u201317 let a EUDY Youth kemp pro 18\u201330 let bude v Rumunsku. Pro v\u00edce informac\u00ed se m\u016f\u017eete pod\u00edvat na na\u0161i FB str\u00e1nku nebo na www.czechdeafyouth.cz. Pokud n\u00e1s chcete podpo\u0159it, sta\u0148te se \u010dlenem CDY. Z\u00edsk\u00e1te v\u00fdhody na akc\u00edch.<\/p>\n<p>Jan \u0160im\u016fnek<br \/>\nGong<\/p>\n","protected":false},"excerpt":{"rendered":"<div class=\"mh-excerpt\"><p>Je organizace pro mlad\u00e9 nesly\u0161\u00edc\u00ed Zam\u011b\u0159uje se na volno\u010dasov\u00e9 aktivity d\u011bt\u00ed a ml\u00e1de\u017ee se sluchov\u00fdm posti\u017een\u00edm.<\/p>\n<\/div>","protected":false},"author":1,"featured_media":0,"comment_status":"open","ping_status":"closed","sticky":false,"template":"","format":"standard","meta":{"footnotes":""},"categories":[9],"tags":[],"class_list":["post-26523","post","type-post","status-publish","format-standard","hentry","category-zpravy"],"_links":{"self":[{"href":"https:\/\/www.invarena.cz\/index.php?rest_route=\/wp\/v2\/posts\/26523","targetHints":{"allow":["GET"]}}],"collection":[{"href":"https:\/\/www.invarena.cz\/index.php?rest_route=\/wp\/v2\/posts"}],"about":[{"href":"https:\/\/www.invarena.cz\/index.php?rest_route=\/wp\/v2\/types\/post"}],"author":[{"embeddable":true,"href":"https:\/\/www.invarena.cz\/index.php?rest_route=\/wp\/v2\/users\/1"}],"replies":[{"embeddable":true,"href":"https:\/\/www.invarena.cz\/index.php?rest_route=%2Fwp%2Fv2%2Fcomments&post=26523"}],"version-history":[{"count":0,"href":"https:\/\/www.invarena.cz\/index.php?rest_route=\/wp\/v2\/posts\/26523\/revisions"}],"wp:attachment":[{"href":"https:\/\/www.invarena.cz\/index.php?rest_route=%2Fwp%2Fv2%2Fmedia&parent=26523"}],"wp:term":[{"taxonomy":"category","embeddable":true,"href":"https:\/\/www.invarena.cz\/index.php?rest_route=%2Fwp%2Fv2%2Fcategories&post=26523"},{"taxonomy":"post_tag","embeddable":true,"href":"https:\/\/www.invarena.cz\/index.php?rest_route=%2Fwp%2Fv2%2Ftags&post=26523"}],"curies":[{"name":"wp","href":"https:\/\/api.w.org\/{rel}","templated":true}]}}