{"id":26524,"date":"2016-12-29T11:31:21","date_gmt":"2016-12-29T10:31:21","guid":{"rendered":"http:\/\/www.invarena.cz\/?p=26524"},"modified":"2016-12-29T11:31:49","modified_gmt":"2016-12-29T10:31:49","slug":"minimalni-mzda-se-sjednoti-a-zvysi-na-11-tisic-korun","status":"publish","type":"post","link":"https:\/\/www.invarena.cz\/?p=26524","title":{"rendered":"Minim\u00e1ln\u00ed mzda se sjednot\u00ed a zv\u00fd\u0161\u00ed na 11 tis\u00edc korun"},"content":{"rendered":"<p>Minim\u00e1ln\u00ed m\u011bs\u00ed\u010dn\u00ed mzda se se od 1. ledna 2017 zv\u00fd\u0161\u00ed ze sou\u010dasn\u00fdch 9 900 na 11 000 korun, minim\u00e1ln\u00ed hodinov\u00e1 mzda pak z 58,70 korun na rovn\u00fdch 66 korun. N\u00e1vrh ministryn\u011b pr\u00e1ce a soci\u00e1ln\u00edch v\u011bc\u00ed Michaely Marksov\u00e9, kter\u00fd schv\u00e1lila vl\u00e1da, z\u00e1rove\u0148 ru\u0161\u00ed zvl\u00e1\u0161tn\u00ed sazbu minim\u00e1ln\u00ed mzdy pro zam\u011bstnance s invalidn\u00edm d\u016fchodem. Bude tak platit jedna sazba minim\u00e1ln\u00ed mzdy pro v\u0161echny zam\u011bstnance.<br \/>\n<!--more--><br \/>\n\u201eNi\u017e\u0161\u00ed minim\u00e1ln\u00ed mzdu ne\u017e u n\u00e1s maj\u00ed pouze v n\u011bkolika m\u00e1lo evropsk\u00fdch st\u00e1tech, nap\u0159\u00edklad v Ma\u010farsku, Rumunsku a Bulharsku. Pracovat se mus\u00ed vyplatit, a proto jsme zv\u00fd\u0161ili minim\u00e1ln\u00ed mzdu, aby pracuj\u00edc\u00ed lid\u00e9 mohli ze sv\u00fdch p\u0159\u00edjm\u016f hradit svoje z\u00e1kladn\u00ed \u017eivotn\u00ed pot\u0159eby a nebyli z\u00e1visl\u00ed na soci\u00e1ln\u00edch d\u00e1vk\u00e1ch,\u201c uvedla ministryn\u011b Michaela Marksov\u00e1. <\/p>\n<p>Vl\u00e1da tak pokra\u010duje v realizaci sv\u00e9ho z\u00e1m\u011bru postupn\u011b zvy\u0161ovat minim\u00e1ln\u00ed mzdu tak, aby se jej\u00ed \u00farove\u0148 p\u0159ibl\u00ed\u017eila 40 % pr\u016fm\u011brn\u00e9 mzdy, kter\u00fd byl deklarov\u00e1n v Programov\u00e9m prohl\u00e1\u0161en\u00ed vl\u00e1dy. P\u0159i schv\u00e1len\u00e9 valorizaci minim\u00e1ln\u00ed mzdy lze v roce 2017 p\u0159edpokl\u00e1dat zv\u00fd\u0161en\u00ed jej\u00edho pod\u00edlu k pr\u016fm\u011brn\u00e9 mzd\u011b na 38,2 %. Minim\u00e1ln\u00ed mzda se naposledy zv\u00fd\u0161ila od leto\u0161n\u00edho ledna. <\/p>\n<p>N\u00e1vrhem se rovn\u011b\u017e ru\u0161\u00ed zvl\u00e1\u0161tn\u00ed ni\u017e\u0161\u00ed sazba minim\u00e1ln\u00ed mzdy a sazby nejni\u017e\u0161\u00edch \u00farovn\u00ed zaru\u010den\u00e9 mzdy pro ty zam\u011bstnance, kte\u0159\u00ed pob\u00edraj\u00ed invalidn\u00ed d\u016fchod. Od ledna 2017 vzroste ze sou\u010dasn\u00fdch 9 300 korun tak\u00e9 na 11 000 korun. Na t\u00e9to zm\u011bn\u011b se dohodli z\u00e1stupci osob se zdravotn\u00edm posti\u017een\u00edm, zam\u011bstnavatel\u016f zam\u011bstn\u00e1vaj\u00edc\u00edch osoby se zdravotn\u00edm posti\u017een\u00edm a st\u00e1tu. <\/p>\n<p>\u201eTo, \u017ee jsme tak\u00e9 zru\u0161ili ni\u017e\u0161\u00ed sazbu minim\u00e1ln\u00ed mzdy pro p\u0159\u00edjemce invalidn\u00edho d\u016fchodu, pova\u017euji za mnohem spravedliv\u011bj\u0161\u00ed stav, ne\u017e tomu bylo doposud. Pro v\u0161echny tak bude platit stejn\u00e1 v\u00fd\u0161e, a jsem r\u00e1da, \u017ee se na tom poda\u0159ilo naj\u00edt shodu,\u201c doplnila Michaela Marksov\u00e1.<\/p>\n<p>Petr Hab\u00e1\u0148<br \/>\ntiskov\u00fd mluv\u010d\u00ed MPSV<\/p>\n","protected":false},"excerpt":{"rendered":"<div class=\"mh-excerpt\"><p>Minim\u00e1ln\u00ed m\u011bs\u00ed\u010dn\u00ed mzda se se od 1. ledna 2017 zv\u00fd\u0161\u00ed ze sou\u010dasn\u00fdch 9 900 na 11 000 korun, minim\u00e1ln\u00ed hodinov\u00e1 mzda pak z 58,70 korun <a class=\"mh-excerpt-more\" href=\"https:\/\/www.invarena.cz\/?p=26524\" title=\"Minim\u00e1ln\u00ed mzda se sjednot\u00ed a zv\u00fd\u0161\u00ed na 11 tis\u00edc korun\">[&#8230;]<\/a><\/p>\n<\/div>","protected":false},"author":1,"featured_media":600,"comment_status":"open","ping_status":"closed","sticky":false,"template":"","format":"standard","meta":{"footnotes":""},"categories":[1,9],"tags":[],"class_list":["post-26524","post","type-post","status-publish","format-standard","has-post-thumbnail","hentry","category-nezarazene","category-zpravy"],"_links":{"self":[{"href":"https:\/\/www.invarena.cz\/index.php?rest_route=\/wp\/v2\/posts\/26524","targetHints":{"allow":["GET"]}}],"collection":[{"href":"https:\/\/www.invarena.cz\/index.php?rest_route=\/wp\/v2\/posts"}],"about":[{"href":"https:\/\/www.invarena.cz\/index.php?rest_route=\/wp\/v2\/types\/post"}],"author":[{"embeddable":true,"href":"https:\/\/www.invarena.cz\/index.php?rest_route=\/wp\/v2\/users\/1"}],"replies":[{"embeddable":true,"href":"https:\/\/www.invarena.cz\/index.php?rest_route=%2Fwp%2Fv2%2Fcomments&post=26524"}],"version-history":[{"count":0,"href":"https:\/\/www.invarena.cz\/index.php?rest_route=\/wp\/v2\/posts\/26524\/revisions"}],"wp:featuredmedia":[{"embeddable":true,"href":"https:\/\/www.invarena.cz\/index.php?rest_route=\/wp\/v2\/media\/600"}],"wp:attachment":[{"href":"https:\/\/www.invarena.cz\/index.php?rest_route=%2Fwp%2Fv2%2Fmedia&parent=26524"}],"wp:term":[{"taxonomy":"category","embeddable":true,"href":"https:\/\/www.invarena.cz\/index.php?rest_route=%2Fwp%2Fv2%2Fcategories&post=26524"},{"taxonomy":"post_tag","embeddable":true,"href":"https:\/\/www.invarena.cz\/index.php?rest_route=%2Fwp%2Fv2%2Ftags&post=26524"}],"curies":[{"name":"wp","href":"https:\/\/api.w.org\/{rel}","templated":true}]}}