{"id":26525,"date":"2016-11-01T13:03:39","date_gmt":"2016-11-01T12:03:39","guid":{"rendered":"http:\/\/www.invarena.cz\/?p=26525"},"modified":"2016-11-01T13:04:10","modified_gmt":"2016-11-01T12:04:10","slug":"mam-parkinsonovu-chorobu-mohl-bych-mit-narok-na-prukaz-ztp","status":"publish","type":"post","link":"https:\/\/www.invarena.cz\/?p=26525","title":{"rendered":"M\u00e1m parkinsonovu chorobu. Mohl bych m\u00edt n\u00e1rok na pr\u016fkaz ZTP?"},"content":{"rendered":"<p><strong>Dotaz:<\/strong><br \/>\n<strong> Trp\u00edm Parkinsonovou chorobou. Probl\u00e9m m\u00e1m s ch\u016fz\u00ed. Mus\u00edm pou\u017e\u00edvat francouzsk\u00e9 hole i p\u0159i ch\u016fzi po byt\u011b. Nejsem schopn\u00fd uj\u00edt cca v\u00edce jak 30 m a mus\u00edm odpo\u010d\u00edvat. Proto\u017ee bydl\u00edm s\u00e1m v rodinn\u00e9m domku a bez francouzsk\u00fdch hol\u00ed si nemohu j\u00edt ani nakoupit, tak jsem nucen koupit el.invalidn\u00ed voz\u00edk. Nemoc se projevuje hlavn\u011b v prav\u00e9 noze na kterou nemohu stoupnout. Velmi brzo poci\u0165uji \u00fanavu a nejsem schopn\u00fd n\u00e9st n\u00e1kup a mus\u00edm po\u017e\u00e1dat (i ciz\u00ed) osoby o pomoc. V b\u0159eznu leto\u0161n\u00edho roku jsem utrp\u011bl srde\u010dn\u00ed infarkt a od t\u00e9 doby m\u00e1m probl\u00e9m s d\u00fdch\u00e1n\u00edm i p\u0159i sebemen\u0161\u00ed n\u00e1maze. Mohl bych m\u00edt n\u00e1rok na pr\u016fkaz ZTP?<\/strong><br \/>\n<!--more--><br \/>\n<strong>Odpov\u011b\u010f:<\/strong><br \/>\nVe Va\u0161em p\u0159\u00edpad\u011b se d\u00e1 rozhodn\u011b doporu\u010dit, abyste si o pr\u016fkaz ZTP po\u017e\u00e1dal, o jeho p\u0159izn\u00e1n\u00ed v\u0161ak nakonec v\u017edy rozhodne L\u00e9ka\u0159sk\u00e1 posudkov\u00e1 slu\u017eba \u010cSSZ a to na z\u00e1klad\u011b zdravotn\u00ed dokumentace zaslan\u00e9 Va\u0161\u00edm o\u0161et\u0159uj\u00edc\u00edm l\u00e9ka\u0159em.<br \/>\nKdy\u017e u\u017e si budete \u017e\u00e1dat o pr\u016fkaz ZTP, je ve Va\u0161em p\u0159\u00edpad\u011b rozumn\u00e9, abyste si na \u00da\u0159ad\u011b pr\u00e1ce za\u017e\u00e1dal tak\u00e9 o p\u0159\u00edsp\u011bvek na p\u00e9\u010di, na kter\u00fd byste tak\u00e9 mohl m\u00edt n\u00e1rok.<br \/>\nPro \u00faplnost p\u0159ikl\u00e1d\u00e1m je\u0161t\u011b zdravotn\u00ed krit\u00e9ria, podle kter\u00fdch LPS \u010cSSZ rozhoduje o n\u00e1roku na pr\u016fkaz ZTP.<\/p>\n<p>Za podstatn\u00e9 omezen\u00ed schopnosti pohyblivosti a orientace na \u00farovni t\u011b\u017ek\u00e9ho funk\u010dn\u00edho posti\u017een\u00ed (pr\u016fkaz ZTP) pohyblivosti a orientace lze pova\u017eovat tyto zdravotn\u00ed stavy:<br \/>\na) anatomick\u00e1 ztr\u00e1ta doln\u00ed kon\u010detiny v kolenn\u00edm kloubu nebo v\u00fd\u0161e, exteri\u00e9rov\u00fd u\u017eivatel prot\u00e9zy,<br \/>\nb) anatomick\u00e1 ztr\u00e1ta doln\u00edch kon\u010detin v n\u00e1rtech nebo v n\u00e1rtu a b\u00e9rci,<br \/>\nc) funk\u010dn\u00ed ztr\u00e1ta doln\u00ed kon\u010detiny se ztr\u00e1tou op\u011brn\u00e9 funkce,<br \/>\nd) anatomick\u00e1 ztr\u00e1ta doln\u00ed a horn\u00ed kon\u010detiny v \u00farovni b\u00e9rce a p\u0159edlokt\u00ed,<br \/>\ne) anatomick\u00e1 ztr\u00e1ta horn\u00edch kon\u010detin v \u00farovni p\u0159edlokt\u00ed,<br \/>\nf) t\u011b\u017ek\u00e9 omezen\u00ed funkce dvou kon\u010detin,<br \/>\ng) posti\u017een\u00ed p\u00e1nve prov\u00e1zen\u00e9 t\u011b\u017ek\u00fdmi par\u00e9zami doln\u00edch kon\u010detin nebo z\u00e1va\u017enou nestabilitou p\u00e1nevn\u00edho prstence,<br \/>\nh) posti\u017een\u00ed p\u00e1te\u0159e prov\u00e1zen\u00e9 t\u011b\u017ek\u00fdmi par\u00e9zami kon\u010detin nebo ztuhnut\u00edm t\u0159\u00ed \u00fasek\u016f p\u00e1te\u0159e nebo z\u00e1va\u017en\u00e9 deformity p\u00e1te\u0159e s omezen\u00edm exkurz\u00ed hrudn\u00edku,<br \/>\ni) t\u011b\u017ek\u00e9 posti\u017een\u00ed pohyblivosti a celkov\u00e9 v\u00fdkonnosti ji\u017e p\u0159i lehk\u00e9m zat\u00ed\u017een\u00ed p\u0159i intern\u00edch a onkologick\u00fdch posti\u017een\u00edch,<br \/>\nj) celkov\u00e1 ztr\u00e1ta sluchu podle Fowlera 85% a v\u00edce s neschopnost\u00ed sly\u0161et zvuky a rozum\u011bt \u0159e\u010di i p\u0159es nejlep\u0161\u00ed korekci (oboustrann\u00e1 praktick\u00e1 nebo \u00fapln\u00e1 hluchota) u osoby star\u0161\u00ed 18 let v\u011bku,<br \/>\nk) kombinovan\u00e9 posti\u017een\u00ed sluchu a zraku (hluchoslepota) funk\u010dn\u011b v rozsahu oboustrann\u00e9 st\u0159edn\u011b t\u011b\u017ek\u00e9 nedosl\u00fdchavosti, kterou se rozum\u00ed ztr\u00e1ta sluchu podle Fowlera 40 a\u017e 65%, a oboustrann\u00e9 siln\u00e9 slabozrakosti, kterou se rozum\u00ed zrakov\u00e1 ostrost s nejlep\u0161\u00ed mo\u017enou korekc\u00ed na lep\u0161\u00edm oku, kdy maximum je men\u0161\u00ed ne\u017e 6\/60 a minimum rovn\u00e9 nebo lep\u0161\u00ed ne\u017e 3\/60, nebo oboustrann\u00e9 koncentrick\u00e9 z\u00fa\u017een\u00ed zorn\u00e9ho pole v rozsahu 30 a\u017e 10 stup\u0148\u016f, i kdy\u017e centr\u00e1ln\u00ed ostrost nen\u00ed posti\u017eena,<br \/>\nl) oboustrann\u00e1 t\u011b\u017ek\u00e1 ztr\u00e1ta zraku, kterou se rozum\u00ed zrakov\u00e1 ostrost s korekc\u00ed, kdy maximum je men\u0161\u00ed ne\u017e 3\/60, minimum lep\u0161\u00ed ne\u017e 1\/60,<br \/>\nm) psychick\u00e9 posti\u017een\u00ed s \u010dasto se opakuj\u00edc\u00edmi z\u00e1va\u017en\u00fdmi poruchami komunikace a orientace v exteri\u00e9ru v\u010detn\u011b st\u0159edn\u011b funk\u010dn\u00edho typu autismu,<br \/>\nn) neurodegenerativn\u00ed posti\u017een\u00ed s mnoho\u010detn\u00fdmi hybn\u00fdmi komplikacemi typu rigidity, hypokin\u00e9zy, tremoru, ataxie, mimovoln\u00fdch pohyb\u016f.<\/p>\n<p>Ji\u0159\u00ed Marek<br \/>\ninvArena<\/p>\n","protected":false},"excerpt":{"rendered":"<div class=\"mh-excerpt\"><p>Dotaz: Trp\u00edm Parkinsonovou chorobou. Probl\u00e9m m\u00e1m s ch\u016fz\u00ed. Mus\u00edm pou\u017e\u00edvat francouzsk\u00e9 hole i p\u0159i ch\u016fzi po byt\u011b. Nejsem schopn\u00fd uj\u00edt cca v\u00edce jak 30 m <a class=\"mh-excerpt-more\" href=\"https:\/\/www.invarena.cz\/?p=26525\" title=\"M\u00e1m parkinsonovu chorobu. Mohl bych m\u00edt n\u00e1rok na pr\u016fkaz ZTP?\">[&#8230;]<\/a><\/p>\n<\/div>","protected":false},"author":3,"featured_media":3721,"comment_status":"open","ping_status":"closed","sticky":false,"template":"","format":"standard","meta":{"footnotes":""},"categories":[18,9],"tags":[],"class_list":["post-26525","post","type-post","status-publish","format-standard","has-post-thumbnail","hentry","category-poradna","category-zpravy"],"_links":{"self":[{"href":"https:\/\/www.invarena.cz\/index.php?rest_route=\/wp\/v2\/posts\/26525","targetHints":{"allow":["GET"]}}],"collection":[{"href":"https:\/\/www.invarena.cz\/index.php?rest_route=\/wp\/v2\/posts"}],"about":[{"href":"https:\/\/www.invarena.cz\/index.php?rest_route=\/wp\/v2\/types\/post"}],"author":[{"embeddable":true,"href":"https:\/\/www.invarena.cz\/index.php?rest_route=\/wp\/v2\/users\/3"}],"replies":[{"embeddable":true,"href":"https:\/\/www.invarena.cz\/index.php?rest_route=%2Fwp%2Fv2%2Fcomments&post=26525"}],"version-history":[{"count":0,"href":"https:\/\/www.invarena.cz\/index.php?rest_route=\/wp\/v2\/posts\/26525\/revisions"}],"wp:featuredmedia":[{"embeddable":true,"href":"https:\/\/www.invarena.cz\/index.php?rest_route=\/wp\/v2\/media\/3721"}],"wp:attachment":[{"href":"https:\/\/www.invarena.cz\/index.php?rest_route=%2Fwp%2Fv2%2Fmedia&parent=26525"}],"wp:term":[{"taxonomy":"category","embeddable":true,"href":"https:\/\/www.invarena.cz\/index.php?rest_route=%2Fwp%2Fv2%2Fcategories&post=26525"},{"taxonomy":"post_tag","embeddable":true,"href":"https:\/\/www.invarena.cz\/index.php?rest_route=%2Fwp%2Fv2%2Ftags&post=26525"}],"curies":[{"name":"wp","href":"https:\/\/api.w.org\/{rel}","templated":true}]}}