{"id":26527,"date":"2016-12-29T11:32:20","date_gmt":"2016-12-29T10:32:20","guid":{"rendered":"http:\/\/www.invarena.cz\/?p=26527"},"modified":"2016-12-29T11:32:20","modified_gmt":"2016-12-29T10:32:20","slug":"paralympionik-koblasa-chce-vitezit-pomuze-mu-kouc-daler","status":"publish","type":"post","link":"https:\/\/www.invarena.cz\/?p=26527","title":{"rendered":"Paralympionik Koblasa chce v\u00edt\u011bzit. Pom\u016f\u017ee mu kou\u010d Daler"},"content":{"rendered":"<p>Brn\u011bnsk\u00fd hendikepovan\u00fd cyklista Ivo Koblasa m\u00e1 za sebou nej\u00fasp\u011b\u0161n\u011bj\u0161\u00ed sezonu a t\u011b\u0161\u00ed se na spolupr\u00e1ci s Ji\u0159\u00edm Dalerem. <!--more--><\/p>\n<p>Brno \u2013 Bojovat je zvykl\u00fd od d\u011btstv\u00ed. T\u0159iadvacetilet\u00fd cyklistick\u00fd talent brn\u011bnsk\u00e9ho Favoritu Ivo Koblasa se p\u0159ed necel\u00fdmi t\u0159emi t\u00fddny vr\u00e1til z paralympijsk\u00fdch her v Riu de Janeiro, kde z\u00e1vodil na silnici i dr\u00e1ze, a u\u017e pom\u00fd\u0161l\u00ed na dal\u0161\u00ed akce. S \u0161ir\u0161\u00edm tren\u00e9rsk\u00fdm t\u00fdmem utvo\u0159il dlouhodob\u00fd projekt, kter\u00fd m\u00e1 v\u00e9st a\u017e ke stupni v\u00edt\u011bz\u016f na paralympi\u00e1d\u011b v Tokiu za \u010dty\u0159i roky.<br \/>\nAmbasadorem projektu se stala jihomoravsk\u00e1 cyklistick\u00e1 legenda Ji\u0159\u00ed Daler, kter\u00fd v japonsk\u00e9m Tokiu vybojoval p\u0159ed dvaapades\u00e1ti lety zlatou olympijskou medaili ve st\u00edhac\u00edm z\u00e1vod\u011b jednotlivc\u016f. &#8222;Ji\u0159\u00ed Daler m\u00e1 zku\u0161enosti s mezin\u00e1rodn\u00edmi z\u00e1vody a v\u00ed, jak\u00fdm zp\u016fsobem se na vrcholn\u00e9 akce p\u0159ipravit. Aktivn\u011b se z\u00fa\u010dastn\u00ed tr\u00e9nink\u016f i v\u00fdjezd\u016f do Tokia. Vyu\u017eijeme jeho zku\u0161enosti s japonsk\u00fdmi obyvateli a prost\u0159ed\u00edm,&#8220; uvedl otec z\u00e1vodn\u00edka Ivo Koblasa star\u0161\u00ed, kter\u00fd pat\u0159\u00ed do realiza\u010dn\u00edho t\u00fdmu.<br \/>\nPr\u00e1v\u011b neznalost brazilsk\u00fdch podm\u00ednek mlad\u00e9ho jezdce limitovala na leto\u0161n\u00ed paralympi\u00e1d\u011b. &#8222;Kdy\u017e jsme p\u0159ilet\u011bli do Braz\u00edlie, neznali jsme profil trati ani dal\u0161\u00ed n\u00e1le\u017eitosti. Byli jsme jako amat\u00e9rsk\u00fd t\u00fdm. V\u017edy je lep\u0161\u00ed zn\u00e1t d\u011bji\u0161t\u011b z\u00e1vod\u016f,&#8220; sd\u011blil nej\u00fasp\u011b\u0161n\u011bj\u0161\u00ed \u010dlen \u010desk\u00e9 cyklistick\u00e9 v\u00fdpravy z Ria, kter\u00fd se v ka\u017ed\u00e9m z p\u011bti z\u00e1vod\u016f um\u00edstil do osm\u00e9ho m\u00edsta.<br \/>\nLeto\u0161n\u00ed sezona byla pro z\u00e1vodn\u00edka Favoritu dosud nejvyda\u0159en\u011bj\u0161\u00ed. &#8222;Osm\u00e9 m\u00edsto ze silni\u010dn\u00edho z\u00e1vodu v Riu znamen\u00e1 i prvenstv\u00ed. Na paralympi\u00e1d\u011b slu\u010duj\u00ed n\u011bkolik kategori\u00ed kv\u016fli omezen\u00e9mu po\u010dtu medailov\u00fdch sad. Syn svou kategorii jasn\u011b ovl\u00e1dl, kdy\u017e poprv\u00e9 porazil i nejv\u011bt\u0161\u00ed konkurenty,&#8220; pov\u00eddal Koblasa star\u0161\u00ed.<br \/>\nPl\u00e1n pro n\u00e1sleduj\u00edc\u00ed sezony je jednozna\u010dn\u00fd. &#8222;P\u0159\u00ed\u0161t\u00ed rok chceme um\u00edst\u011bn\u00ed do t\u0159et\u00edho m\u00edsta na mistrovstv\u00ed sv\u011bta, Sv\u011btov\u00e9m poh\u00e1ru a v \u017eeb\u0159\u00ed\u010dku paralympijsk\u00fdch sportovc\u016f. Dal\u0161\u00ed roky pak vybojovat prvenstv\u00ed. C\u00edl\u00edme taky na medaili z p\u0159\u00ed\u0161t\u00ed paralympi\u00e1dy,&#8220; \u0159ekl otec nejlep\u0161\u00edho hendikepovan\u00e9ho cyklisty Jihomoravsk\u00e9ho kraje za rok 2015.<br \/>\nNa cest\u011b k vysn\u011bn\u00fdm \u00fasp\u011bch\u016fm pom\u016f\u017ee Koblasovi i zku\u0161en\u00fd brn\u011bnsk\u00fd tren\u00e9r Jaroslav Bl\u00e1ha. &#8222;C\u00edle jsou re\u00e1ln\u00e9. S Ivem spolupracuji u\u017e od juniorsk\u00fdch kategori\u00ed. V\u017edy byl drav\u00fd a \u0161el si tvrd\u011b pro \u00fasp\u011bch. Je velmi cti\u017e\u00e1dostiv\u00fd a spolu s t\u00e1tou a tren\u00e9ry se kvalitn\u011b p\u0159ipravuje,&#8220; popsal b\u00fdval\u00fd \u00fasp\u011b\u0161n\u00fd cyklista. <\/p>\n<p>&#8212; <\/p>\n<p>Dlouhodob\u00e9 c\u00edle Rok 2017 \u2013 um\u00edst\u011bn\u00ed do 3. m\u00edsta na mistrovstv\u00ed sv\u011bta, ve Sv\u011btov\u00e9m poh\u00e1ru a v \u017eeb\u0159\u00ed\u010dku paralympijsk\u00fdch sportovc\u016f Roky 2018 a 2019 \u2013 prvenstv\u00ed na mistrovstv\u00ed sv\u011bta \u2013 prvenstv\u00ed ve Sv\u011btov\u00e9m poh\u00e1ru \u2013 nominace na paralympijsk\u00e9 hry v Tokiu 2020<\/p>\n<p>MARK\u00c9TA WEINLICHOV\u00c1<br \/>\nBrn\u011bnsk\u00fd den\u00edk<br \/>\n<a href=\"http:\/\/brnensky.denik.cz\/\">http:\/\/brnensky.denik.cz\/<\/a><\/p>\n","protected":false},"excerpt":{"rendered":"<div class=\"mh-excerpt\"><p>Brn\u011bnsk\u00fd hendikepovan\u00fd cyklista Ivo Koblasa m\u00e1 za sebou nej\u00fasp\u011b\u0161n\u011bj\u0161\u00ed sezonu a t\u011b\u0161\u00ed se na spolupr\u00e1ci s Ji\u0159\u00edm Dalerem.<\/p>\n<\/div>","protected":false},"author":1,"featured_media":0,"comment_status":"open","ping_status":"closed","sticky":false,"template":"","format":"standard","meta":{"footnotes":""},"categories":[9],"tags":[],"class_list":["post-26527","post","type-post","status-publish","format-standard","hentry","category-zpravy"],"_links":{"self":[{"href":"https:\/\/www.invarena.cz\/index.php?rest_route=\/wp\/v2\/posts\/26527","targetHints":{"allow":["GET"]}}],"collection":[{"href":"https:\/\/www.invarena.cz\/index.php?rest_route=\/wp\/v2\/posts"}],"about":[{"href":"https:\/\/www.invarena.cz\/index.php?rest_route=\/wp\/v2\/types\/post"}],"author":[{"embeddable":true,"href":"https:\/\/www.invarena.cz\/index.php?rest_route=\/wp\/v2\/users\/1"}],"replies":[{"embeddable":true,"href":"https:\/\/www.invarena.cz\/index.php?rest_route=%2Fwp%2Fv2%2Fcomments&post=26527"}],"version-history":[{"count":0,"href":"https:\/\/www.invarena.cz\/index.php?rest_route=\/wp\/v2\/posts\/26527\/revisions"}],"wp:attachment":[{"href":"https:\/\/www.invarena.cz\/index.php?rest_route=%2Fwp%2Fv2%2Fmedia&parent=26527"}],"wp:term":[{"taxonomy":"category","embeddable":true,"href":"https:\/\/www.invarena.cz\/index.php?rest_route=%2Fwp%2Fv2%2Fcategories&post=26527"},{"taxonomy":"post_tag","embeddable":true,"href":"https:\/\/www.invarena.cz\/index.php?rest_route=%2Fwp%2Fv2%2Ftags&post=26527"}],"curies":[{"name":"wp","href":"https:\/\/api.w.org\/{rel}","templated":true}]}}