{"id":26541,"date":"2017-02-12T23:05:40","date_gmt":"2017-02-12T22:05:40","guid":{"rendered":"http:\/\/www.invarena.cz\/?p=26541"},"modified":"2017-02-12T23:06:37","modified_gmt":"2017-02-12T22:06:37","slug":"mam-s-prukazem-tp-narok-na-vyhrazene-parkovaci-misto","status":"publish","type":"post","link":"https:\/\/www.invarena.cz\/?p=26541","title":{"rendered":"M\u00e1m s pr\u016fkazem TP n\u00e1rok na vyhrazen\u00e9 parkovac\u00ed m\u00edsto?"},"content":{"rendered":"<p>Dotaz:<br \/>\nChci se zeptat. Nebyl mi p\u0159izn\u00e1n pr\u016fkaz ZTP, ale jenom TP prvn\u00edho stupn\u011b. Jsem po mozkov\u00e9 p\u0159\u00edhod\u011b a jsem na levou stranu \u010d\u00e1ste\u010dn\u011b ochrnut, jsem sice \u0159idi\u010d, ale bez auta se neobejdu, mohu si na obecn\u00edm \u00fa\u0159ad\u011b za\u017e\u00e1dat o p\u0159id\u011blen\u00ed parkovac\u00edho m\u00edsta? V\u011bt\u0161inou nezaparkuji, proto\u017ee ti co maj\u00ed pr\u016fkaz ZTP, neparkuj\u00ed na parkovi\u0161ti pro n\u011b vyhrazen\u00e9m, je to dost sobeck\u00e9, kdy\u017e oni maj\u00ed sv\u00e1 vyhrazen\u00e1 m\u00edsta a nevyu\u017e\u00edvaj\u00ed je.<br \/>\n<!--more--><br \/>\nOdpov\u011b\u010f:<br \/>\nS pr\u016fkazem TP na vyhrazen\u00e9 parkovac\u00ed m\u00edsto zpravidla n\u00e1rok nem\u00e1te. Pr\u016fkaz TP v podstat\u011b slou\u017e\u00ed jen k tomu, \u017ee m\u00e1te n\u00e1rok na m\u00edsto k sezen\u00ed v dopravn\u00edch prost\u0159edc\u00edch.<\/p>\n<p>Ve Va\u0161em p\u0159\u00edpad\u011b se ale d\u00e1 doporu\u010dit, abyste si za\u0161el na sv\u016fj \u00fa\u0159ad a informoval se, zda by se Va\u0161e situace nedala n\u011bjak \u0159e\u0161it.<br \/>\nDal\u0161\u00ed mo\u017enost\u00ed je, abyste si za p\u00e1r m\u011bs\u00edc\u016f po vyd\u00e1n\u00ed rozhodnut\u00ed o p\u0159izn\u00e1n\u00ed pouze pr\u016fkazu TP, zkusil za\u017e\u00e1dat o pr\u016fkaz ZTP znovu a vyu\u017eil v\u0161ech mo\u017enost\u00ed k odvol\u00e1n\u00ed.<\/p>\n<p>Ji\u0159\u00ed Marek<br \/>\ninvArena<\/p>\n","protected":false},"excerpt":{"rendered":"<div class=\"mh-excerpt\"><p>Dotaz: Chci se zeptat. Nebyl mi p\u0159izn\u00e1n pr\u016fkaz ZTP, ale jenom TP prvn\u00edho stupn\u011b. Jsem po mozkov\u00e9 p\u0159\u00edhod\u011b a jsem na levou stranu \u010d\u00e1ste\u010dn\u011b ochrnut, <a class=\"mh-excerpt-more\" href=\"https:\/\/www.invarena.cz\/?p=26541\" title=\"M\u00e1m s pr\u016fkazem TP n\u00e1rok na vyhrazen\u00e9 parkovac\u00ed m\u00edsto?\">[&#8230;]<\/a><\/p>\n<\/div>","protected":false},"author":3,"featured_media":9099,"comment_status":"open","ping_status":"closed","sticky":false,"template":"","format":"standard","meta":{"footnotes":""},"categories":[18,9],"tags":[],"class_list":["post-26541","post","type-post","status-publish","format-standard","has-post-thumbnail","hentry","category-poradna","category-zpravy"],"_links":{"self":[{"href":"https:\/\/www.invarena.cz\/index.php?rest_route=\/wp\/v2\/posts\/26541","targetHints":{"allow":["GET"]}}],"collection":[{"href":"https:\/\/www.invarena.cz\/index.php?rest_route=\/wp\/v2\/posts"}],"about":[{"href":"https:\/\/www.invarena.cz\/index.php?rest_route=\/wp\/v2\/types\/post"}],"author":[{"embeddable":true,"href":"https:\/\/www.invarena.cz\/index.php?rest_route=\/wp\/v2\/users\/3"}],"replies":[{"embeddable":true,"href":"https:\/\/www.invarena.cz\/index.php?rest_route=%2Fwp%2Fv2%2Fcomments&post=26541"}],"version-history":[{"count":0,"href":"https:\/\/www.invarena.cz\/index.php?rest_route=\/wp\/v2\/posts\/26541\/revisions"}],"wp:featuredmedia":[{"embeddable":true,"href":"https:\/\/www.invarena.cz\/index.php?rest_route=\/wp\/v2\/media\/9099"}],"wp:attachment":[{"href":"https:\/\/www.invarena.cz\/index.php?rest_route=%2Fwp%2Fv2%2Fmedia&parent=26541"}],"wp:term":[{"taxonomy":"category","embeddable":true,"href":"https:\/\/www.invarena.cz\/index.php?rest_route=%2Fwp%2Fv2%2Fcategories&post=26541"},{"taxonomy":"post_tag","embeddable":true,"href":"https:\/\/www.invarena.cz\/index.php?rest_route=%2Fwp%2Fv2%2Ftags&post=26541"}],"curies":[{"name":"wp","href":"https:\/\/api.w.org\/{rel}","templated":true}]}}