{"id":26565,"date":"2016-10-12T16:25:43","date_gmt":"2016-10-12T14:25:43","guid":{"rendered":"http:\/\/www.invarena.cz\/?p=26565"},"modified":"2016-10-12T16:25:43","modified_gmt":"2016-10-12T14:25:43","slug":"spolecnost-pro-ranou-peci-pro-jedenact-tisic-rodin-s-postizenym-ditetem-neni-dostatek-sluzeb","status":"publish","type":"post","link":"https:\/\/www.invarena.cz\/?p=26565","title":{"rendered":"Spole\u010dnost pro ranou p\u00e9\u010di: Pro jeden\u00e1ct tis\u00edc rodin s posti\u017een\u00fdm d\u00edt\u011btem nen\u00ed dostatek slu\u017eeb"},"content":{"rendered":"<p><strong>Slu\u017eeb ran\u00e9 p\u00e9\u010de nen\u00ed dostatek! Podle sociolog\u016f je v \u010cesk\u00e9 republice 11 000 rodin, kter\u00e9 vychov\u00e1vaj\u00ed d\u00edt\u011b od narozen\u00ed do sedmi let a pob\u00edraj\u00ed p\u0159\u00edsp\u011bvek na p\u00e9\u010di. Pouze t\u0159etina t\u011bchto rodin vyu\u017e\u00edv\u00e1 slu\u017eeb ran\u00e9 p\u00e9\u010de. N\u011bkte\u0159\u00ed rodi\u010de o ran\u00e9 p\u00e9\u010di nev\u011bd\u00ed a n\u011bkte\u0159\u00ed \u010dekaj\u00ed v po\u0159adn\u00edc\u00edch \u017eadatel\u016f o slu\u017ebu.<\/strong><!--more--><\/p>\n<p>Ka\u017edoro\u010dn\u00ed ji\u017e dev\u00e1t\u00fd ro\u010dn\u00edk osv\u011btov\u00e9 kampan\u011b T\u00fdden ran\u00e9 p\u00e9\u010de\u00ae chce roz\u0161\u00ed\u0159it pov\u011bdom\u00ed o soci\u00e1ln\u00ed slu\u017eb\u011b ran\u00e1 p\u00e9\u010de. Ran\u00e1 p\u00e9\u010de je slu\u017eba, kter\u00e1 pom\u00e1h\u00e1 rodin\u00e1m p\u0159ekon\u00e1vat t\u011b\u017ek\u00e9 situace p\u0159i v\u00fdchov\u011b d\u00edt\u011bte s posti\u017een\u00edm. Na\u0161\u00edm c\u00edlem je pomoci rodin\u00e1m vytvo\u0159it takov\u00e9 podm\u00ednky, aby jejich d\u00edt\u011b mohlo vyr\u016fstat v dom\u00e1c\u00edm prost\u0159ed\u00ed a rodina nemusela p\u0159istoupit k \u00fastavn\u00ed p\u00e9\u010di. V r\u00e1mci T\u00fddne ran\u00e9 p\u00e9\u010de chceme informovat laickou i odbornou ve\u0159ejnost o mo\u017enostech podpory rodin d\u011bt\u00ed s posti\u017een\u00edm, pos\u00edlit interdisciplin\u00e1rn\u00ed spolupr\u00e1ci nap\u0159\u00ed\u010d p\u0159\u00edbuzn\u00fdmi rezorty soci\u00e1ln\u00ed pr\u00e1ce, speci\u00e1ln\u00ed pedagogiky a l\u00e9ka\u0159stv\u00ed a tak\u00e9 iniciovat diskusi o syst\u00e9mu ran\u00e9 p\u00e9\u010de v \u010cesk\u00e9 republice na \u00farovni krajsk\u00fdch a ministersk\u00fdch \u00fa\u0159edn\u00edk\u016f.<\/p>\n<p>Slogan leto\u0161n\u00ed kampan\u011b &#8222;Nikdy nen\u00ed p\u0159\u00edli\u0161 brzy&#8220; se sna\u017e\u00ed upozornit na d\u016fle\u017eitost v\u010dasn\u00e9ho zah\u00e1jen\u00ed slu\u017eby, tak aby se rodin\u011b d\u00edt\u011bte s posti\u017een\u00edm dostala pomoc neodkladn\u011b.<\/p>\n<p>Je naprosto nezbytn\u00e9, aby rodi\u010de d\u011bt\u00ed s posti\u017een\u00edm dostali informace o mo\u017en\u00e9 pomoci v\u010das. Pr\u00e1v\u011b v n\u00e1ro\u010dn\u00e9m obdob\u00ed po sd\u011blen\u00ed nep\u0159\u00edzniv\u00e9 diagn\u00f3zy nebo v dob\u011b pochybnost\u00ed o zdrav\u00e9m v\u00fdvoji d\u00edt\u011bte, pot\u0159ebuj\u00ed rodi\u010de a cel\u00e1 rodina neodkladnou odbornou podporu.<\/p>\n<p>Ka\u017ed\u00fd rok se do osv\u011btov\u00e9 kampan\u011b T\u00fdden ran\u00e9 p\u00e9\u010de\u00ae zapojuj\u00ed poskytovatel\u00e9 soci\u00e1ln\u00ed slu\u017eby ran\u00e1 p\u00e9\u010de po cel\u00e9m \u00fazem\u00ed \u010cesk\u00e9 republiky. V t\u00fddnu od 7. do 13. listopadu 2016 se m\u016f\u017ee ve\u0159ejnost \u00fa\u010dastnit mnoha akc\u00ed, dn\u00ed otev\u0159en\u00fdch dve\u0159\u00ed, diskuz\u00ed, kulat\u00fdch stol\u016f, charitativn\u00edch koncert\u016f, z\u00e1\u017eitkov\u00fdch semin\u00e1\u0159\u016f, v\u00fdstav a mnoha dal\u0161\u00edch.<\/p>\n<p>Kampa\u0148 osv\u011btov\u00e9ho charakteru prob\u011bhne tak\u00e9 v m\u00e9di\u00edch. Ve\u0159ejnost se dozv\u00ed mnoho informac\u00ed o pot\u0159eb\u00e1ch rodin d\u011bt\u00ed s posti\u017een\u00edm i o ran\u00e9 p\u00e9\u010di samotn\u00e9.<\/p>\n<p>&#8222;Spolupracujeme ji\u017e tradi\u010dn\u011b nejen st\u0159ediska ran\u00e9 p\u00e9\u010de mezi sebou, ale p\u0159id\u00e1vaj\u00ed se k n\u00e1m i dobrovoln\u00edci, studenti, sponzo\u0159i, v\u00fdznamn\u00e9 osobnosti, herci a v\u011bdci. V minulosti se ke kampani p\u0159idala mate\u0159sk\u00e1 centra, porodnice, divadla, internetov\u00e9 servery, vydavatelstv\u00ed&#8230; Pokud se rodiny rozhodnou vychov\u00e1vat d\u00edt\u011b s posti\u017een\u00edm doma, nesm\u00ed z\u016fstat bez pomoci!&#8220; \u0159\u00edk\u00e1 p\u0159edsedkyn\u011b Spole\u010dnosti pro ranou p\u00e9\u010di Mgr. Pavla Maty\u00e1\u0161ov\u00e1.<\/p>\n<p>Do osv\u011btov\u00e9 kampan\u011b T\u00fdden ran\u00e9 p\u00e9\u010de\u00ae se letos zapojila i Nadace rozvoje ob\u010dansk\u00e9 spole\u010dnosti. Tradi\u010dn\u011b T\u00fdden ran\u00e9 p\u00e9\u010de\u00ae podporuje mnoho v\u00fdznamn\u00fdch osobnost\u00ed. V lo\u0148sk\u00e9m roce to byl nap\u0159\u00edklad olympionik V\u00e1vra Hradilek, h\u00e1zenk\u00e1\u0159 David Ju\u0159\u00ed\u010dek, spisovatelka Alena Je\u017ekov\u00e1, b\u00fdval\u00e1 miss \u010cR Jitka Nov\u00e1\u010dkov\u00e1 nebo profesor Ji\u0159\u00ed \u0160treit.<\/p>\n<p>V\u00edce informac\u00ed o kampani se dozv\u00edte na www.ranapece.cz.<\/p>\n<p>Parlamentn\u00ed Listy<\/p>\n","protected":false},"excerpt":{"rendered":"<div class=\"mh-excerpt\"><p>Slu\u017eeb ran\u00e9 p\u00e9\u010de nen\u00ed dostatek! Podle sociolog\u016f je v \u010cesk\u00e9 republice 11 000 rodin, kter\u00e9 vychov\u00e1vaj\u00ed d\u00edt\u011b od narozen\u00ed do sedmi let a pob\u00edraj\u00ed p\u0159\u00edsp\u011bvek <a class=\"mh-excerpt-more\" href=\"https:\/\/www.invarena.cz\/?p=26565\" title=\"Spole\u010dnost pro ranou p\u00e9\u010di: Pro jeden\u00e1ct tis\u00edc rodin s posti\u017een\u00fdm d\u00edt\u011btem nen\u00ed dostatek slu\u017eeb\">[&#8230;]<\/a><\/p>\n<\/div>","protected":false},"author":1,"featured_media":14566,"comment_status":"open","ping_status":"closed","sticky":false,"template":"","format":"standard","meta":{"footnotes":""},"categories":[9],"tags":[],"class_list":["post-26565","post","type-post","status-publish","format-standard","has-post-thumbnail","hentry","category-zpravy"],"_links":{"self":[{"href":"https:\/\/www.invarena.cz\/index.php?rest_route=\/wp\/v2\/posts\/26565","targetHints":{"allow":["GET"]}}],"collection":[{"href":"https:\/\/www.invarena.cz\/index.php?rest_route=\/wp\/v2\/posts"}],"about":[{"href":"https:\/\/www.invarena.cz\/index.php?rest_route=\/wp\/v2\/types\/post"}],"author":[{"embeddable":true,"href":"https:\/\/www.invarena.cz\/index.php?rest_route=\/wp\/v2\/users\/1"}],"replies":[{"embeddable":true,"href":"https:\/\/www.invarena.cz\/index.php?rest_route=%2Fwp%2Fv2%2Fcomments&post=26565"}],"version-history":[{"count":0,"href":"https:\/\/www.invarena.cz\/index.php?rest_route=\/wp\/v2\/posts\/26565\/revisions"}],"wp:featuredmedia":[{"embeddable":true,"href":"https:\/\/www.invarena.cz\/index.php?rest_route=\/wp\/v2\/media\/14566"}],"wp:attachment":[{"href":"https:\/\/www.invarena.cz\/index.php?rest_route=%2Fwp%2Fv2%2Fmedia&parent=26565"}],"wp:term":[{"taxonomy":"category","embeddable":true,"href":"https:\/\/www.invarena.cz\/index.php?rest_route=%2Fwp%2Fv2%2Fcategories&post=26565"},{"taxonomy":"post_tag","embeddable":true,"href":"https:\/\/www.invarena.cz\/index.php?rest_route=%2Fwp%2Fv2%2Ftags&post=26565"}],"curies":[{"name":"wp","href":"https:\/\/api.w.org\/{rel}","templated":true}]}}