{"id":26583,"date":"2016-12-29T11:12:49","date_gmt":"2016-12-29T10:12:49","guid":{"rendered":"http:\/\/www.invarena.cz\/?p=26583"},"modified":"2016-12-29T11:12:49","modified_gmt":"2016-12-29T10:12:49","slug":"v-jirkove-maji-bylinkovou-zahradku-na-koleckach","status":"publish","type":"post","link":"https:\/\/www.invarena.cz\/?p=26583","title":{"rendered":"V Jirkov\u011b maj\u00ed bylinkovou zahr\u00e1dku na kole\u010dk\u00e1ch"},"content":{"rendered":"<p>Jirkov \u2013 Tady m\u00e1ta, rozmar\u00fdn, bobkov\u00fd list. A tamhle zase \u017een\u0161en, oregano, vzadu medu\u0148ka. Senio\u0159i v Jirkov\u011b maj\u00ed novou mobiln\u00ed bylinkou zahr\u00e1dku. Ve\u0159ejnosti ji slavnostn\u011b p\u0159edstavili v Domov\u011b pro osoby se zdravotn\u00edm posti\u017een\u00edm U Dubu. Jednou z t\u011bch, kter\u00e1 bylinky s\u00e1zela, je klientka domova Anna Burianov\u00e1. &#8222;D\u0159\u00edv jsem zahr\u00e1dku m\u011bla, tak\u017ee jsem byla zvykl\u00e1 bylinky p\u011bstovat,&#8220; usm\u00edvala se nad zelenou nad\u00edlkou osmasedmdes\u00e1tilet\u00e1 d\u016fchodkyn\u011b.<!--more--><\/p>\n<p>Jej\u00ed obl\u00edbenou bylinkou je pr\u00fd petr\u017eelka, ale pom\u00e1hala se v\u0161emi rostlinami. &#8222;Je kr\u00e1sn\u00e9 se k tomu zase vr\u00e1tit a vid\u011bt, jak to v\u0161echno kvete,&#8220; dodala.<br \/>\nMobiln\u00ed zahr\u00e1dku p\u0159edstavuj\u00ed \u010dty\u0159i byteln\u00e9 stolky na kole\u010dk\u00e1ch. T\u0159i u\u017e jsou pln\u00e9 substr\u00e1tu a nejr\u016fzn\u011bj\u0161\u00edch bylinek. Ty senio\u0159i os\u00e1zeli b\u011bhem z\u00e1\u0159\u00ed na zahrad\u011b.<br \/>\n\u010ctvrt\u00fd st\u016fl je ur\u010den\u00fd na p\u0159esazov\u00e1n\u00ed. &#8222;D\u00edky tomu, \u017ee jsou stoly vyv\u00fd\u0161en\u00e9, k nim maj\u00ed dobr\u00fd p\u0159\u00edstup i klienti na invalidn\u00edch voz\u00edc\u00edch a dokonce i ti, kte\u0159\u00ed jsou upoutan\u00ed na l\u016f\u017eko,&#8220; popisuje vedouc\u00ed soci\u00e1ln\u00edho \u00faseku Veronika Nestlerov\u00e1. &#8222;Nav\u00edc se s nimi m\u016f\u017eeme pohybovat po cel\u00e9 budov\u011b a d\u00edky tomu dov\u00e9zt tu kr\u00e1su, zele\u0148 a v\u016fni klient\u016fm p\u0159\u00edmo na pokoj.&#8220;<br \/>\nBylinky v\u0161ak v domov\u011b nejsou jen na okrasu \u010di k o\u010dich\u00e1n\u00ed. Senio\u0159i si mohou t\u0159eba natrhat l\u00edstky medu\u0148ky do \u010daje nebo posypat pomaz\u00e1nku na chlebu \u010derstvou pa\u017eitkou. Bylinky tak\u00e9 pou\u017eili na v\u00fdrobky, kter\u00e9 budou prod\u00e1vat v r\u00e1mci jirkovsk\u00e9ho charitativn\u00edho Adventu.<br \/>\nMobiln\u00ed bylinkou zahr\u00e1dku po\u0159\u00eddil M\u011bstsk\u00fd \u00fastav soci\u00e1ln\u00edch slu\u017eeb v Jirkov\u011b d\u00edky daru od Nada\u010dn\u00edho fondu Veolia. Ten p\u0159edstavoval 38 tis\u00edc korun.<\/p>\n<p>&nbsp;<\/p>\n<p>Litom\u011b\u0159ick\u00fd den\u00edk<\/p>\n<p><a href=\"http:\/\/www.litomericky.denik.cz\/\">http:\/\/www.litomericky.denik.cz\/<\/a><\/p>\n","protected":false},"excerpt":{"rendered":"<div class=\"mh-excerpt\"><p>Jirkov \u2013 Tady m\u00e1ta, rozmar\u00fdn, bobkov\u00fd list. A tamhle zase \u017een\u0161en, oregano, vzadu medu\u0148ka. Senio\u0159i v Jirkov\u011b maj\u00ed novou mobiln\u00ed bylinkou zahr\u00e1dku. Ve\u0159ejnosti ji slavnostn\u011b <a class=\"mh-excerpt-more\" href=\"https:\/\/www.invarena.cz\/?p=26583\" title=\"V Jirkov\u011b maj\u00ed bylinkovou zahr\u00e1dku na kole\u010dk\u00e1ch\">[&#8230;]<\/a><\/p>\n<\/div>","protected":false},"author":1,"featured_media":0,"comment_status":"open","ping_status":"closed","sticky":false,"template":"","format":"standard","meta":{"footnotes":""},"categories":[9],"tags":[],"class_list":["post-26583","post","type-post","status-publish","format-standard","hentry","category-zpravy"],"_links":{"self":[{"href":"https:\/\/www.invarena.cz\/index.php?rest_route=\/wp\/v2\/posts\/26583","targetHints":{"allow":["GET"]}}],"collection":[{"href":"https:\/\/www.invarena.cz\/index.php?rest_route=\/wp\/v2\/posts"}],"about":[{"href":"https:\/\/www.invarena.cz\/index.php?rest_route=\/wp\/v2\/types\/post"}],"author":[{"embeddable":true,"href":"https:\/\/www.invarena.cz\/index.php?rest_route=\/wp\/v2\/users\/1"}],"replies":[{"embeddable":true,"href":"https:\/\/www.invarena.cz\/index.php?rest_route=%2Fwp%2Fv2%2Fcomments&post=26583"}],"version-history":[{"count":0,"href":"https:\/\/www.invarena.cz\/index.php?rest_route=\/wp\/v2\/posts\/26583\/revisions"}],"wp:attachment":[{"href":"https:\/\/www.invarena.cz\/index.php?rest_route=%2Fwp%2Fv2%2Fmedia&parent=26583"}],"wp:term":[{"taxonomy":"category","embeddable":true,"href":"https:\/\/www.invarena.cz\/index.php?rest_route=%2Fwp%2Fv2%2Fcategories&post=26583"},{"taxonomy":"post_tag","embeddable":true,"href":"https:\/\/www.invarena.cz\/index.php?rest_route=%2Fwp%2Fv2%2Ftags&post=26583"}],"curies":[{"name":"wp","href":"https:\/\/api.w.org\/{rel}","templated":true}]}}