{"id":26604,"date":"2016-12-27T17:51:27","date_gmt":"2016-12-27T16:51:27","guid":{"rendered":"http:\/\/www.invarena.cz\/?p=26604"},"modified":"2016-12-27T17:51:27","modified_gmt":"2016-12-27T16:51:27","slug":"ridnuti-kosti-trapi-vice-lidi-lekari-v-kraji-jej-odhali-vcas","status":"publish","type":"post","link":"https:\/\/www.invarena.cz\/?p=26604","title":{"rendered":"\u0158\u00eddnut\u00ed kost\u00ed tr\u00e1p\u00ed v\u00edce lid\u00ed, l\u00e9ka\u0159i v kraji jej odhal\u00ed v\u010das"},"content":{"rendered":"<p>S \u0159\u00eddnut\u00edm kost\u00ed se ve Zl\u00ednsk\u00e9m kraji l\u00e9\u010d\u00ed p\u0159es 45 tis\u00edc lid\u00ed a jejich po\u010det se zvy\u0161uje. Nemoc p\u0159ezd\u00edvanou tich\u00fd zabij\u00e1k pom\u016f\u017ee odhalit vy\u0161et\u0159en\u00ed v r\u00e1mci z\u00edt\u0159ej\u0161\u00edho Sv\u011btov\u00e9ho dne boje proti osteopor\u00f3ze.<!--more--><\/p>\n<p>ZL\u00cdNSK\u00dd KRAJ Na za\u010d\u00e1tku se projev\u00ed ban\u00e1ln\u00ed zlomeninou. Pak se \u010dasto p\u0159idaj\u00ed dal\u0161\u00ed a n\u00e1sleduje invalidn\u00ed voz\u00edk, do\u017eivotn\u00ed nehybnost i smrt.<br \/>\nOsteopor\u00f3zu neboli \u0159\u00eddnut\u00ed kost\u00ed naz\u00fdvaj\u00ed l\u00e9ka\u0159i tich\u00fdm zabij\u00e1kem pr\u00e1v\u011b proto, \u017ee nem\u00e1 varovn\u00e9 p\u0159\u00edznaky. V Uhersk\u00e9m Hradi\u0161ti budou z\u00edtra nab\u00edzet vy\u0161et\u0159en\u00ed, kter\u00e9 onemocn\u011bn\u00ed odhal\u00ed v\u010das.<br \/>\n&#8222;To znamen\u00e1 je\u0161t\u011b p\u0159edt\u00edm, ne\u017e nastanou z\u00e1va\u017en\u00e9 komplikace,&#8220; vysv\u011btlila l\u00e9ka\u0159ka Eva Dokoupilov\u00e1 z uherskohradi\u0161\u0165sk\u00e9ho osteologick\u00e9ho centra.<br \/>\nV ulic\u00edch m\u011bsta budou mlad\u00ed medici oslovovat star\u0161\u00ed osoby a pt\u00e1t se na jejich pot\u00ed\u017ee. T\u011bm, u kter\u00fdch budou m\u00edt podez\u0159en\u00ed, doporu\u010d\u00ed n\u00e1v\u0161t\u011bvu osteologick\u00e9 ambulance a odebran\u00e9 vzorky krve zdarma prov\u011b\u0159\u00ed hradi\u0161\u0165sk\u00e1 nemocnice.<br \/>\nB\u011b\u017en\u011b se za takov\u00e9 vy\u0161et\u0159en\u00ed plat\u00ed, ale v r\u00e1mci Sv\u011btov\u00e9ho dne boje proti osteopor\u00f3ze bude zdarma.<br \/>\nSpecialist\u00e9 ve Zl\u00ednsk\u00e9m kraji se dlouhodob\u011b v\u00edce ne\u017e jinde sna\u017e\u00ed onemocn\u011bn\u00ed zjistit a l\u00e9\u010dit v\u010das. Proto tady funguje lep\u0161\u00ed spojen\u00ed s nemocnicemi i praktick\u00fdmi l\u00e9ka\u0159i. &#8222;Je zaveden\u00e1 praxe, \u017ee pokud si zlomeninu p\u0159ivod\u00ed pacient nad pades\u00e1t let, doporu\u010duje mu l\u00e9ka\u0159 vy\u0161et\u0159en\u00ed, kter\u00e9 probl\u00e9m odhal\u00ed,&#8220; pouk\u00e1zal krajsk\u00fd radn\u00ed pro zdravotnictv\u00ed Lubom\u00edr Ne\u010das.<br \/>\n&#8222;Kdy\u017e p\u0159i zlomenin\u011b objev\u00edme zn\u00e1mky osteopor\u00f3zy, domlouv\u00e1me se na do\u0161et\u0159en\u00ed s osteologickou ambulanc\u00ed,&#8220; \u0159ekla mluv\u010d\u00ed krom\u011b\u0159\u00ed\u017esk\u00e9 nemocnice Veronika Kl\u00edmov\u00e1.<\/p>\n<p>Najdou jen zlomek pacient\u016f<\/p>\n<p>Zl\u00edn m\u00e1 jedno z nejv\u011bt\u0161\u00edch osteologick\u00fdch center v \u010cesku, kde se l\u00e9\u010d\u00ed v\u00edce ne\u017e 40 tis\u00edc lid\u00ed. Dal\u0161\u00ed je ve Vset\u00edn\u011b nebo Uhersk\u00e9m Hradi\u0161ti.<br \/>\n&#8222;Ka\u017ed\u00fd rok se po\u010det pacient\u016f o n\u011bkolik tis\u00edc zv\u00fd\u0161\u00ed,&#8220; sd\u011blil zl\u00ednsk\u00fd l\u00e9ka\u0159 Pavel Novosad, kter\u00fd se na l\u00e9\u010dbu osteopor\u00f3zy specializuje \u0159adu let.<br \/>\nP\u0159esn\u00e1 \u010d\u00edsla ale neexistuj\u00ed, proto\u017ee ani statistici toto onemocn\u011bn\u00ed samostatn\u011b nesleduj\u00ed. A odborn\u00edci upozor\u0148uj\u00ed, \u017ee i po\u010det t\u011bch, kte\u0159\u00ed se na osteopor\u00f3zu l\u00e9\u010d\u00ed, je jen mal\u00e1 \u010d\u00e1st, kterou se poda\u0159ilo odhalit. Zbytek pacient\u016f \u010dasto nic netu\u0161\u00ed, dokud nep\u0159ijde prvn\u00ed nen\u00e1padn\u00e1 zlomenina. &#8222;Nejz\u00e1va\u017en\u011bj\u0161\u00ed jsou zlomeniny v oblasti ky\u010dle, na jejich\u017e komplikace um\u00edr\u00e1 b\u011bhem prvn\u00edho roku p\u011btina pacient\u016f a t\u0159etina z\u016fst\u00e1v\u00e1 invalidn\u00ed,&#8220; varovala uherskohradi\u0161\u0165sk\u00e1 l\u00e9ka\u0159ka Dokoupilov\u00e1.<br \/>\nNemoc postihuje osoby nad 50 let, v\u011bt\u0161inou \u017eeny. Projev\u00ed se t\u0159eba p\u0159i \u0161patn\u00e9m do\u0161l\u00e1pnut\u00ed, men\u0161\u00ed zlomenin\u011b z\u00e1p\u011bst\u00ed, bolestmi zad.<br \/>\nNap\u0159\u00edklad kdy\u017e \u0161estasedmdes\u00e1tilet\u00fd senior Vojt\u011bch \u0160vihl\u00e1k ven\u010dil psa, zrychlil krok a zlomil si kotn\u00edk. &#8222;Teprve dal\u0161\u00ed vy\u0161et\u0159en\u00ed u specialisty odhalilo, \u017ee mi \u0159\u00eddnou kosti rychleji, ne\u017e by m\u011bly. T\u00edm p\u00e1dem jsou m\u00e9n\u011b pevn\u00e9 a n\u00e1chyln\u011bj\u0161\u00ed ke zlomenin\u011b,&#8220; zm\u00ednil \u0160vihl\u00e1k.<br \/>\nPro praktick\u00e9ho l\u00e9ka\u0159e by to m\u011bl b\u00fdt jasn\u00fd sign\u00e1l, \u017ee m\u016f\u017ee osteopor\u00f3zou trp\u011bt. Specializovan\u00e1 ordinace pak m\u016f\u017ee nasadit l\u00e9\u010dbu, d\u00edky kter\u00e9 by prvn\u00ed zlomenina m\u011bla b\u00fdt z\u00e1rove\u0148 tou posledn\u00ed.<\/p>\n<p>&#8212;<\/p>\n<p>&#8222;Nejz\u00e1va\u017en\u011bj\u0161\u00ed jsou zlomeniny v oblasti ky\u010dle, na jejich\u017e komplikace um\u00edr\u00e1 b\u011bhem prvn\u00edho roku p\u011btina pacient\u016f a t\u0159etina z\u016fst\u00e1v\u00e1 invalidn\u00ed.&#8220; Eva Dokoupilov\u00e1, l\u00e9ka\u0159ka<\/p>\n<p>Jana Fuksov\u00e1<\/p>\n<p>Mlad\u00e1 fronta DNES<\/p>\n","protected":false},"excerpt":{"rendered":"<div class=\"mh-excerpt\"><p>S \u0159\u00eddnut\u00edm kost\u00ed se ve Zl\u00ednsk\u00e9m kraji l\u00e9\u010d\u00ed p\u0159es 45 tis\u00edc lid\u00ed a jejich po\u010det se zvy\u0161uje. Nemoc p\u0159ezd\u00edvanou tich\u00fd zabij\u00e1k pom\u016f\u017ee odhalit vy\u0161et\u0159en\u00ed v <a class=\"mh-excerpt-more\" href=\"https:\/\/www.invarena.cz\/?p=26604\" title=\"\u0158\u00eddnut\u00ed kost\u00ed tr\u00e1p\u00ed v\u00edce lid\u00ed, l\u00e9ka\u0159i v kraji jej odhal\u00ed v\u010das\">[&#8230;]<\/a><\/p>\n<\/div>","protected":false},"author":1,"featured_media":0,"comment_status":"open","ping_status":"closed","sticky":false,"template":"","format":"standard","meta":{"footnotes":""},"categories":[9],"tags":[],"class_list":["post-26604","post","type-post","status-publish","format-standard","hentry","category-zpravy"],"_links":{"self":[{"href":"https:\/\/www.invarena.cz\/index.php?rest_route=\/wp\/v2\/posts\/26604","targetHints":{"allow":["GET"]}}],"collection":[{"href":"https:\/\/www.invarena.cz\/index.php?rest_route=\/wp\/v2\/posts"}],"about":[{"href":"https:\/\/www.invarena.cz\/index.php?rest_route=\/wp\/v2\/types\/post"}],"author":[{"embeddable":true,"href":"https:\/\/www.invarena.cz\/index.php?rest_route=\/wp\/v2\/users\/1"}],"replies":[{"embeddable":true,"href":"https:\/\/www.invarena.cz\/index.php?rest_route=%2Fwp%2Fv2%2Fcomments&post=26604"}],"version-history":[{"count":0,"href":"https:\/\/www.invarena.cz\/index.php?rest_route=\/wp\/v2\/posts\/26604\/revisions"}],"wp:attachment":[{"href":"https:\/\/www.invarena.cz\/index.php?rest_route=%2Fwp%2Fv2%2Fmedia&parent=26604"}],"wp:term":[{"taxonomy":"category","embeddable":true,"href":"https:\/\/www.invarena.cz\/index.php?rest_route=%2Fwp%2Fv2%2Fcategories&post=26604"},{"taxonomy":"post_tag","embeddable":true,"href":"https:\/\/www.invarena.cz\/index.php?rest_route=%2Fwp%2Fv2%2Ftags&post=26604"}],"curies":[{"name":"wp","href":"https:\/\/api.w.org\/{rel}","templated":true}]}}