{"id":26612,"date":"2016-10-26T05:59:24","date_gmt":"2016-10-26T03:59:24","guid":{"rendered":"http:\/\/www.invarena.cz\/?p=26612"},"modified":"2016-10-26T05:59:41","modified_gmt":"2016-10-26T03:59:41","slug":"maratonci-se-podeli-o-sve-zazitky-vysocina","status":"publish","type":"post","link":"https:\/\/www.invarena.cz\/?p=26612","title":{"rendered":"Maratonci se pod\u011bl\u00ed o sv\u00e9 z\u00e1\u017eitky"},"content":{"rendered":"<p>Jitka K\u0159\u00ed\u017eov\u00e1 a nevidom\u00fd Ond\u0159ej Zme\u0161kal budou v ned\u011bli v restauraci Obecn\u00e1 \u0161kola v Radost\u00edn\u011b nad Oslavou od patn\u00e1cti hodin vypr\u00e1v\u011bt na besed\u011b o tom, jak dokon\u010dili maraton po Velk\u00e9 \u010d\u00ednsk\u00e9 zdi. <\/p>\n<p><!--more--><\/p>\n<p>Lidem, kte\u0159\u00ed mu fandili, nemohl Ond\u0159ej Zme\u0161kal pohl\u00e9dnout do tv\u00e1\u0159e, ale jejich podporu c\u00edtil a sly\u0161el. Do c\u00edle dob\u011bhl po \u0161esti hodin\u00e1ch.<br \/>\n&#8222;N\u011bkdo kdysi \u0159\u00edkal, \u017ee p\u0159ek\u00e1\u017eky m\u00e1me jen ve vlastn\u00ed hlav\u011b. Cesta do \u010c\u00edny m\u011b v\u0161ak p\u0159inutila p\u0159em\u00fd\u0161let o m\u00fdch vlastn\u00edch limitech,&#8220; p\u0159ipustil Zme\u0161kal. Musel p\u0159ekonat 5 164 schod\u016f sv\u011btozn\u00e1m\u00e9 pam\u00e1tky. Ka\u017ed\u00fd z nich je nav\u00edc jin\u00fd a jinak vysok\u00fd. Situaci zt\u011b\u017eovalo i nesnesiteln\u00e9 vedro, kter\u00e9 v t\u00e9 dob\u011b v \u010c\u00edn\u011b panovalo. Zme\u0161kal, kter\u00e9mu z\u00e1vod komplikoval nav\u00edc i chyb\u011bj\u00edc\u00ed zrak, se musel spol\u00e9hat na sv\u00e9 tras\u00e9ry. To jsou lid\u00e9, kte\u0159\u00ed pom\u00e1haj\u00ed slep\u00fdm p\u0159i jejich sportovn\u00edch v\u00fdkonech. Jitka K\u0159\u00ed\u017eov\u00e1 m\u00e1 sice sv\u00e9 o\u010di v po\u0159\u00e1dku, ale u\u017e loni z\u00e1vodila na podporu nevidom\u00fdch. Letos se akce z\u00fa\u010dastnila jako tras\u00e9rka. &#8222;Sport se pro m\u011b stal drogou. Mus\u00edm ale z\u00e1\u017eitek z n\u011bj s n\u011bk\u00fdm sd\u00edlet, proto\u017ee jedin\u011b tak to m\u016f\u017ee b\u00fdt je\u0161t\u011b intenzivn\u011bj\u0161\u00ed,&#8220; vysv\u011btlila K\u0159\u00ed\u017eov\u00e1.<br \/>\nS b\u011bhem za\u010dala relativn\u011b ned\u00e1vno. &#8222;S kamar\u00e1dkou jsme si sl\u00edbily, \u017ee ka\u017ed\u00fd rok absolvujeme alespo\u0148 dva maratony v tuzemsku i v zahrani\u010d\u00ed,&#8220; \u0159ekla K\u0159\u00ed\u017eov\u00e1. Oby\u010dejn\u00e9 z\u00e1vody j\u00ed v\u0161ak p\u0159estaly sta\u010dit. &#8222;M\u00e1m r\u00e1da ty, kter\u00e9 jsou n\u011b\u010d\u00edm odli\u0161n\u00e9 nebo sv\u00fdm zp\u016fsobem extr\u00e9mn\u00ed,&#8220; dodala Jitka K\u0159\u00ed\u017eov\u00e1.<br \/>\nMaraton po Velk\u00e9 \u010d\u00ednsk\u00e9 zdi je jedn\u00edm z nejt\u011b\u017e\u0161\u00edch z\u00e1vod\u016f tohoto typu na sv\u011bt\u011b. Z\u00e1jemci budou m\u00edt dal\u0161\u00ed p\u0159\u00edle\u017eitost z\u00fa\u010dastnit se a\u017e v kv\u011btnu 2017.<\/p>\n<p>Vyso\u010dina \u2013 t\u00fdden\u00edk<\/p>\n","protected":false},"excerpt":{"rendered":"<div class=\"mh-excerpt\"><p>Jitka K\u0159\u00ed\u017eov\u00e1 a nevidom\u00fd Ond\u0159ej Zme\u0161kal budou v ned\u011bli v restauraci Obecn\u00e1 \u0161kola v Radost\u00edn\u011b nad Oslavou od patn\u00e1cti hodin vypr\u00e1v\u011bt na besed\u011b o tom, <a class=\"mh-excerpt-more\" href=\"https:\/\/www.invarena.cz\/?p=26612\" title=\"Maratonci se pod\u011bl\u00ed o sv\u00e9 z\u00e1\u017eitky\">[&#8230;]<\/a><\/p>\n<\/div>","protected":false},"author":1,"featured_media":0,"comment_status":"open","ping_status":"closed","sticky":false,"template":"","format":"standard","meta":{"footnotes":""},"categories":[9],"tags":[],"class_list":["post-26612","post","type-post","status-publish","format-standard","hentry","category-zpravy"],"_links":{"self":[{"href":"https:\/\/www.invarena.cz\/index.php?rest_route=\/wp\/v2\/posts\/26612","targetHints":{"allow":["GET"]}}],"collection":[{"href":"https:\/\/www.invarena.cz\/index.php?rest_route=\/wp\/v2\/posts"}],"about":[{"href":"https:\/\/www.invarena.cz\/index.php?rest_route=\/wp\/v2\/types\/post"}],"author":[{"embeddable":true,"href":"https:\/\/www.invarena.cz\/index.php?rest_route=\/wp\/v2\/users\/1"}],"replies":[{"embeddable":true,"href":"https:\/\/www.invarena.cz\/index.php?rest_route=%2Fwp%2Fv2%2Fcomments&post=26612"}],"version-history":[{"count":0,"href":"https:\/\/www.invarena.cz\/index.php?rest_route=\/wp\/v2\/posts\/26612\/revisions"}],"wp:attachment":[{"href":"https:\/\/www.invarena.cz\/index.php?rest_route=%2Fwp%2Fv2%2Fmedia&parent=26612"}],"wp:term":[{"taxonomy":"category","embeddable":true,"href":"https:\/\/www.invarena.cz\/index.php?rest_route=%2Fwp%2Fv2%2Fcategories&post=26612"},{"taxonomy":"post_tag","embeddable":true,"href":"https:\/\/www.invarena.cz\/index.php?rest_route=%2Fwp%2Fv2%2Ftags&post=26612"}],"curies":[{"name":"wp","href":"https:\/\/api.w.org\/{rel}","templated":true}]}}