{"id":26623,"date":"2016-10-24T13:42:26","date_gmt":"2016-10-24T11:42:26","guid":{"rendered":"http:\/\/www.invarena.cz\/?p=26623"},"modified":"2016-10-24T13:42:26","modified_gmt":"2016-10-24T11:42:26","slug":"tobiaska-podpori-kalendar","status":"publish","type":"post","link":"https:\/\/www.invarena.cz\/?p=26623","title":{"rendered":"Tobi\u00e1\u0161ka podpo\u0159\u00ed kalend\u00e1\u0159"},"content":{"rendered":"<p><strong>Lid\u00e9, kte\u0159\u00ed cht\u011bj\u00ed pomoci t\u011b\u017ece posti\u017een\u00e9mu Tobi\u00e1\u0161kovi z Rumburku, si mohou koupit charitativn\u00ed kalend\u00e1\u0159 za 199 korun<\/strong> <!--more--><\/p>\n<p>Rumburk \u2013 Nad t\u00edm p\u0159\u00edb\u011bhem mraz\u00ed. Je\u0161t\u011b n\u011bkolik t\u00fddn\u016f p\u0159edt\u00edm, ne\u017e se m\u011bl Tobi\u00e1\u0161ek z Rumburku narodit, bylo v\u0161echno v po\u0159\u00e1dku. P\u011bt t\u00fddn\u016f p\u0159ed ofici\u00e1ln\u00edm term\u00ednem se ale Tobi\u00e1\u0161ek narodil c\u00edsa\u0159sk\u00fdm \u0159ezem.<\/p>\n<p>Musel, jeho maminka m\u011bla \u0161patn\u00e9 pr\u016ftoky v pupe\u010dn\u00edku. Po narozen\u00ed se uk\u00e1zalo, \u017ee trp\u00ed d\u011btskou mozkovou obrnou. Bez pomoci se neobejde.<\/p>\n<p>Jeho p\u0159\u00edb\u011bh zaujal Lenku Krejzovou Pun\u010doch\u00e1\u0159ovou, kter\u00e1 se rozhodla, \u017ee Tobi\u00e1\u0161kovi pom\u016f\u017ee. Rozhodla se proto vydat kalend\u00e1\u0159 na rok 2017, jeho\u017e v\u00fdt\u011b\u017eek p\u016fjde pr\u00e1v\u011b na pomoc Tobi\u00e1\u0161kovi.<\/p>\n<p>&#8222;V prvn\u00ed v\u00e1rce se jich objednalo sedmdes\u00e1t kus\u016f a v\u011b\u0159\u00edm, \u017ee minim\u00e1ln\u011b t\u0159icet se jich je\u0161t\u011b objedn\u00e1. N\u011bkte\u0159\u00ed lid\u00e9 d\u00e1vaj\u00ed pen\u00edze i bez kalend\u00e1\u0159e,&#8220; uvedla Lenka, kter\u00e1 ji\u017e v minul\u00e9m roce pomohla nap\u0159\u00edklad Terezce Vom\u00e1\u010dkov\u00e9; tehdy se j\u00ed na pomoc poda\u0159ilo z\u00edskat 17 tis\u00edc korun.<\/p>\n<p>Kalend\u00e1\u0159 pro Tobi\u00e1\u0161ka, kter\u00fd Lenka tak\u00e9 sama nafotila, stoj\u00ed 199 korun a lid\u00e9 si ho mohou u Lenky objednat bu\u010f tak, \u017ee j\u00ed nap\u00ed\u0161ou na facebooku, nebo se j\u00ed ozvou na jej\u00ed e-mail lenkapuncocharova@seznam.cz.<\/p>\n<p>Kalend\u00e1\u0159e jsou ji\u017e k dispozici, k p\u0159ed\u00e1n\u00ed pen\u011bz by pak mohlo doj\u00edt v lednu nebo v \u00fanoru p\u0159\u00ed\u0161t\u00edho roku.<\/p>\n<p>Tobi\u00e1\u0161ek je ur\u010dit\u011b vyu\u017eije. Nejen, \u017ee od narozen\u00ed mus\u00ed ka\u017ed\u00fd den doma cvi\u010dit, ale tak\u00e9 ka\u017ed\u00fd rok jezd\u00ed do l\u00e1zn\u00ed, jednou t\u00fddn\u011b podstupuje kraniosakr\u00e1ln\u00ed terapii. Nav\u0161t\u011bvuje baz\u00e9n a v\u00ed\u0159ivku.<\/p>\n<p>D\u00edky rehabilitac\u00edm m\u00e1 \u0161anci na zlep\u0161en\u00ed sv\u00e9ho stavu. I proto rodina pot\u0159ebuje pen\u00edze.<\/p>\n<p>Tobi\u00e1\u0161ek m\u00e1 nav\u00edc i probl\u00e9my se zrakem, mus\u00ed jezdit na speci\u00e1ln\u00ed o\u010dn\u00ed rehabilitace. Ji\u017e v roce a p\u016fl musel na operaci obou o\u010d\u00ed a rodiny v\u011b\u0159\u00ed, \u017ee d\u00edky cvi\u010den\u00ed u\u017e nebude na \u017e\u00e1dnou muset j\u00edt.<\/p>\n<p>I p\u0159es sv\u016fj t\u011b\u017ek\u00fd osud je Tobi\u00e1\u0161ek vesel\u00fd, sna\u017eiv\u00fd a r\u00e1d zp\u00edv\u00e1 a pov\u00edd\u00e1 si.<\/p>\n<p>Pomoc t\u011b\u017ece posti\u017een\u00fdm d\u011btem od dobrovoln\u00edk\u016f nen\u00ed na D\u011b\u010d\u00ednsku v posledn\u00edch letech ni\u010d\u00edm v\u00fdjime\u010dn\u00e1.<\/p>\n<p>V mnoha p\u0159\u00edpadech za\u0161ti\u0165uj\u00ed pomoc nap\u0159\u00edklad And\u011bl\u00e9 bez k\u0159\u00eddel, d\u011btem pom\u00e1haj\u00ed tak\u00e9 organiz\u00e1to\u0159i r\u016fzn\u00fdch akc\u00ed, nap\u0159\u00edklad hudebn\u00edho festivalu Ludv\u00edkovick\u00fd R\u016f\u017e\u00e1k, kde letos lid\u00e9 vyb\u00edrali pen\u00edze na posti\u017eenou Johanku z Verne\u0159ic, nebo Rockfestu v R\u016f\u017eov\u00e9, jeho\u017e leto\u0161n\u00ed ro\u010dn\u00edk pomohl Viktorce.<\/p>\n<p>LUD\u011aK ST\u00cdNIL<br \/>\nD\u011b\u010d\u00ednsk\u00fd den\u00edk<br \/>\n<a href=\"http:\/\/www.decinsky.denik.cz\/\">http:\/\/www.decinsky.denik.cz\/<\/a><\/p>\n","protected":false},"excerpt":{"rendered":"<div class=\"mh-excerpt\"><p>Lid\u00e9, kte\u0159\u00ed cht\u011bj\u00ed pomoci t\u011b\u017ece posti\u017een\u00e9mu Tobi\u00e1\u0161kovi z Rumburku, si mohou koupit charitativn\u00ed kalend\u00e1\u0159 za 199 korun<\/p>\n<\/div>","protected":false},"author":1,"featured_media":0,"comment_status":"open","ping_status":"closed","sticky":false,"template":"","format":"standard","meta":{"footnotes":""},"categories":[9],"tags":[],"class_list":["post-26623","post","type-post","status-publish","format-standard","hentry","category-zpravy"],"_links":{"self":[{"href":"https:\/\/www.invarena.cz\/index.php?rest_route=\/wp\/v2\/posts\/26623","targetHints":{"allow":["GET"]}}],"collection":[{"href":"https:\/\/www.invarena.cz\/index.php?rest_route=\/wp\/v2\/posts"}],"about":[{"href":"https:\/\/www.invarena.cz\/index.php?rest_route=\/wp\/v2\/types\/post"}],"author":[{"embeddable":true,"href":"https:\/\/www.invarena.cz\/index.php?rest_route=\/wp\/v2\/users\/1"}],"replies":[{"embeddable":true,"href":"https:\/\/www.invarena.cz\/index.php?rest_route=%2Fwp%2Fv2%2Fcomments&post=26623"}],"version-history":[{"count":0,"href":"https:\/\/www.invarena.cz\/index.php?rest_route=\/wp\/v2\/posts\/26623\/revisions"}],"wp:attachment":[{"href":"https:\/\/www.invarena.cz\/index.php?rest_route=%2Fwp%2Fv2%2Fmedia&parent=26623"}],"wp:term":[{"taxonomy":"category","embeddable":true,"href":"https:\/\/www.invarena.cz\/index.php?rest_route=%2Fwp%2Fv2%2Fcategories&post=26623"},{"taxonomy":"post_tag","embeddable":true,"href":"https:\/\/www.invarena.cz\/index.php?rest_route=%2Fwp%2Fv2%2Ftags&post=26623"}],"curies":[{"name":"wp","href":"https:\/\/api.w.org\/{rel}","templated":true}]}}