{"id":26674,"date":"2016-12-26T11:30:26","date_gmt":"2016-12-26T10:30:26","guid":{"rendered":"http:\/\/www.invarena.cz\/?p=26674"},"modified":"2016-12-26T11:30:26","modified_gmt":"2016-12-26T10:30:26","slug":"v-sedle-kone-uz-lide-nevidi-vozickarku-ale-krasnou-divku","status":"publish","type":"post","link":"https:\/\/www.invarena.cz\/?p=26674","title":{"rendered":"&#8222;V sedle kon\u011b u\u017e lid\u00e9 nevid\u00ed voz\u00ed\u010dk\u00e1\u0159ku, ale kr\u00e1snou d\u00edvku&#8220;"},"content":{"rendered":"<p>Do bludovick\u00e9 farmy Bludi\u010dka m\u00ed\u0159\u00ed za zv\u00ed\u0159aty nejen posti\u017een\u00ed, ale i d\u011bti. &#8222;P\u0159ipom\u00edn\u00e1me lidem, jak je\u0161t\u011b ned\u00e1vno vypadal b\u011b\u017en\u00fd \u017eivot na venkov\u011b,&#8220; \u0159\u00edk\u00e1 majitelka farmy Gabriela \u017ditn\u00edkov\u00e1.<!--more--><\/p>\n<p>BLUDOVICE \/ Farma Bludi\u010dka, kterou najdete v Bludovic\u00edch u Nov\u00e9ho Ji\u010d\u00edna, nen\u00ed jen tak oby\u010dejnou farmou. U\u017e deset let funguje jako m\u00edsto, kam m\u016f\u017ee chodit \u0161irok\u00e1 ve\u0159ejnost. D\u011bti, aby poznaly, jak to kdysi chodilo na venkov\u011b, \u0161kol\u00e1ci, aby se sezn\u00e1mili s dom\u00e1c\u00edmi zv\u00ed\u0159aty, a v neposledn\u00ed \u0159ad\u011b posti\u017een\u00ed, pro n\u011b\u017e je pobyt na farm\u011b ur\u010ditou formou terapie. Du\u0161\u00ed Bludi\u010dky, jak se z\u00e1rove\u0148 jmenuje ob\u010dansk\u00e9 sdru\u017een\u00ed, kter\u00e9 p\u0159i farm\u011b funguje, je Gabriela \u017ditn\u00edkov\u00e1. &#8222;V\u0161e za\u010dalo v m\u00e9m d\u011btstv\u00ed, kdy tady hospoda\u0159il d\u011bda s m\u00fdm t\u00e1tou a j\u00e1 jsem tu tr\u00e1vila ka\u017ed\u00fd v\u00edkend a ka\u017ed\u00e9 pr\u00e1zdniny a pozn\u00e1vala jsem na vlastn\u00ed k\u016f\u017ei \u017eivot na venkov\u011b,&#8220; vzpom\u00edn\u00e1 na za\u010d\u00e1tku rozhovoru \u017ditn\u00edkov\u00e1.<\/p>\n<p>Jak se vlastn\u011b stalo, \u017ee m\u00edsto b\u011b\u017en\u00e9 farmy m\u00e1te farmu, kter\u00e1 je otev\u0159en\u00e1 posti\u017een\u00fdm, d\u011btem i dosp\u011bl\u00fdm?<\/p>\n<p>D\u011btstv\u00ed str\u00e1ven\u00e9 s d\u011bdou a tat\u00ednkem na farm\u011b mne nasm\u011brovalo ke studiu st\u0159edn\u00ed a posl\u00e9ze vysok\u00e9 zem\u011bd\u011blsk\u00e9 \u0161koly. Po studi\u00edch jsem n\u011bjakou dobu cestovala, ale pak jsme se sem s man\u017eelem vr\u00e1tili a za\u010dali pl\u00e1novat, co d\u00e1le. Odmali\u010dka jsme tady chovali kon\u011b a celou dobu se kolem nich pohybovaly m\u00edstn\u00ed d\u011bti, kter\u00e9 cht\u011bly jezdit. Na p\u0159elomu let 1999 a 2000 tak vznikl jezdeck\u00fd odd\u00edl Bludi\u010dka pro d\u011bti ve v\u011bku mezi 10 a\u017e 15 lety. V roce 2006 ale jeho \u010dinnost skon\u010dila a j\u00e1 jsem se znovu rozhodovala, kudy j\u00edt d\u00e1le. Tehdy se na n\u00e1s obr\u00e1tili z denn\u00edho stacion\u00e1\u0159e Archa z Hranic, kde pe\u010duj\u00ed o posti\u017een\u00e9 dosp\u011bl\u00e9 osoby, \u017ee hledaj\u00ed statek, kam by se sv\u00fdmi klienty mohli chodit za zv\u00ed\u0159aty a n\u011bjakou formou pro n\u011b naj\u00edt zp\u016fsob, jak se d\u00e1le rozv\u00edjet.<\/p>\n<p>T\u00edm to tedy cel\u00e9 za\u010dalo?<\/p>\n<p>Byl to obrovsk\u00fd impulz, po prvn\u00edch setk\u00e1n\u00edch jsem zjistila, \u017ee je to cesta, kam bych se mohla vydat a kter\u00e1 by mne napl\u0148ovala a obohacovala. Tehdy za\u010dali p\u0159ich\u00e1zet nejen lid\u00e9 z Archy, ale t\u0159eba m\u016fj spolu\u017e\u00e1k, kter\u00fd po \u00farazu v d\u011btstv\u00ed z\u016fstal na voz\u00edku, a d\u00edky tomu, \u017ee byla spu\u0161t\u011bna bezbari\u00e9rov\u00e1 doprava z Nov\u00e9ho Ji\u010d\u00edna, sem mohl poprv\u00e9 p\u0159ijet na n\u00e1v\u0161t\u011bvu. Do toho se za\u010dali objevovat i m\u00ed p\u0159\u00e1tel\u00e9 s mal\u00fdmi d\u011btmi, \u017ee cht\u011bj\u00ed, aby jejich d\u011bti vid\u011bly dom\u00e1c\u00ed zv\u00ed\u0159ata, proto\u017ee to byla doba, kdy dom\u00e1c\u00ed zv\u00ed\u0159ata za\u010dala z venkova postupn\u011b mizet. Dal\u0161\u00ed shodou okolnost\u00ed se oz\u00fdvaly u\u010ditelky ze \u0161kol, jestli bychom nemohli ud\u011blat v\u00fdchovn\u00fd program pro \u0161koln\u00ed d\u011bti. To v\u0161e se n\u011bjak propojilo a s man\u017eelem jsme si \u0159ekli, \u017ee to je cesta otev\u0159\u00edt na\u0161i farmu t\u011bmto program\u016fm pro \u0161ir\u0161\u00ed ve\u0159ejnost. K tomu se p\u0159ipojil impulz na\u0161ich p\u0159\u00e1tel, abychom zalo\u017eili ob\u010dansk\u00e9 sdru\u017een\u00ed, proto\u017ee sami bychom neufinancovali n\u011bkter\u00e9 v\u011bci jako n\u00e1jezdov\u00e9 rampy, bezbari\u00e9rov\u00e9 z\u00e1chody a dal\u0161\u00ed pot\u0159ebn\u00e9 v\u011bci, aby se zde n\u00e1v\u0161t\u011bvn\u00edci mohli bezpe\u010dn\u011b pohybovat. Napsala jsem tehdy n\u011bkolik projekt\u016f a opravdu se n\u00e1m poda\u0159ilo pen\u00edze z\u00edskat. Tak\u017ee u\u017e se sem mohou lid\u00e9 s ko\u010d\u00e1rky, posti\u017een\u00ed na voz\u00edku a dal\u0161\u00ed bez probl\u00e9m\u016f dostat.<\/p>\n<p>Kdy\u017e sem lid\u00e9 z Archy p\u0159i\u0161li poprv\u00e9, u\u017e jste v\u011bd\u011bli, co s posti\u017een\u00fdmi d\u011blat? Nebo jste se od sebe postupn\u011b u\u010dili?<\/p>\n<p>Vz\u00e1jemn\u011b jsme se u\u010dili. Za\u010d\u00e1tek byl hodn\u011b hektick\u00fd. Pamatuji, jak jsme tady poprv\u00e9 sed\u011bli s vedouc\u00ed centra Archa Mark\u00e9tou Taba\u010dkovou a ona mi \u0159\u00edkala: J\u00e1 tady c\u00edt\u00edm pozitivn\u00ed atmosf\u00e9ru, v\u011b\u0159\u00edm, \u017ee to p\u016fjde. Pot\u00e9 za\u010dali chodit velmi intenzivn\u011b, skoro ka\u017ed\u00fd t\u00fdden, j\u00e1 jsem v sob\u011b objevila schopnost b\u00fdt s posti\u017een\u00fdmi lidmi v naprost\u00e9 p\u0159irozenosti. Asi je to t\u00edm, \u017ee jsme vyr\u016fstali s posti\u017eenou sest\u0159enic\u00ed, kterou si rodi\u010de nechali doma, co\u017e v t\u00e9 dob\u011b nebylo b\u011b\u017en\u00e9. Nau\u010dili jsme se ji tak vn\u00edmat bez jak\u00fdchkoli p\u0159edsudk\u016f. Postupn\u011b jsem si dod\u011blala pedagogick\u00e9 vzd\u011bl\u00e1n\u00ed, abych mohla pracovat s d\u011btmi, ale nejv\u00edce mi dala vlastn\u00ed zku\u0161enost. D\u00edky tomu dok\u00e1\u017eu v\u011bci p\u0159ipravit tak, aby byly bezpe\u010dn\u00e9 a p\u0159\u00ednosn\u00e9 pro v\u0161echny strany, pro d\u011bti, posti\u017een\u00e9 i pro zv\u00ed\u0159ata.<\/p>\n<p>&#8211; A jak vn\u00edmaj\u00ed terapii se zv\u00ed\u0159aty posti\u017een\u00ed? Co jim to p\u0159in\u00e1\u0161\u00ed?<\/p>\n<p>Kdy\u017e tady m\u00e1m studenty na praxi, schv\u00e1ln\u011b se jich pt\u00e1m, co je napadne jako prvn\u00ed, kdy\u017e uvid\u00ed voz\u00ed\u010dk\u00e1\u0159e. N\u011bkdo \u0159\u00edk\u00e1, \u017ee c\u00edt\u00ed l\u00edtost, jin\u00fd se pt\u00e1, co se mu mohlo st\u00e1t. A j\u00e1 se jich pt\u00e1m: a v\u0161imli jste si t\u0159eba, \u017ee ta voz\u00ed\u010dk\u00e1\u0159ka m\u00e1 kr\u00e1sn\u00e9 o\u010di nebo kr\u00e1sn\u00e9 vlasy? Jezdila k n\u00e1m nap\u0159\u00edklad d\u00edvka, kter\u00e1 na voz\u00ed\u010dku z\u016fstala po mozkov\u00e9 obrn\u011b. Kdy\u017e sedla na kon\u011b, u\u017e to najednou nebyla voz\u00ed\u010dk\u00e1\u0159ka, ale kr\u00e1sn\u00e1 d\u00edvka na koni. Tak ji vn\u00edmali lid\u00e9 a ona kone\u010dn\u011b mohla pro\u017e\u00edvat sv\u011bt jinak ne\u017e se stigmatem voz\u00ed\u010dk\u00e1\u0159ky. A tak je to se v\u0161emi. Dal\u0161\u00ed v\u011bc je, \u017ee voz\u00ed\u010dk\u00e1\u0159i se cel\u00fd sv\u016fj \u017eivot d\u00edvaj\u00ed na lidi zezdola, z pod\u0159\u00edzen\u00e9 polohy. Na koni je to najednou naopak, nejsou to oni, kdo jsou dole, ale ti ostatn\u00ed. To je pro jejich psychiku velmi d\u016fle\u017eit\u00e9. A to jsem nezm\u00ednila zdravotn\u00ed dopady. Nap\u0159\u00edklad, \u017ee p\u00e1te\u0159 voz\u00ed\u010dk\u00e1\u0159\u016f p\u0159i j\u00edzd\u011b na koni za\u017e\u00edv\u00e1 prakticky stejn\u00e9 zat\u00ed\u017een\u00ed jako p\u0159i ch\u016fzi, u\u017e to nen\u00ed ta postupn\u00e1 degenerace ze st\u00e1l\u00e9ho sezen\u00ed ve voz\u00ed\u010dku.<\/p>\n<p>&#8211; Chod\u00ed sem i rodiny s d\u011btmi. Co je u v\u00e1s \u010dek\u00e1?<\/p>\n<p>Nechceme b\u00fdt \u017e\u00e1dn\u00fd lunapark, aby sem lid\u00e9 p\u0159i\u0161li jen se povozit na kon\u00edch nebo se jen p\u0159i\u0161li na zv\u00ed\u0159ata pod\u00edvat. Tak\u017ee kdy\u017e m\u00e1me aktivity pro rodi\u010de s d\u011btmi, zapojujeme je do b\u011b\u017en\u00fdch \u010dinnost\u00ed, podle toho, jak to zvl\u00e1dnou. Mohou krmit kr\u00e1l\u00edky, hledat vaj\u00ed\u010dka v kurn\u00edku, vozit d\u0159evo na kole\u010dk\u00e1ch, zametat dv\u016fr a dal\u0161\u00ed v\u011bci. Nech\u00e1v\u00e1me rodi\u010d\u016fm s d\u011btmi \u010das, aby to mohli pro\u017e\u00edt spolu. A lid\u00e9 se k n\u00e1m vrac\u00ed, dovedou sv\u00e9 kamar\u00e1dy, u\u017e jim sami uk\u00e1\u017eou, co se m\u016f\u017ee d\u011blat, ostatn\u00ed se brzy sami chytnou. To vlastn\u00ed zapojen\u00ed opravdu funguje. Proto\u017ee dne\u0161n\u00ed sv\u011bt je hodn\u011b zalo\u017een na tom, \u017ee lid\u00e9 n\u011bkam p\u0159ijdou a \u0159eknou: Bavte m\u011b. J\u00e1, kdy\u017e jsem tady vyr\u016fstala, tak jsem musela b\u00fdt \u00fa\u010dastn\u00e1 na v\u0161ech \u010dinnostech, co se tady na farm\u011b d\u011bly. Nebylo to o tom, po\u010dkej, sedni si, j\u00e1 to ud\u011bl\u00e1m, ale ud\u011bl\u00e1me to spolu. Dnes p\u0159iveze maminka d\u00edt\u011b na p\u0159\u00edm\u011bstsk\u00fd t\u00e1bor, d\u00edt\u011b sama vysvl\u00e9k\u00e1, obl\u00e9k\u00e1, vytahuje mu v\u011bci z bat\u016f\u017eku, a j\u00e1 j\u00ed mus\u00edm \u0159\u00edct, a\u0165 to d\u00edt\u011b nech\u00e1, \u017ee to mus\u00ed zvl\u00e1dnout samo, proto\u017ee tady bude pracovat, bude sou\u010d\u00e1st\u00ed d\u011bn\u00ed a nikdo nebude m\u00edt \u010das ho obl\u00e9kat.<\/p>\n<p>&#8211; Pro dne\u0161n\u00ed mladou generaci za\u010d\u00ednaj\u00ed b\u00fdt ciz\u00ed a nezn\u00e1m\u00e9 v\u011bci, kter\u00e9 byly je\u0161t\u011b p\u0159ed dvaceti t\u0159iceti lety b\u011b\u017enou sou\u010d\u00e1st\u00ed \u017eivota na vesnici. Pozorujete za ty roky, co tuto pr\u00e1ci d\u011bl\u00e1te, \u017ee se ta propast roz\u0161i\u0159uje?<\/p>\n<p>Ano, kdy\u017e zapo\u010d\u00edt\u00e1m pr\u00e1ci v jezdeck\u00e9m odd\u00edlu, tak to d\u011bl\u00e1m skoro dvacet let. A vid\u00edm to zcela jasn\u011b. Dokonce kdy\u017e p\u0159ijdou praktikanti ze zem\u011bd\u011blsk\u00e9 \u0161koly, tak nev\u00ed, co je seno a co je sl\u00e1ma, z \u010deho se d\u011blaj\u00ed. A jejich u\u010ditel\u00e9 to ani nev\u00ed, \u017ee to jejich studenti neznaj\u00ed, proto\u017ee si mysl\u00ed, \u017ee je to samoz\u0159ejm\u00e9. Ale jak m\u016f\u017ee mlad\u00e1 generace v\u011bd\u011bt, \u017ee se su\u0161\u00ed seno, proto\u017ee dnes se tr\u00e1va sek\u00e1 seka\u010dkou a oni ani nev\u00ed, \u017ee ta tr\u00e1va m\u016f\u017ee vyr\u016fst. Vesnice se prom\u011bnily, nap\u0159\u00edklad zahrady na vesnic\u00edch. U\u017e tam nejsou ovocn\u00e9 sady, ale baz\u00e9ny, grilovac\u00ed alt\u00e1nky a trampol\u00edny. O zv\u00ed\u0159atech v\u016fbec nemluv\u00edm. Dnes zoologick\u00e9 zahrady zav\u00e1d\u011bj\u00ed koutky s dom\u00e1c\u00edmi zv\u00ed\u0159aty, co\u017e bylo d\u0159\u00edve nemysliteln\u00e9. Kdysi se jezdilo do zoo za exotick\u00fdmi zv\u00ed\u0159aty, kr\u00e1l\u00edky, prasata a kr\u00e1vy m\u011bli lid\u00e9 doma. Souvis\u00ed to i s t\u00edm, \u017ee venkov u\u017e v jist\u00e9m smyslu dlouho za\u017e\u00edv\u00e1 n\u011bco, \u010demu se \u0159\u00edk\u00e1 imigra\u010dn\u00ed krize.<\/p>\n<p>&#8211; Co t\u00edm mysl\u00edte?<\/p>\n<p>Tradi\u010dn\u00ed venkovsk\u00fd \u017eivot se vytr\u00e1c\u00ed i kv\u016fli tomu, \u017ee se na vesnice st\u011bhuj\u00ed lid\u00e9 z m\u011bsta. A najednou jim vad\u00ed, \u017ee v noci \u0161t\u011bk\u00e1 pes, \u017ee ovc\u00edm nebo krav\u00e1m zvon\u00ed zvonce, \u017ee n\u011bkde smrd\u00ed hnoji\u0161t\u011b. St\u011b\u017euj\u00ed si na \u00fa\u0159adech a m\u00edstn\u00ed lid\u00e9 jim mus\u00ed ustupovat.<\/p>\n<p>&#8211; A v\u00e1m pr\u00e1ce v Bludi\u010dce d\u00e1v\u00e1 co?<\/p>\n<p>Na\u0161la jsem pr\u00e1ci, kter\u00e1 mne napl\u0148uje. Vyhovuje to i m\u00e9 p\u0159edstav\u011b o farma\u0159en\u00ed, kter\u00e1 nebyla o tom, jen n\u011bjak\u00e9 zv\u00ed\u0159e odchovat a prodat. Vz\u00e1jemn\u00e1 vazba s lidmi, kte\u0159\u00ed sem chod\u00ed, mi pak pomohla p\u0159ekonat i r\u016fzn\u00e9 krize a chv\u00edle, kdy to bylo t\u011b\u017ek\u00e9, n\u00e1ro\u010dn\u00e9 a vy\u010derp\u00e1vaj\u00edc\u00ed. Nejhor\u0161\u00ed byl rok 2009, kdy do Bludovic p\u0159i\u0161ly povodn\u011b a kdy jsme mysleli, \u017ee na\u0161i \u010dinnost budeme muset ukon\u010dit. M\u011bli jsme velk\u00e9 osobn\u00ed i finan\u010dn\u00ed probl\u00e9my, cel\u00fd region byl kv\u016fli \u0161kod\u00e1m, kter\u00e9 voda nap\u00e1chala, hodn\u011b pochmurn\u00fd a smutn\u00fd. P\u0159itom my jsme z\u00e1visl\u00ed na dobr\u00e9 atmosf\u00e9\u0159e, proto\u017ee lid\u00e9 k n\u00e1m v\u011bt\u0161inou jezd\u00ed spravit si n\u00e1ladu. Ale na\u0161i p\u0159\u00edznivci st\u00e1li p\u0159i n\u00e1s i v t\u011bchto t\u011b\u017ek\u00fdch chv\u00edl\u00edch a \u0159\u00edkali, \u017ee na\u0161e pr\u00e1ce m\u00e1 smysl, a\u0165 to nevzd\u00e1v\u00e1me, a to n\u00e1m velmi pomohlo.<\/p>\n<p>Vesnice se prom\u011bnily, nap\u0159\u00edklad zahrady na vesnic\u00edch. U\u017e tam nejsou ovocn\u00e9 sady, ale baz\u00e9ny, grilovac\u00ed alt\u00e1nky a trampol\u00edny.<\/p>\n<p>MARTIN PJENTAK<br \/>\n5plus2<\/p>\n","protected":false},"excerpt":{"rendered":"<div class=\"mh-excerpt\"><p>Do bludovick\u00e9 farmy Bludi\u010dka m\u00ed\u0159\u00ed za zv\u00ed\u0159aty nejen posti\u017een\u00ed, ale i d\u011bti. &#8222;P\u0159ipom\u00edn\u00e1me lidem, jak je\u0161t\u011b ned\u00e1vno vypadal b\u011b\u017en\u00fd \u017eivot na venkov\u011b,&#8220; \u0159\u00edk\u00e1 majitelka farmy <a class=\"mh-excerpt-more\" href=\"https:\/\/www.invarena.cz\/?p=26674\" title=\"&#8222;V sedle kon\u011b u\u017e lid\u00e9 nevid\u00ed voz\u00ed\u010dk\u00e1\u0159ku, ale kr\u00e1snou d\u00edvku&#8220;\">[&#8230;]<\/a><\/p>\n<\/div>","protected":false},"author":1,"featured_media":20410,"comment_status":"open","ping_status":"closed","sticky":false,"template":"","format":"standard","meta":{"footnotes":""},"categories":[9],"tags":[],"class_list":["post-26674","post","type-post","status-publish","format-standard","has-post-thumbnail","hentry","category-zpravy"],"_links":{"self":[{"href":"https:\/\/www.invarena.cz\/index.php?rest_route=\/wp\/v2\/posts\/26674","targetHints":{"allow":["GET"]}}],"collection":[{"href":"https:\/\/www.invarena.cz\/index.php?rest_route=\/wp\/v2\/posts"}],"about":[{"href":"https:\/\/www.invarena.cz\/index.php?rest_route=\/wp\/v2\/types\/post"}],"author":[{"embeddable":true,"href":"https:\/\/www.invarena.cz\/index.php?rest_route=\/wp\/v2\/users\/1"}],"replies":[{"embeddable":true,"href":"https:\/\/www.invarena.cz\/index.php?rest_route=%2Fwp%2Fv2%2Fcomments&post=26674"}],"version-history":[{"count":0,"href":"https:\/\/www.invarena.cz\/index.php?rest_route=\/wp\/v2\/posts\/26674\/revisions"}],"wp:featuredmedia":[{"embeddable":true,"href":"https:\/\/www.invarena.cz\/index.php?rest_route=\/wp\/v2\/media\/20410"}],"wp:attachment":[{"href":"https:\/\/www.invarena.cz\/index.php?rest_route=%2Fwp%2Fv2%2Fmedia&parent=26674"}],"wp:term":[{"taxonomy":"category","embeddable":true,"href":"https:\/\/www.invarena.cz\/index.php?rest_route=%2Fwp%2Fv2%2Fcategories&post=26674"},{"taxonomy":"post_tag","embeddable":true,"href":"https:\/\/www.invarena.cz\/index.php?rest_route=%2Fwp%2Fv2%2Ftags&post=26674"}],"curies":[{"name":"wp","href":"https:\/\/api.w.org\/{rel}","templated":true}]}}