{"id":26707,"date":"2016-12-25T11:05:26","date_gmt":"2016-12-25T10:05:26","guid":{"rendered":"http:\/\/www.invarena.cz\/?p=26707"},"modified":"2016-12-25T11:05:26","modified_gmt":"2016-12-25T10:05:26","slug":"dalekohledem-se-podivaji-i-vozickari","status":"publish","type":"post","link":"https:\/\/www.invarena.cz\/?p=26707","title":{"rendered":"Dalekohledem se pod\u00edvaj\u00ed i voz\u00ed\u010dk\u00e1\u0159i"},"content":{"rendered":"<p>Hv\u011bzd\u00e1rna v \u010e\u00e1blic\u00edch, kter\u00e1 letos slav\u00ed 60 let od sv\u00e9ho vzniku, schov\u00e1v\u00e1 pod svou kopul\u00ed evropsk\u00fd unik\u00e1t.<!--more--><\/p>\n<p>Jako v\u016fbec prvn\u00ed v \u010cesk\u00e9 republice, ale i v Evrop\u011b nab\u00edz\u00ed voz\u00ed\u010dk\u00e1\u0159\u016fm nov\u011b \u0161anci pod\u00edvat se na hv\u011bzdy a planety velk\u00fdm astronomick\u00fdm dalekohledem. Origin\u00e1ln\u00ed \u0159e\u0161en\u00ed maj\u00ed na sv\u011bdom\u00ed odborn\u00edci z pra\u017esk\u00e9ho planet\u00e1ria a hv\u011bzd\u00e1rny.<br \/>\n&#8222;Je norm\u00e1ln\u00ed, \u017ee u b\u011b\u017en\u00e9ho dalekohledu prob\u00edh\u00e1 pozorov\u00e1n\u00ed ze sch\u016fdk\u016f nebo \u017eeb\u0159\u00edku. To v p\u0159\u00edpad\u011b voz\u00ed\u010dk\u00e1\u0159\u016f nen\u00ed samoz\u0159ejm\u011b mo\u017en\u00e9, vyu\u017eili jsme proto toho, \u017ee v \u010f\u00e1blick\u00e9 hv\u011bzd\u00e1rn\u011b je instalov\u00e1n dalekohled se speci\u00e1ln\u00ed coud\u00e9 mont\u00e1\u017e\u00ed. D\u00edky vylep\u0161en\u00fdm prvk\u016fm p\u016fvodn\u00edho dalekohledu tak nyn\u00ed umo\u017en\u00ed pozorov\u00e1n\u00ed oblohy i z invalidn\u00edho voz\u00edku bez nutnosti pohybu,&#8220; vysv\u011btlil z\u00e1stupce \u0159editele Hv\u011bzd\u00e1rny a planet\u00e1ria hl. m\u011bsta Prahy Jan \u0160ifner.<br \/>\nAby m\u011bl voz\u00ed\u010dk\u00e1\u0159 \u0161anci dostat se a\u017e k dalekohledu, musela b\u00fdt rovn\u011b\u017e do relativn\u011b mal\u00e9ho prostoru kopule hv\u011bzd\u00e1rny namontov\u00e1na zdvi\u017en\u00e1 plo\u0161ina. N\u00e1klady na \u00fapravy proto vy\u0161ly na zhruba 2,5 mili\u00f3nu korun. V budoucnu se m\u00e1 do\u010dkat oprav i cesta ke hv\u011bzd\u00e1rn\u011b, kter\u00e1 je v sou\u010dasn\u00e9 dob\u011b ve \u0161patn\u00e9m stavu. Pro voz\u00ed\u010dk\u00e1\u0159e je proto nejjednodu\u0161\u0161\u00ed dojet sem automobilem. Pozorov\u00e1n\u00ed oblohy na vlastn\u00ed k\u016f\u017ei si jako jeden z prvn\u00edch voz\u00ed\u010dk\u00e1\u0159\u016f vyzkou\u0161el p\u0159edseda N\u00e1rodn\u00ed rady osob se zdravotn\u00edm posti\u017een\u00edm V\u00e1clav Kr\u00e1sa. Ten je podle sv\u00fdch slov zap\u00e1len\u00fd astronom amat\u00e9r.<br \/>\n&#8222;Je to z\u00e1\u017eitek. \u00dapln\u011b jin\u00fd pocit, ne\u017e kdy\u017e si planety nebo hv\u011bzdy prohl\u00ed\u017e\u00edte pouze v knih\u00e1ch. Ur\u010dit\u011b zpr\u00e1vu o t\u00e9to jedine\u010dn\u00e9 mo\u017enosti d\u00e1me na na\u0161e webov\u00e9 str\u00e1nky,&#8220; \u0159ekl Kr\u00e1sa. Po\u010d\u00edt\u00e1, \u017ee o n\u00e1v\u0161t\u011bvu \u010f\u00e1blick\u00e9 hv\u011bzd\u00e1rny bude mezi handicapovan\u00fdmi lidmi velk\u00fd z\u00e1jem. Odezvu \u010dek\u00e1 i v zahrani\u010d\u00ed.<br \/>\nKrom\u011b \u010f\u00e1blick\u00e9 hv\u011bzd\u00e1rny maj\u00ed voz\u00ed\u010dk\u00e1\u0159i \u0161anci nav\u0161t\u00edvit tak\u00e9 planet\u00e1rium v pra\u017esk\u00e9 Stromovce nebo \u0160tef\u00e1nikovu hv\u011bzd\u00e1rnu na Pet\u0159\u00edn\u011b.<\/p>\n<p>&#8212;<\/p>\n<p>&nbsp;<\/p>\n<p>Kate\u0159ina Severov\u00e1<br \/>\nPr\u00e1vo<\/p>\n","protected":false},"excerpt":{"rendered":"<div class=\"mh-excerpt\"><p>Hv\u011bzd\u00e1rna v \u010e\u00e1blic\u00edch, kter\u00e1 letos slav\u00ed 60 let od sv\u00e9ho vzniku, schov\u00e1v\u00e1 pod svou kopul\u00ed evropsk\u00fd unik\u00e1t.<\/p>\n<\/div>","protected":false},"author":1,"featured_media":26932,"comment_status":"open","ping_status":"closed","sticky":false,"template":"","format":"standard","meta":{"footnotes":""},"categories":[9],"tags":[],"class_list":["post-26707","post","type-post","status-publish","format-standard","has-post-thumbnail","hentry","category-zpravy"],"_links":{"self":[{"href":"https:\/\/www.invarena.cz\/index.php?rest_route=\/wp\/v2\/posts\/26707","targetHints":{"allow":["GET"]}}],"collection":[{"href":"https:\/\/www.invarena.cz\/index.php?rest_route=\/wp\/v2\/posts"}],"about":[{"href":"https:\/\/www.invarena.cz\/index.php?rest_route=\/wp\/v2\/types\/post"}],"author":[{"embeddable":true,"href":"https:\/\/www.invarena.cz\/index.php?rest_route=\/wp\/v2\/users\/1"}],"replies":[{"embeddable":true,"href":"https:\/\/www.invarena.cz\/index.php?rest_route=%2Fwp%2Fv2%2Fcomments&post=26707"}],"version-history":[{"count":0,"href":"https:\/\/www.invarena.cz\/index.php?rest_route=\/wp\/v2\/posts\/26707\/revisions"}],"wp:featuredmedia":[{"embeddable":true,"href":"https:\/\/www.invarena.cz\/index.php?rest_route=\/wp\/v2\/media\/26932"}],"wp:attachment":[{"href":"https:\/\/www.invarena.cz\/index.php?rest_route=%2Fwp%2Fv2%2Fmedia&parent=26707"}],"wp:term":[{"taxonomy":"category","embeddable":true,"href":"https:\/\/www.invarena.cz\/index.php?rest_route=%2Fwp%2Fv2%2Fcategories&post=26707"},{"taxonomy":"post_tag","embeddable":true,"href":"https:\/\/www.invarena.cz\/index.php?rest_route=%2Fwp%2Fv2%2Ftags&post=26707"}],"curies":[{"name":"wp","href":"https:\/\/api.w.org\/{rel}","templated":true}]}}