{"id":26725,"date":"2016-11-22T01:56:46","date_gmt":"2016-11-22T00:56:46","guid":{"rendered":"http:\/\/www.invarena.cz\/?p=26725"},"modified":"2016-11-22T17:56:58","modified_gmt":"2016-11-22T16:56:58","slug":"1-adventni-koncert-pro-spolek-mikasa","status":"publish","type":"post","link":"https:\/\/www.invarena.cz\/?p=26725","title":{"rendered":"1. adventn\u00ed koncert pro spolek MIKASA"},"content":{"rendered":"<p>T\u00fdden\u00edk Televize se letos tak\u00e9 za\u0159ad\u00ed mezi ty, kte\u0159\u00ed p\u0159isp\u011bj\u00ed na konto Adventn\u00ed koncerty.<!--more--><\/p>\n<p>P\u0159edstavujeme v\u00e1m prvn\u00ed neziskovou organizaci, kter\u00e9 bude v\u011bnov\u00e1n \u00favodn\u00ed ve\u010der tohoto koncertn\u00edho cyklu.<\/p>\n<p>Co je MIKASA?<\/p>\n<p>Zapsan\u00fd spolek MIKASA z Ostravy vznikl v roce 2009 p\u016fvodn\u011b jako volno\u010dasov\u00e1 aktivita pro d\u011bti se st\u0159edn\u011b t\u011b\u017ek\u00fdm a t\u011b\u017ek\u00fdm kombinovan\u00fdm posti\u017een\u00edm. Postupn\u011b se z n\u011bj vyvinul denn\u00ed stacion\u00e1\u0159 pro d\u011bti a mlad\u00e9 lidi se st\u0159edn\u011b t\u011b\u017ek\u00fdm a t\u011b\u017ek\u00fdm kombinovan\u00fdm posti\u017een\u00edm a autismem. MIKASA se sna\u017e\u00ed poskytovat co nejkvalitn\u011bj\u0161\u00ed soci\u00e1ln\u00ed slu\u017eby na z\u00e1klad\u011b individu\u00e1ln\u00edch pot\u0159eb sv\u00fdch klient\u016f.<\/p>\n<p>\u010c\u00edm se m\u016f\u017ee pochlubit?<\/p>\n<p>&#8220; B\u011bhem t\u0159\u00ed m\u011bs\u00edc\u016f jsme podali projekt j a uvedli do provozu pr\u00e1v\u011b posledn\u011b jmenovanou slu\u017ebu \u2013 soci\u00e1ln\u00ed rehabilitaci. Spustili jsme ji od z\u00e1\u0159\u00ed. Povedlo se n\u00e1m tak\u00e9 zah\u00e1jit slu\u017ebu pom\u00e1haj\u00edc\u00ed klient\u016fm s tzv. vysokofunk\u010dn\u00edm autismem a Aspergerov\u00fdm syndromem, kter\u00e1 na Ostravsku chyb\u011bla. Mlad\u00fdm lidem pom\u00e1h\u00e1me nap\u0159. zorientovat se v soci\u00e1ln\u00edch vztaz\u00edch a situac\u00edch b\u011b\u017en\u00e9ho \u017eivota, jin\u00fdm klient\u016fm naj\u00edt si a udr\u017eet zam\u011bstn\u00e1n\u00ed. N\u011bkte\u0159\u00ed lid\u00e9 s touto poruchou mohou \u0159\u00edkat na rovinu, co si mysl\u00ed, co\u017e m\u016f\u017ee zp\u016fsobit nep\u0159\u00edjemnosti. Nebo pot\u0159ebuj\u00ed m\u00edt na stole v pr\u00e1ci v\u0161echno p\u0159esn\u011b urovnan\u00e9, \u010demu\u017e ostatn\u00ed nerozum\u00ed. Zam\u011bstnavateli se sna\u017e\u00edme vysv\u011btlit, pro\u010d se tak chovaj\u00ed,&#8220; \u0159\u00edk\u00e1 z\u00e1stupce p\u0159edsedkyn\u011b spolku Michal Pan\u00e1\u010dek.<\/p>\n<p>&#8212;<\/p>\n<p>M\u00ed\u0161\u016fv p\u0159\u00edb\u011bh<\/p>\n<p>P\u011btadvacetilet\u00fd Michal Kob\u011brsk\u00fd je usm\u011bvav\u00fd kvadruplegik s t\u011b\u017ekou vadou \u0159e\u010di, kter\u00fd do zdej\u0161\u00edho stacion\u00e1\u0159e doch\u00e1z\u00ed zhruba 5 let. Jinak \u017eije v Porub\u011b s maminkou. Pohybuje se samostatn\u011b pomoc\u00ed mechanick\u00e9ho voz\u00edku.<br \/>\nBav\u00ed ho b\u00fdt st\u0159edem pozornosti, kdy m\u016f\u017ee p\u0159edv\u00e9st, co v\u0161echno um\u00ed, vypr\u00e1v\u011bt, co za\u017eil. Je r\u00e1d v kolektivu, proto ho t\u011b\u0161\u00ed aktivity, kter\u00e9 m\u016f\u017ee d\u011blat s kamar\u00e1dy ze stacion\u00e1\u0159e. Nerad d\u011bl\u00e1 to, co mu nejde, proto\u017ee se styd\u00ed. Mezi jeho nejv\u011bt\u0161\u00ed z\u00e1jmy pat\u0159\u00ed pozorov\u00e1n\u00ed vlak\u016f a tramvaj\u00ed, cestov\u00e1n\u00ed MHD a poslech hudby. Pamatuje si v\u0161echno, co kde vid\u011bl a pro\u017eil, a pak to v\u0161em vypr\u00e1v\u00ed. Jen je n\u011bkdy obt\u00ed\u017en\u00e9 mu porozum\u011bt.<\/p>\n<p>Patronka Barbora \u010cerno\u0161kov\u00e1<\/p>\n<p>&#8222;Jsem sama m\u00e1ma a uv\u011bdomuju si, jak velk\u00e9 \u0161t\u011bst\u00ed m\u00e1m, \u017ee jsou moje dv\u011b dcery zdrav\u00e9. P\u0159\u00edb\u011bhy posti\u017een\u00fdch d\u011bt\u00ed m\u011b v\u017edycky zas\u00e1hnou. Skl\u00e1n\u00edm se p\u0159ed jejich rodi\u010di, proto\u017ee pro n\u011b to znamen\u00e1 b\u00fdt ve st\u0159ehu 24 hodin denn\u011b. Obdivuju je za to a o to pokorn\u011bj\u0161\u00ed jsem patronkou prvn\u00edho Adventn\u00edho koncertu,&#8220; \u0159\u00edk\u00e1 Barbora.<\/p>\n<p>Pozv\u00e1nka na \u00favodn\u00ed koncert v B\u0159evnovsk\u00e9m kl\u00e1\u0161te\u0159e<\/p>\n<p>Cyklus Adventn\u00edch koncert\u016f otev\u0159e slavnostn\u00ed ve\u010der v Terezi\u00e1nsk\u00e9m s\u00e1le B\u0159evnovsk\u00e9ho kl\u00e1\u0161tera. B\u011bhem n\u011bj se m\u016f\u017eete t\u011b\u0161it nap\u0159\u00edklad na houslov\u00e9ho virtuosa V\u00e1clava Hude\u010dka a klav\u00edristu Miroslava Sekeru, uskupen\u00ed Opera Divas, kter\u00e9 tvo\u0159\u00ed Pavl\u00edna Seni\u0107, Tereza M\u00e1tlov\u00e1 a Andrea Kalivodov\u00e1 nebo dvojici David Koller (kytara, zp\u011bv) a Kate\u0159ina Chrobokov\u00e1 (varhany).<br \/>\nD\u00e1le usly\u0161\u00edte p\u011bveck\u00e9 sbory Radost Praha a Na\u0161i p\u011bvci, st\u0159edov\u011bkou hudbu G\u00f3thien nebo \u010cesk\u00e9 trio ve slo\u017een\u00ed Dana Vlachov\u00e1 (housle), Miroslav Petr\u00e1\u0161 (violoncello) ll ) a Milan Langer (klav\u00edr). Na koncert\u011b p\u0159edstav\u00ed sv\u00e9 um\u011bn\u00ed i fl\u00e9tnov\u00fd kvartet Flautus Vocis, kter\u00fd tvo\u0159\u00ed Ane\u017eka Be\u0161\u010decov\u00e1, Anna Ne\u0161verov\u00e1, Nikola Kv\u011bto\u0148ov\u00e1 a Petr Grau. Nenechte si uj\u00edt prvn\u00ed koncert cyklu, b\u011bhem n\u011bho\u017e m\u016f\u017eete finan\u010dn\u011b pomoci ostravsk\u00e9mu spolku MIKASA!<\/p>\n<p>Jak darovan\u00e9 pen\u00edze pomohou?<\/p>\n<p>Spolek MIKASA z v\u00fdt\u011b\u017eku uhrad\u00ed \u010d\u00e1stku, kter\u00e1 zb\u00fdv\u00e1 na koupi bezbari\u00e9rov\u00e9ho auta.<br \/>\nVybuduje pobytovou slu\u017ebu pro osoby s autismem, ment\u00e1ln\u00edm posti\u017een\u00edm a t\u011b\u017ek\u00fdmi poruchami chov\u00e1n\u00ed, nap\u0159. agresivitou. \u010c\u00e1st vyu\u017eije na provoz denn\u00edho stacion\u00e1\u0159e a zbytek na provoz slu\u017eby soci\u00e1ln\u00ed rehabilitace. Ta d\u011btem i mlad\u00fdm lidem s vysokofunk\u010dn\u00edm autismem a Aspergerov\u00fdm syndromem pom\u00e1h\u00e1 tr\u00e9novat soci\u00e1ln\u00ed dovednosti pro lep\u0161\u00ed za\u010dlen\u011bn\u00ed do spole\u010dnosti, jako jsou nap\u0159. chov\u00e1n\u00ed na ve\u0159ejnosti, komunikace, r\u016fzn\u00e9 dom\u00e1c\u00ed pr\u00e1ce apod.<\/p>\n<p>Zapalte 1. adventn\u00ed Zap sv\u00ed\u010dku a sledujte ADVENTN\u00cd KONCERT, NE 17.30, \u010cT1<\/p>\n<p>&nbsp;<\/p>\n<p>Monika Seidlov\u00e1<\/p>\n<p>T\u00fdden\u00edk Televize<\/p>\n","protected":false},"excerpt":{"rendered":"<div class=\"mh-excerpt\"><p>T\u00fdden\u00edk Televize se letos tak\u00e9 za\u0159ad\u00ed mezi ty, kte\u0159\u00ed p\u0159isp\u011bj\u00ed na konto Adventn\u00ed koncerty.<\/p>\n<\/div>","protected":false},"author":1,"featured_media":0,"comment_status":"open","ping_status":"closed","sticky":false,"template":"","format":"standard","meta":{"footnotes":""},"categories":[9],"tags":[],"class_list":["post-26725","post","type-post","status-publish","format-standard","hentry","category-zpravy"],"_links":{"self":[{"href":"https:\/\/www.invarena.cz\/index.php?rest_route=\/wp\/v2\/posts\/26725","targetHints":{"allow":["GET"]}}],"collection":[{"href":"https:\/\/www.invarena.cz\/index.php?rest_route=\/wp\/v2\/posts"}],"about":[{"href":"https:\/\/www.invarena.cz\/index.php?rest_route=\/wp\/v2\/types\/post"}],"author":[{"embeddable":true,"href":"https:\/\/www.invarena.cz\/index.php?rest_route=\/wp\/v2\/users\/1"}],"replies":[{"embeddable":true,"href":"https:\/\/www.invarena.cz\/index.php?rest_route=%2Fwp%2Fv2%2Fcomments&post=26725"}],"version-history":[{"count":0,"href":"https:\/\/www.invarena.cz\/index.php?rest_route=\/wp\/v2\/posts\/26725\/revisions"}],"wp:attachment":[{"href":"https:\/\/www.invarena.cz\/index.php?rest_route=%2Fwp%2Fv2%2Fmedia&parent=26725"}],"wp:term":[{"taxonomy":"category","embeddable":true,"href":"https:\/\/www.invarena.cz\/index.php?rest_route=%2Fwp%2Fv2%2Fcategories&post=26725"},{"taxonomy":"post_tag","embeddable":true,"href":"https:\/\/www.invarena.cz\/index.php?rest_route=%2Fwp%2Fv2%2Ftags&post=26725"}],"curies":[{"name":"wp","href":"https:\/\/api.w.org\/{rel}","templated":true}]}}