{"id":26776,"date":"2016-11-24T16:23:27","date_gmt":"2016-11-24T15:23:27","guid":{"rendered":"http:\/\/www.invarena.cz\/?p=26776"},"modified":"2016-11-24T16:23:27","modified_gmt":"2016-11-24T15:23:27","slug":"festival-hudba-pomaha-nas-okouzlil","status":"publish","type":"post","link":"https:\/\/www.invarena.cz\/?p=26776","title":{"rendered":"&#8222;Festival Hudba pom\u00e1h\u00e1 n\u00e1s okouzlil&#8220;"},"content":{"rendered":"<p><strong>Starost o handicapovan\u00e9ho sourozence nen\u00ed jednoduch\u00e1. Velmi dob\u0159e to ale zvl\u00e1d\u00e1 dvaadvacetilet\u00e1 studentka Kate\u0159ina Stehl\u00edkov\u00e1, kter\u00e1 krom\u011b \u0161koly a dal\u0161\u00edch povinnost\u00ed tak\u00e9 pom\u00e1h\u00e1 sv\u00fdm rodi\u010d\u016fm pe\u010dovat o handicapovanou sestru M\u00ed\u0161u. Ta trp\u00ed st\u0159edn\u00ed ment\u00e1ln\u00ed retardac\u00ed a je tak odk\u00e1zan\u00e1 na pomoc druh\u00fdch.<\/strong><!--more--><\/p>\n<p>Svitavsko \u2013 V leto\u0161n\u00edm roce se jejich rodin\u011b rozhodl pomoci benefi\u010dn\u00ed festival Hudba pom\u00e1h\u00e1. &#8222;Michalka je n\u00e1\u0161 and\u00edlek. Jsem r\u00e1da, \u017ee j\u00ed d\u00edky tomuto projektu budeme moci zajistit specializovanou p\u00e9\u010di,&#8220; \u0159\u00edk\u00e1 jej\u00ed sestra Kate\u0159ina.<\/p>\n<p>&#8211; Jak\u00fdm handicapem M\u00ed\u0161a trp\u00ed?<\/p>\n<p>L\u00e9ka\u0159i j\u00ed diagnostikovali st\u0159edn\u00ed ment\u00e1ln\u00ed retardaci. Narodila se toti\u017e p\u0159ed\u010dasn\u011b, o dva a p\u016fl m\u011bs\u00edce d\u0159\u00edve ne\u017e m\u011bla. Na mozku Michalce vznikl hematom a tak\u00e9 se j\u00ed dostate\u010dn\u011b neodv\u00e1d\u011bl mozkom\u00ed\u0161n\u00ed mok. Nakonec M\u00ed\u0161e proto l\u00e9ka\u0159i museli zav\u00e9st mal\u00fd strojek, kter\u00fd j\u00ed s t\u00edmto probl\u00e9mem pom\u00e1h\u00e1. Ten u\u017e bude muset m\u00edt na cel\u00fd \u017eivot. D\u00e1le jsou s jej\u00edm posti\u017een\u00edm spojen\u00e9 nevyvinut\u00e9 pl\u00edce, \u0161patn\u00e1 ch\u016fze a zrakov\u00e1 vada. Velk\u00fd zdravotn\u00ed probl\u00e9m je tak\u00e9 to, \u017ee M\u00ed\u0161a je hypotonick\u00e1 a mus\u00ed proto cvi\u010dit s cel\u00fdm t\u011blem a pos\u00edlit ho.<\/p>\n<p>&#8211; Co pro M\u00ed\u0161u jej\u00ed posti\u017een\u00ed znamen\u00e1?<\/p>\n<p>Michalka u sebe neust\u00e1le n\u011bkoho pot\u0159ebuje, nen\u00ed schopn\u00e1 se o sebe sama \u00fapln\u011b postarat. Sama si nedojde pro j\u00eddlo a neobstar\u00e1 si z\u00e1kladn\u00ed pot\u0159eby. Je na tom te\u010f ale l\u00e9pe ne\u017e d\u0159\u00edve. Ned\u00e1vno se nau\u010dila mluvit a m\u016f\u017ee se tedy s n\u00e1mi kone\u010dn\u011b dorozum\u011bt. Je tak\u00e9 schopn\u00e1 se sama naj\u00edst.<\/p>\n<p>&#8211; Jakou l\u00e9\u010dbu a rehabilitace M\u00ed\u0161a od d\u011btstv\u00ed podstoupila?<\/p>\n<p>Na\u0161e M\u00ed\u0161a od d\u011btstv\u00ed cvi\u010dila s maminkou Vojtovu metodu. Jedn\u00e1 se o intenzivn\u00ed rehabilitaci, musely cvi\u010dit i n\u011bkolikr\u00e1t denn\u011b. Michalka se d\u00edky tomu nau\u010dila postupn\u011b p\u0159evalovat, z\u00edskala z\u00e1kladn\u00ed reflexy a tak\u00e9 pozd\u011bji za\u010dala chodit. Cvi\u010dili jsme tak\u00e9 speci\u00e1ln\u00ed znakovou \u0159e\u010d a mluven\u00ed. Te\u010f M\u00ed\u0161a chod\u00ed na logopedii, aby se jej\u00ed \u0159e\u010d zlep\u0161ila a pravideln\u011b rehabilituje.<\/p>\n<p>&#8211; Jak\u00e9 pokroky M\u00ed\u0161a v posledn\u00ed dob\u011b zaznamenala?<\/p>\n<p>P\u0159ed n\u011bkolika m\u011bs\u00edci M\u00ed\u0161a za\u010dala mluvit, a to byl pro n\u00e1s opravdu velk\u00fd pokrok. Nejprve se nau\u010dila znakovou \u0159e\u010d pro d\u011bti, kter\u00e1 m\u011bla pomoci tomu, aby se pozd\u011bji rozmluvila. Pozd\u011bji se nau\u010dila n\u011bkter\u00e1 jednoduch\u00e1 slova a nakonec tak\u00e9 za\u010dala slova d\u00e1vat do srozumiteln\u00fdch v\u011bt. M\u00e1me velkou radost. Kone\u010dn\u011b n\u00e1m m\u016f\u017ee sd\u011blit, co pot\u0159ebuje.<\/p>\n<p>&#8211; M\u00ed\u0161a tak\u00e9 chod\u00ed do speci\u00e1ln\u00ed z\u00e1kladn\u00ed \u0161koly. Co v\u0161echno se zde u\u010d\u00ed a jak se j\u00ed tam l\u00edb\u00ed?<\/p>\n<p>Michalka je ve \u0161kole spokojen\u00e1. Na\u0161la si tam kamar\u00e1dy. M\u00e1 tak\u00e9 svou osobn\u00ed asistentku, kter\u00e1 j\u00ed se v\u0161\u00edm pom\u00e1h\u00e1. U\u010d\u00ed se matematiku, \u010dten\u00ed a psan\u00ed, ale maj\u00ed tak\u00e9 t\u011blocvik.<\/p>\n<p>&#8211; Jak v\u00e1s samotnou ovlivnil handicap va\u0161\u00ed sestry?<\/p>\n<p>O sestru se nejv\u00edce starali na\u0161i rodi\u010de, ale v\u017edycky jsme se s bratrem sna\u017eili pom\u00e1hat. Hl\u00eddali jsme ji, krmili, ukl\u00e1dali do post\u00fdlky. Mysl\u00edm, \u017ee jsme se o n\u00ed v\u017edy um\u011bli postarat. Te\u010f pro n\u00ed p\u0159edev\u0161\u00edm vym\u00fd\u0161l\u00edme neust\u00e1le n\u011bjak\u00e9 v\u00fdlety a aktivity.<\/p>\n<p>&#8211; Pamatujete si na zlom, kdy jste si uv\u011bdomila, \u017ee M\u00ed\u0161a je v n\u011b\u010dem jin\u00e1 a \u017ee nebude moci d\u011blat stejn\u00e9 v\u011bci jako ostatn\u00ed d\u011bti?<\/p>\n<p>U n\u00e1s ne\u0161lo ani tak o n\u011bjak\u00fd velk\u00fd zlom. V\u017edycky jsme se v\u0161echno sna\u017eili p\u0159izp\u016fsobit Michalce. Kdy\u017e n\u011bkam nemohla, tak jsme rad\u011bji vymysleli jinou variantu v\u00fdletu, abychom mohli tr\u00e1vit \u010das v\u0161ichni spole\u010dn\u011b.<\/p>\n<p>&#8211; M\u011bla jste n\u011bkdy pocit l\u00edtosti, pro\u010d to posti\u017een\u00ed potkalo zrovna va\u0161i rodinu?<\/p>\n<p>\u010clov\u011bk toho lituje v podstat\u011b po\u0159\u00e1d. V\u017edycky kdy\u017e si na to vzpomenete, tak to trochu zabol\u00ed. Ale kdy\u017e se pod\u00edv\u00e1m na Michalku, tak vid\u00edm, \u017ee je to n\u00e1\u0161 and\u00edlek. Kdy\u017e n\u00e1m je smutno, tak jdeme v\u017edycky za n\u00ed, proto\u017ee ona n\u00e1s dok\u00e1\u017ee rozesm\u00e1t a podpo\u0159it. Ale \u010dlov\u011bku je to samoz\u0159ejm\u011b l\u00edto, \u017ee Michalku n\u011bco takov\u00e9ho potkalo.<\/p>\n<p>&#8211; Co m\u00e1te na M\u00ed\u0161e nejrad\u011bji?<\/p>\n<p>My se nejrad\u0161i tul\u00edme. Jsme si s Michalkou vz\u00e1cn\u00e9, proto\u017ee jezd\u00edm do \u0161koly a nem\u016f\u017eu b\u00fdt po\u0159\u00e1d doma. Te\u010f kdy\u017e se nau\u010dila mluvit, tak toho vyu\u017e\u00edv\u00e1me a hodn\u011b se spolu nasm\u011bjeme. Kdy\u017e se Michalka usm\u011bje, tak by rozesm\u00e1la snad i toho nejsmutn\u011bj\u0161\u00edho \u010dlov\u011bka.<\/p>\n<p>&#8211; Jak\u00fd je tedy v\u00e1\u0161 sourozeneck\u00fd vztah?<\/p>\n<p>Podle m\u011b jsme si hodn\u011b bl\u00edzk\u00e9. V\u017edycky kdy\u017e p\u0159ij\u00ed\u017ed\u00edm po t\u00fddnu ze \u0161koly, tak na m\u011b M\u00ed\u0161a \u010dek\u00e1 u okna, m\u00e1v\u00e1 na m\u011b a vol\u00e1. Te\u010f mi za\u010dala \u0159\u00edkat Ka\u010denko, to se mi l\u00edb\u00ed. Jsme na sebe hodn\u011b v\u00e1zan\u00e9.<\/p>\n<p>&#8211; Co spolu nej\u010dast\u011bji d\u011bl\u00e1te ve voln\u00e9m \u010dase?<\/p>\n<p>Jezd\u00edme hlavn\u011b na v\u00fdlety. Hled\u00e1me j\u00ed d\u011btsk\u00e9 aktivity, tak\u017ee nap\u0159\u00edklad nav\u0161t\u011bvujeme r\u016fzn\u00e9 poh\u00e1dky. M\u00e1 r\u00e1da Makovou panenku a mot\u00fdla Emanuela a z nov\u011bj\u0161\u00edch poh\u00e1dek t\u0159eba Ledov\u00e9 kr\u00e1lovstv\u00ed. Taky m\u00e1 ale r\u00e1da loutky a v\u0161echny zv\u00ed\u0159\u00e1tka. N\u011bkolik let u\u017e tak\u00e9 jezd\u00edme na hypoterapii do Janova, kde m\u00e1 kontakt s ko\u0148mi.<\/p>\n<p>&#8211; V leto\u0161n\u00edm roce se va\u0161\u00ed sest\u0159e rozhodl pomoci projekt Hudba pom\u00e1h\u00e1. Jak jste na tuto nab\u00eddku reagovali?<\/p>\n<p>Byli jsme p\u0159edev\u0161\u00edm hodn\u011b \u0161\u0165astn\u00ed. P\u0159ekvapilo n\u00e1s, \u017ee n\u00e1s po\u0159adatel\u00e9 oslovili. Hlavn\u011b jsme ale m\u011bli radost, \u017ee pom\u016f\u017eeme na\u0161\u00ed Michalce.<\/p>\n<p>&#8211; Kdy jste se poprv\u00e9 o tomto festivalu doslechla?<\/p>\n<p>Za\u010dalo to t\u00edm, \u017ee sest\u0159enice M\u00e1ja p\u0159ijela o V\u00e1noc\u00edch na n\u00e1v\u0161t\u011bvu a pozvala n\u00e1s na koncert, kde bude vystupovat. Mysleli jsme si, \u017ee to bude koncert v\u00e1\u017en\u00e9 hudby, proto\u017ee M\u00e1ja hraje na saxofon. Ale festival Hudba pom\u00e1h\u00e1 n\u00e1s naprosto okouzlil. I slzi\u010dky n\u00e1m uk\u00e1ply. Od t\u00e9 doby na\u0161e rodina koncerty nav\u0161t\u011bvovala pravideln\u011b.<\/p>\n<p>&#8211; K \u010demu bude tedy slou\u017eit v\u00fdt\u011b\u017eek leto\u0161n\u00edho ro\u010dn\u00edku festivalu Hudba pom\u00e1h\u00e1?<\/p>\n<p>V\u00fdt\u011b\u017eek pou\u017eijeme na zaplacen\u00ed l\u00e9\u010debn\u00e9ho pobytu v l\u00e1zn\u00edch Klimkovice. Zde bychom Michalce cht\u011bli zajistit speci\u00e1ln\u00ed program zam\u011b\u0159en\u00fd p\u0159edev\u0161\u00edm na rehabilitaci a cvi\u010den\u00ed nohou. M\u00ed\u0161a sice um\u00ed chodit, ale jej\u00ed ch\u016fze je hodn\u011b nestabiln\u00ed. Celkov\u011b bychom tak\u00e9 cht\u011bli, aby se zlep\u0161ila koordinace jej\u00edho t\u011bla.<\/p>\n<p>BARBORA KO\u0160NAROV\u00c1<br \/>\nSvitavsk\u00fd den\u00edk<br \/>\n<a href=\"http:\/\/svitavsky.denik.cz\/\">http:\/\/svitavsky.denik.cz\/<\/a><\/p>\n","protected":false},"excerpt":{"rendered":"<div class=\"mh-excerpt\"><p>Starost o handicapovan\u00e9ho sourozence nen\u00ed jednoduch\u00e1. Velmi dob\u0159e to ale zvl\u00e1d\u00e1 dvaadvacetilet\u00e1 studentka Kate\u0159ina Stehl\u00edkov\u00e1, kter\u00e1 krom\u011b \u0161koly a dal\u0161\u00edch povinnost\u00ed tak\u00e9 pom\u00e1h\u00e1 sv\u00fdm rodi\u010d\u016fm <a class=\"mh-excerpt-more\" href=\"https:\/\/www.invarena.cz\/?p=26776\" title=\"&#8222;Festival Hudba pom\u00e1h\u00e1 n\u00e1s okouzlil&#8220;\">[&#8230;]<\/a><\/p>\n<\/div>","protected":false},"author":1,"featured_media":7719,"comment_status":"open","ping_status":"closed","sticky":false,"template":"","format":"standard","meta":{"footnotes":""},"categories":[9],"tags":[],"class_list":["post-26776","post","type-post","status-publish","format-standard","has-post-thumbnail","hentry","category-zpravy"],"_links":{"self":[{"href":"https:\/\/www.invarena.cz\/index.php?rest_route=\/wp\/v2\/posts\/26776","targetHints":{"allow":["GET"]}}],"collection":[{"href":"https:\/\/www.invarena.cz\/index.php?rest_route=\/wp\/v2\/posts"}],"about":[{"href":"https:\/\/www.invarena.cz\/index.php?rest_route=\/wp\/v2\/types\/post"}],"author":[{"embeddable":true,"href":"https:\/\/www.invarena.cz\/index.php?rest_route=\/wp\/v2\/users\/1"}],"replies":[{"embeddable":true,"href":"https:\/\/www.invarena.cz\/index.php?rest_route=%2Fwp%2Fv2%2Fcomments&post=26776"}],"version-history":[{"count":0,"href":"https:\/\/www.invarena.cz\/index.php?rest_route=\/wp\/v2\/posts\/26776\/revisions"}],"wp:featuredmedia":[{"embeddable":true,"href":"https:\/\/www.invarena.cz\/index.php?rest_route=\/wp\/v2\/media\/7719"}],"wp:attachment":[{"href":"https:\/\/www.invarena.cz\/index.php?rest_route=%2Fwp%2Fv2%2Fmedia&parent=26776"}],"wp:term":[{"taxonomy":"category","embeddable":true,"href":"https:\/\/www.invarena.cz\/index.php?rest_route=%2Fwp%2Fv2%2Fcategories&post=26776"},{"taxonomy":"post_tag","embeddable":true,"href":"https:\/\/www.invarena.cz\/index.php?rest_route=%2Fwp%2Fv2%2Ftags&post=26776"}],"curies":[{"name":"wp","href":"https:\/\/api.w.org\/{rel}","templated":true}]}}