{"id":26777,"date":"2016-11-24T16:31:27","date_gmt":"2016-11-24T15:31:27","guid":{"rendered":"http:\/\/www.invarena.cz\/?p=26777"},"modified":"2016-11-24T16:31:27","modified_gmt":"2016-11-24T15:31:27","slug":"zacleneni-do-skoly-vsechny-deti-nezvladnou","status":"publish","type":"post","link":"https:\/\/www.invarena.cz\/?p=26777","title":{"rendered":"Za\u010dlen\u011bn\u00ed do \u0161koly v\u0161echny d\u011bti nezvl\u00e1dnou"},"content":{"rendered":"<p><strong>Inkluze posti\u017een\u00fdch d\u011bt\u00ed do b\u011b\u017en\u00e9 z\u00e1kladn\u00ed \u0161koly nen\u00ed v\u017edy prosp\u011b\u0161n\u00e1. Za\u010dle\u0148ov\u00e1n\u00ed ment\u00e1ln\u011b retardovan\u00fdch a fyzicky m\u00e9n\u011b zdatn\u00fdch d\u011bt\u00ed do b\u011b\u017en\u00e9 \u0161koln\u00ed v\u00fduky, zejm\u00e9na pokud se jedn\u00e1 o kombinaci posti\u017een\u00ed, p\u0159in\u00e1\u0161\u00ed na u\u010ditele velk\u00e9 n\u00e1roky. Zejm\u00e9na ve zcela zapln\u011bn\u00fdch t\u0159\u00edd\u00e1ch ni\u017e\u0161\u00edch stup\u0148\u016f, kde mus\u00ed kantor zvl\u00e1dnout a\u017e t\u0159icet \u0161kol\u00e1\u010dk\u016f.<\/strong><!--more--><\/p>\n<p>Bene\u0161ov \u2013 &#8222;V z\u00e1sad\u011b nejsem proti inkluzi, ale v\u0161echny d\u011bti j\u00ed nejsou schopn\u00e9. Ka\u017ed\u00e9 posti\u017een\u00ed vy\u017eaduje specifick\u00fd p\u0159\u00edstup a klasick\u00e1 z\u00e1kladn\u00ed \u0161kola v sou\u010dasn\u00e9 dob\u011b nen\u00ed dostate\u010dn\u011b p\u0159ipraven\u00e1 prostorov\u011b i person\u00e1ln\u011b,&#8220; uvedla Ludmila Kr\u00e1lov\u00e1, \u0159editelka Z\u00e1kladn\u00ed \u0161koly praktick\u00e9, Z\u00e1kladn\u00ed \u0161koly speci\u00e1ln\u00ed a St\u0159edn\u00ed \u0161koly pro ment\u00e1ln\u011b posti\u017een\u00e9 \u017e\u00e1ky v Konopi\u0161\u0165sk\u00e9 ulici.<\/p>\n<p>Oproti klasick\u00e9 \u0161kole se v bene\u0161ovsk\u00e9 &#8222;Katu\u0161ce&#8220;, jak m\u00edstn\u00ed obyvatel\u00e9 \u0161kolsk\u00e9 za\u0159\u00edzen\u00ed s\u00eddl\u00edc\u00ed ve stejnojmenn\u00e9 vile naz\u00fdvaj\u00ed, u\u010d\u00ed s men\u0161\u00edm po\u010dtem d\u011bt\u00ed.<\/p>\n<p>M\u00e9n\u011b posti\u017een\u00fdch b\u00fdv\u00e1 ve t\u0159\u00edd\u011b \u0161est a\u017e \u010dtrn\u00e1ct, v\u00edce posti\u017een\u00ed se u\u010d\u00ed ve skupin\u011b \u010dty\u0159 a\u017e \u0161esti \u0161kol\u00e1k\u016f. &#8222;M\u00e1me pro n\u011b upraven\u00fd vzd\u011bl\u00e1vac\u00ed program, aby ho d\u011bti i s pomoc\u00ed asistent\u016f zvl\u00e1dly. Speci\u00e1ln\u00ed pedagog se jim m\u016f\u017ee v\u00edce v\u011bnovat. Vyu\u010dovac\u00edch p\u011bta\u010dty\u0159icet minut je rozd\u011blen\u00fdch pro men\u0161\u00ed po\u010det d\u011bt\u00ed,&#8220; up\u0159esnila \u0159editelka specializovan\u00e9ho \u0161kolsk\u00e9ho za\u0159\u00edzen\u00ed, kter\u00e9mu se d\u0159\u00edve \u0159\u00edkalo pomocn\u00e1 nebo zvl\u00e1\u0161tn\u00ed \u0161kola.<\/p>\n<p>&#8222;Ke ka\u017ed\u00e9mu d\u00edt\u011bti se p\u0159istupuje individu\u00e1ln\u011b, proto\u017ee ka\u017ed\u00e9 takov\u00fd p\u0159\u00edstup vy\u017eaduje. Zejm\u00e9na p\u0159i kombinaci ment\u00e1ln\u00edho posti\u017een\u00ed s dal\u0161\u00edmi,&#8220; p\u0159ipomn\u011bla Ludmila Kr\u00e1lov\u00e1.<\/p>\n<p>Se za\u010dle\u0148ov\u00e1n\u00edm m\u00e9n\u011b \u010di v\u00edce posti\u017een\u00fdch \u0161kol\u00e1k\u016f do b\u011b\u017en\u00e9 v\u00fduky maj\u00ed praxi v\u0161echny t\u0159i bene\u0161ovsk\u00e9 z\u00e1kladn\u00ed \u0161koly. Dlouholet\u00fd kantor v jedn\u00e9 z nich popsal ne zcela v\u00fdjime\u010dn\u00fd p\u0159\u00edpad.<\/p>\n<p>&#8222;U z\u00e1pisu nerozpoznali, \u017ee d\u00edvenka je retardovan\u00e1 a norm\u00e1ln\u011b nastoupila do prvn\u00ed t\u0159\u00eddy. Byla ve v\u0161em pomal\u00e1. Ostatn\u00ed d\u011bti si toho pov\u0161imly, za\u010daly se j\u00ed posm\u00edvat a n\u011bkter\u00e9 jejich chov\u00e1n\u00ed m\u011blo znaky \u0161ikany,&#8220; \u0159ekl pedagog ze z\u00e1kladn\u00ed \u0161koly. &#8222;D\u00edt\u011b se tr\u00e1pilo, tak\u017ee v pololet\u00ed p\u0159estoupilo do Katu\u0161ky a tam se v\u00fdrazn\u011b zlep\u0161ilo,&#8220; dodal u\u010ditel prvn\u00edho stupn\u011b.<\/p>\n<p>\u0158editelka Z\u00e1kladn\u00ed \u0161koly praktick\u00e9 Ludmila Kr\u00e1lov\u00e1 k problematice inkluze doplnila. &#8222;Ka\u017ed\u00e9 d\u00edt\u011b pot\u0159ebuje ve \u0161kole za\u017e\u00edt \u00fasp\u011bch, aby tam r\u00e1do chodilo. Kdy\u017e \u00fasp\u011bch neza\u017e\u00edv\u00e1, potom se jeho u\u010den\u00ed projev\u00ed v dal\u0161\u00edm programu souvisej\u00edc\u00edm se vzd\u011bl\u00e1v\u00e1n\u00edm, kolektivem a typem \u0161koly,&#8220; vysv\u011btlila Ludmila Kr\u00e1lov\u00e1.<\/p>\n<p>&#8222;Proto tady pro 66 \u017e\u00e1k\u016f m\u00e1me pomoc asistent\u016f a upraven\u00fd vzd\u011bl\u00e1vac\u00ed program, aby ho d\u011bti zvl\u00e1daly a poci\u0165ovaly \u00fasp\u011bch,&#8220; doplnila \u0159editelka z\u00e1kladn\u00ed \u0161koly v Konopi\u0161\u0165sk\u00e9 ulici.<\/p>\n<p>Pro rodi\u010de d\u011bt\u00ed s ohro\u017een\u00fdm v\u00fdvojem, ment\u00e1ln\u00edm \u010di t\u011blesn\u00fdm posti\u017een\u00fdm za\u010dala v Bene\u0161ov\u011b fungovat poradensk\u00e1 slu\u017eba.<\/p>\n<p>LADISLAV JERIE<br \/>\nBene\u0161ovsk\u00fd den\u00edk<br \/>\n<a href=\"http:\/\/www.benesovsky.denik.cz\/\">http:\/\/www.benesovsky.denik.cz\/<\/a><\/p>\n","protected":false},"excerpt":{"rendered":"<div class=\"mh-excerpt\"><p>Inkluze posti\u017een\u00fdch d\u011bt\u00ed do b\u011b\u017en\u00e9 z\u00e1kladn\u00ed \u0161koly nen\u00ed v\u017edy prosp\u011b\u0161n\u00e1. Za\u010dle\u0148ov\u00e1n\u00ed ment\u00e1ln\u011b retardovan\u00fdch a fyzicky m\u00e9n\u011b zdatn\u00fdch d\u011bt\u00ed do b\u011b\u017en\u00e9 \u0161koln\u00ed v\u00fduky, zejm\u00e9na pokud se <a class=\"mh-excerpt-more\" href=\"https:\/\/www.invarena.cz\/?p=26777\" title=\"Za\u010dlen\u011bn\u00ed do \u0161koly v\u0161echny d\u011bti nezvl\u00e1dnou\">[&#8230;]<\/a><\/p>\n<\/div>","protected":false},"author":1,"featured_media":1827,"comment_status":"open","ping_status":"closed","sticky":false,"template":"","format":"standard","meta":{"footnotes":""},"categories":[9],"tags":[],"class_list":["post-26777","post","type-post","status-publish","format-standard","has-post-thumbnail","hentry","category-zpravy"],"_links":{"self":[{"href":"https:\/\/www.invarena.cz\/index.php?rest_route=\/wp\/v2\/posts\/26777","targetHints":{"allow":["GET"]}}],"collection":[{"href":"https:\/\/www.invarena.cz\/index.php?rest_route=\/wp\/v2\/posts"}],"about":[{"href":"https:\/\/www.invarena.cz\/index.php?rest_route=\/wp\/v2\/types\/post"}],"author":[{"embeddable":true,"href":"https:\/\/www.invarena.cz\/index.php?rest_route=\/wp\/v2\/users\/1"}],"replies":[{"embeddable":true,"href":"https:\/\/www.invarena.cz\/index.php?rest_route=%2Fwp%2Fv2%2Fcomments&post=26777"}],"version-history":[{"count":0,"href":"https:\/\/www.invarena.cz\/index.php?rest_route=\/wp\/v2\/posts\/26777\/revisions"}],"wp:featuredmedia":[{"embeddable":true,"href":"https:\/\/www.invarena.cz\/index.php?rest_route=\/wp\/v2\/media\/1827"}],"wp:attachment":[{"href":"https:\/\/www.invarena.cz\/index.php?rest_route=%2Fwp%2Fv2%2Fmedia&parent=26777"}],"wp:term":[{"taxonomy":"category","embeddable":true,"href":"https:\/\/www.invarena.cz\/index.php?rest_route=%2Fwp%2Fv2%2Fcategories&post=26777"},{"taxonomy":"post_tag","embeddable":true,"href":"https:\/\/www.invarena.cz\/index.php?rest_route=%2Fwp%2Fv2%2Ftags&post=26777"}],"curies":[{"name":"wp","href":"https:\/\/api.w.org\/{rel}","templated":true}]}}