{"id":26781,"date":"2016-11-24T16:48:01","date_gmt":"2016-11-24T15:48:01","guid":{"rendered":"http:\/\/www.invarena.cz\/?p=26781"},"modified":"2016-11-24T16:48:01","modified_gmt":"2016-11-24T15:48:01","slug":"kalendar-propojuje-svet-slysicich-a-neslysicich","status":"publish","type":"post","link":"https:\/\/www.invarena.cz\/?p=26781","title":{"rendered":"Kalend\u00e1\u0159 propojuje sv\u011bt sly\u0161\u00edc\u00edch a nesly\u0161\u00edc\u00edch"},"content":{"rendered":"<p><strong>Tich\u00fd sv\u011bt ji\u017e deset let svou \u010dinnost\u00ed podporuje nesly\u0161\u00edc\u00ed. Na rok 2017 vydal kalend\u00e1\u0159, kter\u00fd obsahuje portr\u00e9ty dvojic osobnost\u00ed stejn\u00fdch profes\u00ed, a st\u00edr\u00e1 tak hranice mezi sv\u011btem sly\u0161\u00edc\u00edch a nesly\u0161\u00edc\u00edch.<\/strong> <!--more--><\/p>\n<p>Kalend\u00e1\u0159 p\u0159edstavuje \u00fasp\u011b\u0161n\u00e9 fotografy, moder\u00e1tory, herce, u\u010ditele, kameramany, modely, sportovce, spisovatele a jin\u00e9. Pro volbu povol\u00e1n\u00ed je d\u016fle\u017eit\u00e1 l\u00e1ska k dan\u00e9 profesi bez ohledu na stav sluchu.<\/p>\n<p>Vytvo\u0159en\u00ed kalend\u00e1\u0159e bylo tentokr\u00e1t cel\u00e9 v re\u017eii nesly\u0161\u00edc\u00edch zam\u011bstnanc\u016f Tich\u00e9ho sv\u011bta. Nafocen\u00ed portr\u00e9t\u016f se ujala fotografka Mark\u00e9ta Maradov\u00e1, pro ni\u017e byla tato zak\u00e1zka velkou tv\u016fr\u010d\u00ed v\u00fdzvou.<\/p>\n<p>\u00bbV\u017edycky jsem cht\u011bla ud\u011blat kalend\u00e1\u0159 s podobnou tematikou. Nesly\u0161\u00edc\u00ed jsou lid\u00e9 jako ostatn\u00ed a mohou b\u00fdt \u00fasp\u011b\u0161n\u00ed v mnoha profes\u00edch,\u00ab vysv\u011btlila. \u00bbSe v\u0161emi se mi fotilo skv\u011ble, s n\u011bkter\u00fdmi jsem si i p\u011bkn\u011b popov\u00eddala. P\u0159ed zn\u00e1m\u00fdmi osobnostmi jsem m\u011bla tro\u0161ku tr\u00e9mu, proto\u017ee jsou to \u010dasov\u011b zanepr\u00e1zdn\u011bn\u00ed lid\u00e9 a fotografov\u00e1n\u00ed muselo prob\u011bhnout rychle,\u00ab \u0159ekla Maradov\u00e1, j\u00ed\u017e pom\u00e1hala p\u0159edev\u0161\u00edm Sandra Bovkunov\u00e1, kter\u00e1 vytvo\u0159ila grafick\u00fd n\u00e1vrh kalend\u00e1\u0159e.<\/p>\n<p>Organizace Tich\u00fd sv\u011bt vyd\u00e1v\u00e1 origin\u00e1ln\u00ed kalend\u00e1\u0159 ji\u017e poosm\u00e9, letos ve variant\u011b n\u00e1st\u011bnn\u00e9 i stoln\u00ed. Kalend\u00e1\u0159 podpo\u0159ily zn\u00e1m\u00e9 osobnosti Jitka Obzinov\u00e1, Lenka Hata\u0161ov\u00e1, Eva Samkov\u00e1, Iveta V\u00edtov\u00e1, Lenka Zahradnick\u00e1, Karel Vo\u0159\u00ed\u0161ek, Kaira Hrachovcov\u00e1, Miro Ol\u0161avsk\u00fd, Filip Tomsa, Pavel Noha, cyklista Michal Prokop a dal\u0161\u00ed. Jejich nesly\u0161\u00edc\u00edmi prot\u011bj\u0161ky jsou mim Stanislav Kleisner, fotografka Daniela Hyklov\u00e1, moder\u00e1torka zpravodajstv\u00ed \u010cT 2 Hana Wiesnerov\u00e1, snowboardista Tom\u00e1\u0161 Pazdera, \u0161\u00e9fredaktorka Tich\u00fdch zpr\u00e1v Marie Ma\u0161l\u00e1\u0148ov\u00e1, moder\u00e1torka a here\u010dka Zlatu\u0161e Kurcov\u00e1, atletka Tereza Wagnerov\u00e1, cyklista Pavel Pastrnek, kameraman Kamil Pansk\u00fd, chemik Michal J\u00e1gr, Mister Deaf Bohu\u0161 Vla\u010ducha aj.<\/p>\n<p>V\u00fdt\u011b\u017eek z prodeje podpo\u0159\u00ed \u010dinnost Tich\u00e9ho sv\u011bta, kter\u00fd poskytuje soci\u00e1ln\u00ed slu\u017eby pro nesly\u0161\u00edc\u00ed, mimo jin\u00e9 nap\u0159. Tichou linku, d\u00edky n\u00ed\u017e mohou nesly\u0161\u00edc\u00ed telefonovat. V\u00edce na www.tichysvet.cz.<\/p>\n<p>Obecn\u011b prosp\u011b\u0161n\u00e1 spole\u010dnost Tich\u00fd sv\u011bt ji\u017e deset let pom\u00e1h\u00e1 nesly\u0161\u00edc\u00edm v \u010cesk\u00e9 republice. Poskytuje jim v\u0161estrannou podporu v podob\u011b komplexn\u00edch slu\u017eeb, kter\u00e9 jim umo\u017e\u0148uj\u00ed za\u010dlenit se do spole\u010dnosti. Nab\u00edz\u00ed online tlumo\u010den\u00ed do znakov\u00e9ho jazyka a p\u0159epis mluven\u00e9 \u0159e\u010di do textu v r\u00e1mci slu\u017eby Tich\u00e1 linka, soci\u00e1ln\u00ed a pr\u00e1vn\u00ed poradenstv\u00ed a podporu p\u0159i hled\u00e1n\u00ed zam\u011bstn\u00e1n\u00ed, v\u010detn\u011b programu pro \u017e\u00e1ky a absolventy \u0161kol. P\u016fsob\u00ed v deseti kraj\u00edch \u010cR. Ro\u010dn\u011b zajist\u00ed pr\u00e1ci v\u00edce ne\u017e stovce nesly\u0161\u00edc\u00edch. Provozuje internetov\u00fd zpravodajsk\u00fd server ve znakov\u00e9m jazyce Tichezpravy.cz. Po\u0159\u00e1d\u00e1 semin\u00e1\u0159e a p\u0159edn\u00e1\u0161ky o sv\u011bt\u011b nesly\u0161\u00edc\u00edch a kurzy znakov\u00e9ho jazyka. Zap\u016fj\u010dila stovku tablet\u016f do nemocnic v \u010cR pro mo\u017enost spojen\u00ed nesly\u0161\u00edc\u00edch s online tlumo\u010dn\u00edkem \u010di p\u0159episovatelem na Tich\u00e9 lince. Linku vyu\u017e\u00edvaj\u00ed i n\u011bkter\u00e9 \u00fa\u0159ady. Tich\u00fd sv\u011bt zalo\u017eil Tichou kav\u00e1rnu, prvn\u00ed pra\u017eskou kav\u00e1rnu s nesly\u0161\u00edc\u00ed obsluhou.<\/p>\n<p>Hal\u00f3 noviny<\/p>\n","protected":false},"excerpt":{"rendered":"<div class=\"mh-excerpt\"><p>Tich\u00fd sv\u011bt ji\u017e deset let svou \u010dinnost\u00ed podporuje nesly\u0161\u00edc\u00ed. Na rok 2017 vydal kalend\u00e1\u0159, kter\u00fd obsahuje portr\u00e9ty dvojic osobnost\u00ed stejn\u00fdch profes\u00ed, a st\u00edr\u00e1 tak hranice <a class=\"mh-excerpt-more\" href=\"https:\/\/www.invarena.cz\/?p=26781\" title=\"Kalend\u00e1\u0159 propojuje sv\u011bt sly\u0161\u00edc\u00edch a nesly\u0161\u00edc\u00edch\">[&#8230;]<\/a><\/p>\n<\/div>","protected":false},"author":1,"featured_media":6341,"comment_status":"open","ping_status":"closed","sticky":false,"template":"","format":"standard","meta":{"footnotes":""},"categories":[9],"tags":[],"class_list":["post-26781","post","type-post","status-publish","format-standard","has-post-thumbnail","hentry","category-zpravy"],"_links":{"self":[{"href":"https:\/\/www.invarena.cz\/index.php?rest_route=\/wp\/v2\/posts\/26781","targetHints":{"allow":["GET"]}}],"collection":[{"href":"https:\/\/www.invarena.cz\/index.php?rest_route=\/wp\/v2\/posts"}],"about":[{"href":"https:\/\/www.invarena.cz\/index.php?rest_route=\/wp\/v2\/types\/post"}],"author":[{"embeddable":true,"href":"https:\/\/www.invarena.cz\/index.php?rest_route=\/wp\/v2\/users\/1"}],"replies":[{"embeddable":true,"href":"https:\/\/www.invarena.cz\/index.php?rest_route=%2Fwp%2Fv2%2Fcomments&post=26781"}],"version-history":[{"count":0,"href":"https:\/\/www.invarena.cz\/index.php?rest_route=\/wp\/v2\/posts\/26781\/revisions"}],"wp:featuredmedia":[{"embeddable":true,"href":"https:\/\/www.invarena.cz\/index.php?rest_route=\/wp\/v2\/media\/6341"}],"wp:attachment":[{"href":"https:\/\/www.invarena.cz\/index.php?rest_route=%2Fwp%2Fv2%2Fmedia&parent=26781"}],"wp:term":[{"taxonomy":"category","embeddable":true,"href":"https:\/\/www.invarena.cz\/index.php?rest_route=%2Fwp%2Fv2%2Fcategories&post=26781"},{"taxonomy":"post_tag","embeddable":true,"href":"https:\/\/www.invarena.cz\/index.php?rest_route=%2Fwp%2Fv2%2Ftags&post=26781"}],"curies":[{"name":"wp","href":"https:\/\/api.w.org\/{rel}","templated":true}]}}