{"id":26794,"date":"2016-11-29T10:19:19","date_gmt":"2016-11-29T09:19:19","guid":{"rendered":"http:\/\/www.invarena.cz\/?p=26794"},"modified":"2016-11-29T10:19:19","modified_gmt":"2016-11-29T09:19:19","slug":"vozickari-i-diky-priboru-zdolavali-strechu-evropy","status":"publish","type":"post","link":"https:\/\/www.invarena.cz\/?p=26794","title":{"rendered":"Voz\u00ed\u010dk\u00e1\u0159i, i d\u00edky P\u0159\u00edboru, zdol\u00e1vali st\u0159echu Evropy"},"content":{"rendered":"<p>P\u0159\u00edbor \u2013 Zdravotn\u00ed handicap nen\u00ed mnohdy p\u0159ek\u00e1\u017ekou, a pokud lid\u00e9 maj\u00ed sv\u00e9 sny, nezastav\u00ed je ani p\u0159edem dan\u00e1 nev\u00fdhoda oproti zdrav\u00fdm lidem. Znovu o tom p\u0159esv\u011bd\u010dili \u00fa\u010dastn\u00edci mimo\u0159\u00e1dn\u00e9ho projektu Bez voz\u00edku na st\u0159e\u0161e Evropy 2016, kter\u00fd podpo\u0159ila finan\u010dn\u011b i p\u0159\u00edborsk\u00e1 radnice.<\/p>\n<p><!--more--><br \/>\nFreudovo rodi\u0161t\u011b oslovil letos v \u010dervnu hlavn\u00ed organiz\u00e1tor a koordin\u00e1tor projektu Zden\u011bk P\u00e1cha s t\u00edm, \u017ee c\u00edlem expedice je pokusit se vyn\u00e9st na vrchol nejvy\u0161\u0161\u00ed evropsk\u00e9 hory Mont Blanc dva voz\u00ed\u010dk\u00e1\u0159e, a to na bedrech \u0161esti elitn\u00edch amat\u00e9rsk\u00fdch \u0161erp\u016f a dal\u0161\u00edch \u0161esti dobrovoln\u00fdch pomocn\u00edk\u016f. Samotn\u00e9 zdol\u00e1v\u00e1n\u00ed vrcholu se uskute\u010dnilo b\u011bhem letn\u00edch pr\u00e1zdnin. &#8222;V r\u00e1mci t\u011bchto dn\u016f zdolali nejvy\u0161\u0161\u00ed vrchol Evropy p\u0159ejit\u00edm od chaty T\u00e9te Rouse a Gooter k lanovce z Aiquile du Midi do Chamoix a t\u00edm splnili sen 2 voz\u00ed\u010dk\u00e1\u0159\u016fm dostat se do m\u00edst, kde by se za norm\u00e1ln\u00edch podm\u00ednek nikdy nedostali.<br \/>\nJsem velice r\u00e1da, \u017ee m\u011bsto podpo\u0159ilo tak prosp\u011b\u0161nou akci. V\u017edy\u0165 pomoc druh\u00fdm, kte\u0159\u00ed to pot\u0159ebuj\u00ed, je to to nejcenn\u011bj\u0161\u00ed, co m\u016f\u017ee \u010dlov\u011bk ud\u011blat pro \u0161t\u011bst\u00ed druh\u00fdch lid\u00ed a hlavn\u011b lid\u00ed, kte\u0159\u00ed si to nemohou dovolit a\u0165 ji\u017e ze zdravotn\u00edch nebo i finan\u010dn\u00edch d\u016fvod\u016f,&#8220; sd\u011blila na adresu projektu p\u0159ed p\u00e1r dny Dana Fori\u0161kov\u00e1, m\u00edstostarostka P\u0159\u00edbora a jedn\u00edm dechem dodala: &#8222;Touto cestou d\u011bkujeme organiz\u00e1tor\u016fm za spln\u011bn\u00ed sn\u016f lidem, kte\u0159\u00ed trp\u00ed ur\u010dit\u00fdm handicapem.&#8220; V d\u016fsledku po\u010das\u00ed expedici chyb\u011blo k dos\u00e1hnut\u00ed vrcholu 300 v\u00fd\u0161kov\u00fdch metr\u016f. I tak se voz\u00ed\u010dk\u00e1\u0159i dostali do \u00fa\u017easn\u00fdch m\u00edst.<\/p>\n<p>Novoji\u010d\u00ednsk\u00fd den\u00edk<br \/>\n<a href=\"http:\/\/www.novojicinsky.denik.cz\/\">http:\/\/www.novojicinsky.denik.cz\/<\/a><\/p>\n","protected":false},"excerpt":{"rendered":"<div class=\"mh-excerpt\"><p>P\u0159\u00edbor \u2013 Zdravotn\u00ed handicap nen\u00ed mnohdy p\u0159ek\u00e1\u017ekou, a pokud lid\u00e9 maj\u00ed sv\u00e9 sny, nezastav\u00ed je ani p\u0159edem dan\u00e1 nev\u00fdhoda oproti zdrav\u00fdm lidem. Znovu o tom <a class=\"mh-excerpt-more\" href=\"https:\/\/www.invarena.cz\/?p=26794\" title=\"Voz\u00ed\u010dk\u00e1\u0159i, i d\u00edky P\u0159\u00edboru, zdol\u00e1vali st\u0159echu Evropy\">[&#8230;]<\/a><\/p>\n<\/div>","protected":false},"author":1,"featured_media":0,"comment_status":"open","ping_status":"closed","sticky":false,"template":"","format":"standard","meta":{"footnotes":""},"categories":[9],"tags":[],"class_list":["post-26794","post","type-post","status-publish","format-standard","hentry","category-zpravy"],"_links":{"self":[{"href":"https:\/\/www.invarena.cz\/index.php?rest_route=\/wp\/v2\/posts\/26794","targetHints":{"allow":["GET"]}}],"collection":[{"href":"https:\/\/www.invarena.cz\/index.php?rest_route=\/wp\/v2\/posts"}],"about":[{"href":"https:\/\/www.invarena.cz\/index.php?rest_route=\/wp\/v2\/types\/post"}],"author":[{"embeddable":true,"href":"https:\/\/www.invarena.cz\/index.php?rest_route=\/wp\/v2\/users\/1"}],"replies":[{"embeddable":true,"href":"https:\/\/www.invarena.cz\/index.php?rest_route=%2Fwp%2Fv2%2Fcomments&post=26794"}],"version-history":[{"count":0,"href":"https:\/\/www.invarena.cz\/index.php?rest_route=\/wp\/v2\/posts\/26794\/revisions"}],"wp:attachment":[{"href":"https:\/\/www.invarena.cz\/index.php?rest_route=%2Fwp%2Fv2%2Fmedia&parent=26794"}],"wp:term":[{"taxonomy":"category","embeddable":true,"href":"https:\/\/www.invarena.cz\/index.php?rest_route=%2Fwp%2Fv2%2Fcategories&post=26794"},{"taxonomy":"post_tag","embeddable":true,"href":"https:\/\/www.invarena.cz\/index.php?rest_route=%2Fwp%2Fv2%2Ftags&post=26794"}],"curies":[{"name":"wp","href":"https:\/\/api.w.org\/{rel}","templated":true}]}}