{"id":26804,"date":"2016-12-23T18:37:37","date_gmt":"2016-12-23T17:37:37","guid":{"rendered":"http:\/\/www.invarena.cz\/?p=26804"},"modified":"2016-12-23T18:38:32","modified_gmt":"2016-12-23T17:38:32","slug":"matyas-se-narodil-s-autismem","status":"publish","type":"post","link":"https:\/\/www.invarena.cz\/?p=26804","title":{"rendered":"Maty\u00e1\u0161 se narodil s autismem&#8230;"},"content":{"rendered":"<p>Perchtu P\u00e1tou (36) z Prahy kv\u016fli posti\u017een\u00e9mu synovi opustil partner * Ona to ale nevzdala a vydala vlastn\u00ed kn\u00ed\u017eku<!--more--><\/p>\n<p>T\u011a\u0160ILA SE NA T\u0158ET\u00cd D\u00cdT\u011a, V\u0160E SE ZD\u00c1LO ZALIT\u00c9 SLUNCEM. BRZY PO MATY\u00c1\u0160OV\u011a (13) NAROZEN\u00cd V\u0160AK BYLO MAMINCE PERCHT\u011a KAZI P\u00c1T\u00c9 (36) Z PRAHY JASN\u00c9, \u017dE JE SE SYNEM N\u011aCO JINAK.<br \/>\nOTEC CHT\u011aL D\u00c1T AUTISTICK\u00c9HO SYNA DO \u00daSTAVU, PROTI TOMU SE ALE PERCHTA POSTAVILA.<br \/>\nTAK JI PARTNER, S N\u00cdM\u017d KROM\u011a MATY\u00c1\u0160E M\u011aLA JE\u0160T\u011a DV\u011a STAR\u0160\u00cd D\u011aTI \u2013 TADE\u00c1\u0160E (17) A BERENIKU (14), NAKONEC OPUSTIL. ZA\u017dILA \u0158ADU KRU\u0160N\u00ddCH CHVIL, ALE NIKDY ROZHODNUT\u00cd ZA SYNA BOJOVAT NELITOVALA. A DNES NA N\u011aJ M\u016e\u017dE B\u00ddT MOC PY\u0160N\u00c1, SPOLE\u010cN\u011a TOTI\u017d DOK\u00c1ZALI VYDAT UNIK\u00c1TN\u00cd KN\u00cd\u017dKU\u2026<\/p>\n<p>T\u011bhotenstv\u00ed i porod prob\u00edhaly norm\u00e1ln\u011b. &#8222;V\u0161echna vy\u0161et\u0159en\u00ed b\u011bhem t\u011bhotenstv\u00ed jsem m\u011bla v po\u0159\u00e1dku, dokto\u0159i mi dokonce \u0159\u00edkali, \u017ee jsem uk\u00e1zkov\u00e1,&#8220;<\/p>\n<p>vypr\u00e1v\u00ed Perchta s t\u00edm, \u017ee autismus se u Maty\u00e1\u0161e poda\u0159ilo odhalit v jeho 18 m\u011bs\u00edc\u00edch. &#8222;Kdy\u017e za\u010dal chodit, byl neposedn\u00fd, kdy\u017e upadl, neplakal. Nehr\u00e1l si s ostatn\u00edmi d\u011btmi, nejrad\u011bji byl s\u00e1m. R\u00e1d si t\u0159eba hr\u00e1l se \u0161\u0148\u016frou od telefonu, tahal ji cel\u00e9 hodiny po byt\u011b. Posledn\u00ed zvl\u00e1\u0161tnost\u00ed, kter\u00e1 rozhodla, \u017ee ho d\u00e1me vy\u0161et\u0159it, bylo, \u017ee v\u016fbec nemluvil a ani nereagoval na osloven\u00ed,&#8220; vzpom\u00edn\u00e1 Maty\u00e1\u0161ova maminka. Jeho otec to z\u0159ejm\u011b bral jako selh\u00e1n\u00ed, syna cht\u011bl um\u00edstit do \u00fastavu a zapomenout. Perchta v\u0161ak \u0159ekla ne! Syna se nevzdala a nakonec je\u0161t\u011b s dal\u0161\u00edmi dv\u011bma zdrav\u00fdmi d\u011btmi z\u016fstala na Maty\u00e1\u0161e sama cel\u00fdch 11 let. &#8222;Maty\u00e1\u0161 do \u0161esti let nemluvil, byl na plen\u00e1ch, hodn\u011b neklidn\u00fd,&#8220; vzpom\u00edn\u00e1 P\u00e1t\u00e1, kter\u00e1 si vytvo\u0159ila spoustu pom\u016fcek, d\u00edky nim\u017e se synem komunikovala. B\u011bhem prvn\u00edch let toho ani moc nenaspala, mal\u00fd Maty\u00e1\u0161 spal p\u0159es den sotva y p p hodinu, v noci se dlouh\u00e9 hodiny hodiproch\u00e1zel po byt\u011b, doku neusnul na podlaze. &#8222;M\u011bl i r\u016fzn\u00e9 ritu\u00e1ly, t\u0159eba olizoval schody po cest\u011b dom\u016f do prvn\u00edho patra, roho\u017eky,&#8220; l\u00ed\u010d\u00ed Perchta, kter\u00e9 v nejt\u011b\u017e\u0161\u00edch dob\u00e1ch pom\u00e1haly maminka i ob\u011b star\u0161\u00ed d\u011bti. Dnes, kdy\u017e vid\u00ed Maty\u00e1\u0161ovy \u00fasp\u011bchy, je py\u0161n\u00e1, \u017ee to nikdy necht\u011bla vzd\u00e1t.<\/p>\n<p>Nevad\u00ed, \u017ee nejsem jako ostatn\u00ed!<\/p>\n<p>&#8222;V\u0161echno dneska zvl\u00e1d\u00e1m perfektn\u011b, ve \u0161kole m\u011b bav\u00ed zlomky,&#8220; prozradil Aha! pro \u017eeny s\u00e1m Maty\u00e1\u0161, kter\u00fd dnes nav\u0161t\u011bvuje b\u011b\u017enou \u0161kolu, ve kter\u00e9 m\u00e1 \u0159adu p\u0159\u00e1tel. Rozd\u00edl\u016f mezi n\u00edm a jeho vrstevn\u00edky si tu nikdo nev\u0161\u00edm\u00e1 a slo\u017eitosti v\u00fduky mu pom\u00e1h\u00e1 p\u0159ekonat asistentka Vla\u010fka ka<br \/>\nMart\u00ednkov\u00e1. Ta si sv\u00e9ho sv\u011b\u0159ence pochvaluje, jak mu jde matematika, d\u011bjepis atika, t\u011blocvik. I Maty\u00e1\u0161 je se sv\u00fdm osudem obdivuhodn\u011b sm\u00ed\u0159en\u00fd. &#8222;J\u00e1 si mysl\u00edm, \u017ee je to v po\u0159\u00e1dku, \u017ee nevad\u00ed, \u017ee nejsem jako ostatn\u00ed d\u011bti. Hlavn\u011b<br \/>\n\u017ee jsem \u017eivej a zdravej,&#8220;<\/p>\n<p>\u0159\u00edk\u00e1. Jeho maminka Perchta Kazi P\u00e1t\u00e1 zasv\u011btila sv\u016fj \u017eivot nejen p\u00e9\u010di o n\u011bj, ale tak\u00e9 pomoci dal\u0161\u00edm rodi\u010d\u016fm s podobn\u011b posti\u017een\u00fdmi d\u011btmi. Krom\u011b aktivit v zahrani\u010d\u00ed \u00fa\u010dastn\u00ed v \u010cesku \u00ed v\u00fduky medik\u016f na Karlov\u011b a univerzit\u011b, m\u00e1 poradenstv\u00ed pro rodi\u010de a mimo jin\u00e9 ned\u00e1vno vydala svou dala dal\u0161\u00ed knihu, kter\u00e1 je prost\u00fdm unik\u00e1tem.<\/p>\n<p>Uk\u00e1zky z knihy aneb Jak to vid\u00ed autista<\/p>\n<p>&#8211; Jak\u00fd je podle tebe sv\u011bt?<br \/>\n&#8222;Nebezpe\u010dnej, \u017ee je tu hodn\u011b vrah\u016f, vypad\u00e1 to jako zapad\u00e1kov, proto\u017ee jsou ulice posprejovan\u00fd a posmrd\u011bn\u00fd. A jinak je to \u00fatuln\u00fd. Je to jako v r\u00e1ji.&#8220;<br \/>\n&#8211; Jak\u00e9 je slunce?<br \/>\n&#8222;Je to jako lampi\u010dka. My lidi jsme jako n\u00e1bytky a zem\u011b je jako postel.&#8220;<br \/>\n&#8211; Pro\u010d je zem\u011b jako postel?<br \/>\n&#8222;Kdy\u017e chceme sp\u00e1t, tak pot\u0159ebujeme zhasnout lampi\u010dku, a pak aby n\u011bkdo, ten jeden \u010dlov\u011bk, si lehl. Tak\u017ee kdy\u017e se zhasne lampi\u010dka (slunce), tak si na\u0159\u00edd\u00ed\u0161 bud\u00edka a le\u017e\u00ed\u0161. Jo, a bud\u00edky jsou stromy.&#8220;<br \/>\n&#8211; Co si mysl\u00ed\u0161, \u017ee bude v budoucnosti? &#8222;Ur\u010dit\u011b v\u00edm prvn\u00ed v\u011bc, kter\u00e1 bude, jsou l\u00e9taj\u00edc\u00ed auta. Mysl\u00edm, \u017ee bez kole\u010dek.<br \/>\nDruh\u00e1 v\u011bc, \u017ee m\u016f\u017eeme p\u0159em\u00fd\u0161let o tom druh\u00fdm, co se mu te\u010fka d\u011bje v hlav\u011b.<br \/>\nA elektrick\u00fd pejsci. A posledn\u00ed v\u011bc, jsou takov\u00fd elektrick\u00fd bar\u00e1\u010dky.&#8220; * V\u00ed\u0161, co je to l\u00e1ska?<br \/>\n&#8222;L\u00e1ska je slovo. Je to n\u011bco, kdo je n\u011bkdo zamilovan\u00fd. Kdy\u017e se potkaj\u00ed dva p\u00e1ry. Mu\u017e a \u017eena. Budou se koukat na sebe a taky se budou milovat a m\u00edt d\u011bti a bude z toho rodina.&#8220;<\/p>\n<p>Sv\u011bt podle Maty\u00e1\u0161e Jde o knihu rozhovor\u016f s Maty\u00e1\u0161em, kter\u00e1 odtaj\u0148uje sv\u011bt autistick\u00fdch d\u011bt\u00ed. Ukazuje jeho barevnost, zvl\u00e1\u0161tn\u00ed souvislosti i vtipn\u00e9 kontexty, kter\u00e9 by n\u00e1s \u00bbnorm\u00e1ln\u00ed\u00ab nikdy nenapadly. Od sv\u00e9ho vyd\u00e1n\u00ed ji\u017e kniha dok\u00e1zala oslovit \u0159adu \u010dten\u00e1\u0159\u016f. Z\u00e1jem je takov\u00fd, \u017ee je\u0161t\u011b do V\u00e1noc p\u0159ijde na trh dokonce v anglick\u00e9m p\u0159ekladu jako e-kniha. A jak Maty\u00e1\u0161 vid\u00ed svou budoucnost? &#8222;Cht\u011bl bych b\u00fdt prodava\u010dem m hra\u010dek, proto\u017ee chci koupit n\u011bco pro moji budouc\u00ed holku,&#8220; prozradil.<\/p>\n<p>KDO JE TO PREZIDENT? \u2013 Prezident je ten, kdo kandiduje za lidi, a vol\u00ed se tak lid dlouho, dokud d n\u011bkdo nezachr\u00e1n\u00ed na\u0161i planetu. A nn je to ten, kter\u00fd se jmenuje Milo\u0161 Zeman a pije becherovku a Zb sna\u017e\u00ed se zhubnout. sn<\/p>\n<p>JAK VYPAD\u00c1 R\u00c1J? \u2013 No, podle m\u011b je tam to, co m\u00e1 r\u00e1d ten \u010dlov\u011bk. A taky je tam z\u00e1bava a taky tam m\u016f\u017eeme vid\u011bt dal\u0161\u00ed lidi a slunce.<\/p>\n<p>&nbsp;<\/p>\n<p>Ivan D. HLAD\u00cdK<\/p>\n<p>Aha! pro \u017eeny<\/p>\n","protected":false},"excerpt":{"rendered":"<div class=\"mh-excerpt\"><p>Perchtu P\u00e1tou (36) z Prahy kv\u016fli posti\u017een\u00e9mu synovi opustil partner * Ona to ale nevzdala a vydala vlastn\u00ed kn\u00ed\u017eku<\/p>\n<\/div>","protected":false},"author":1,"featured_media":3507,"comment_status":"open","ping_status":"closed","sticky":false,"template":"","format":"standard","meta":{"footnotes":""},"categories":[7],"tags":[],"class_list":["post-26804","post","type-post","status-publish","format-standard","has-post-thumbnail","hentry","category-spolecnost"],"_links":{"self":[{"href":"https:\/\/www.invarena.cz\/index.php?rest_route=\/wp\/v2\/posts\/26804","targetHints":{"allow":["GET"]}}],"collection":[{"href":"https:\/\/www.invarena.cz\/index.php?rest_route=\/wp\/v2\/posts"}],"about":[{"href":"https:\/\/www.invarena.cz\/index.php?rest_route=\/wp\/v2\/types\/post"}],"author":[{"embeddable":true,"href":"https:\/\/www.invarena.cz\/index.php?rest_route=\/wp\/v2\/users\/1"}],"replies":[{"embeddable":true,"href":"https:\/\/www.invarena.cz\/index.php?rest_route=%2Fwp%2Fv2%2Fcomments&post=26804"}],"version-history":[{"count":0,"href":"https:\/\/www.invarena.cz\/index.php?rest_route=\/wp\/v2\/posts\/26804\/revisions"}],"wp:featuredmedia":[{"embeddable":true,"href":"https:\/\/www.invarena.cz\/index.php?rest_route=\/wp\/v2\/media\/3507"}],"wp:attachment":[{"href":"https:\/\/www.invarena.cz\/index.php?rest_route=%2Fwp%2Fv2%2Fmedia&parent=26804"}],"wp:term":[{"taxonomy":"category","embeddable":true,"href":"https:\/\/www.invarena.cz\/index.php?rest_route=%2Fwp%2Fv2%2Fcategories&post=26804"},{"taxonomy":"post_tag","embeddable":true,"href":"https:\/\/www.invarena.cz\/index.php?rest_route=%2Fwp%2Fv2%2Ftags&post=26804"}],"curies":[{"name":"wp","href":"https:\/\/api.w.org\/{rel}","templated":true}]}}