{"id":26840,"date":"2016-12-23T18:36:04","date_gmt":"2016-12-23T17:36:04","guid":{"rendered":"http:\/\/www.invarena.cz\/?p=26840"},"modified":"2016-12-23T18:36:04","modified_gmt":"2016-12-23T17:36:04","slug":"cena-nadace-vodafone-rafael-200-000-korun-pro-neziskovku","status":"publish","type":"post","link":"https:\/\/www.invarena.cz\/?p=26840","title":{"rendered":"Cena Nadace Vodafone Rafael: 200 000 korun pro neziskovku"},"content":{"rendered":"<p>Na dne\u0161n\u00ed tiskov\u00e9 konferenci v Praze byl vyhl\u00e1\u0161en ji\u017e t\u0159et\u00ed ro\u010dn\u00edk Ceny Nadace Vodafone Rafael, kter\u00e1 oce\u0148uje neziskov\u00e9 organizace, kter\u00e9 p\u0159\u00edkladn\u011b vyu\u017e\u00edvaj\u00ed informa\u010dn\u00ed a komunika\u010dn\u00ed technologie ke zlep\u0161en\u00ed kvality \u017eivota lid\u00ed se zdravotn\u00edm posti\u017een\u00edm.<!--more--> S Cenou je spojen\u00e1 finan\u010dn\u00ed odm\u011bna 200 000 korun. Sou\u010dasn\u011b byla vyhl\u00e1\u0161ena liter\u00e1rn\u00ed sout\u011b\u017e Internet a m\u016fj hendikep. Ob\u011b ocen\u011bn\u00ed budou vyhl\u00e1\u0161ena na ji\u017e 17. ro\u010dn\u00edku konference INSPO o informa\u010dn\u00edch a komunika\u010dn\u00edch technologi\u00edch pro osoby se specifick\u00fdmi pot\u0159ebami. Ta se uskute\u010dn\u00ed 25. b\u0159ezna 2017 v Kongresov\u00e9m centru Praha.<br \/>\n<!--more--><br \/>\nCenu Nadace Vodafone Rafael mohou z\u00edskat projekty, kter\u00e9 ji\u017e p\u0159in\u00e1\u0161ej\u00ed u\u017eitek v\u011bt\u0161\u00edmu po\u010dtu u\u017eivatel\u016f (minim\u00e1ln\u011b 300) nejm\u00e9n\u011b po dobu p\u016fl roku. \u201eOcen\u011bn\u00ed by m\u011blo p\u0159isp\u011bt ke zv\u00fd\u0161en\u00ed po\u010dtu u\u017eivatel\u016f a pos\u00edlen\u00ed zna\u010dky dan\u00e9ho \u0159e\u0161en\u00ed. Nadace Vodafone m\u00e1 rovn\u011b\u017e z\u00e1jem podpo\u0159it v budoucnu dal\u0161\u00ed v\u00fdvoj nejlep\u0161\u00edho technologick\u00e9ho projektu nebo zv\u00fd\u0161en\u00ed jeho spole\u010densk\u00e9ho dopadu,\u201c dodala Adriana Dergam, m\u00edstop\u0159edsedkyn\u011b spr\u00e1vn\u00ed rady Nadace Vodafone.<br \/>\nMobiln\u00ed aplikace pro voz\u00ed\u010dk\u00e1\u0159e &amp; aplikace pro zlep\u0161en\u00ed \u010dten\u00e1\u0159sk\u00fdch dovednost\u00ed<br \/>\nV prvn\u00edm ro\u010dn\u00edku z\u00edskala Cenu Rafael \u010cesk\u00e1 asociace paraplegik\u016f \u2013 CZEPA za aplikaci VozejkMap. Jde o mapu bezbari\u00e9rov\u00fdch m\u00edst nejen v \u010cR, na kterou lze p\u0159istupovat pomoc\u00ed mobiln\u00ed aplikace pro chytr\u00e9 telefony nebo p\u0159es webov\u00e9 rozhran\u00ed. Data do n\u00ed zad\u00e1vaj\u00ed a ov\u011b\u0159uj\u00ed samotn\u00ed voz\u00ed\u010dk\u00e1\u0159i.<br \/>\nLetos v b\u0159eznu byla cena ud\u011blena soci\u00e1ln\u00edmu podniku Levebee za projekt V\u010delka. Online aplikace V\u010delka zlep\u0161uje \u00farove\u0148 \u010dten\u00e1\u0159sk\u00fdch dovednost\u00ed, pom\u00e1h\u00e1 d\u011btem p\u0159i obt\u00ed\u017e\u00edch se \u010dten\u00edm, zejm\u00e9na pak d\u011btem s dyslexi\u00ed.<br \/>\n\u201eFinan\u010dn\u00ed odm\u011bna spojen\u00e1 s Cenou Rafael n\u00e1m pomohla zejm\u00e9na urychlit pr\u00e1ce na tabletov\u00fdch verz\u00edch V\u010delky. Poda\u0159ilo se n\u00e1m vypustit do sv\u011bta v\u00fdbornou aplikaci pro tablety s opera\u010dn\u00edm syst\u00e9mem Android a nyn\u00ed dokon\u010dujeme a testujeme verzi pro iPady, na kterou, podle ohlas\u016f na\u0161ich u\u017eivatel\u016f, ji\u017e mnoho rodi\u010d\u016f netrp\u011bliv\u011b \u010dek\u00e1,\u201c \u0159\u00edk\u00e1 Michal Zwinger, jednatel Levebee. K vyu\u017e\u00edv\u00e1n\u00ed aplikace se zaregistrovalo ji\u017e na 6000 rodi\u010d\u016f a individu\u00e1ln\u00edch u\u017eivatel\u016f. V\u010delka se \u0161\u00ed\u0159\u00ed tak\u00e9 do \u0161kol, u\u010ditel\u016f registruje Levebee skoro dva tis\u00edce.<br \/>\nKonference INSPO v b\u0159eznu 2017<br \/>\nVe t\u0159et\u00edm ro\u010dn\u00edku bude Cena Nadace Vodafone Rafael ud\u011blena op\u011bt na konferenci INSPO o informa\u010dn\u00edch a komunika\u010dn\u00edch technologi\u00edch pro osoby se specifick\u00fdmi pot\u0159ebami. Ta se uskute\u010dn\u00ed 25. b\u0159ezna 2017 v Kongresov\u00e9m centru Praha. Jak uvedl organiz\u00e1tor INSPO Jaroslav Winter z BMI sdru\u017een\u00ed, na 17. ro\u010dn\u00edku konference bude p\u0159ed\u00e1no v\u00edce ocen\u011bn\u00ed. Krom\u011b finan\u010dn\u00ed odm\u011bny ve v\u00fd\u0161i 200 000 korun dost\u00e1v\u00e1 v\u00edt\u011bzn\u00e1 organizace i kr\u00e1snou cenu z u\u0161lechtil\u00e9ho skla podle n\u00e1vrhu profesora Mariana Karla z \u010cVUT.<br \/>\nP\u0159i vyhl\u00e1\u0161en\u00ed v\u00fdsledk\u016f liter\u00e1rn\u00ed sout\u011b\u017ee Internet a m\u016fj handicap si odnesou t\u0159i nejlep\u0161\u00ed auto\u0159i 7000, 5000 a 3000 korun, kter\u00e9 v\u011bnuje \u010cSOB. D\u00e1le budou p\u0159ed\u00e1ny ceny ve v\u00fd\u0161i 5000 K\u010d za nejlep\u0161\u00ed p\u0159edn\u00e1\u0161ku v ka\u017ed\u00e9 z programov\u00fdch sekc\u00ed a za nejlep\u0161\u00ed expon\u00e1t, o kter\u00fdch rozhodne hlasov\u00e1n\u00ed \u00fa\u010dastn\u00edk\u016f.<br \/>\nUz\u00e1v\u011brka p\u0159ihl\u00e1\u0161ek do sout\u011b\u017ee o Cenu Nadace Vodafone Rafael je 22. \u00fanora 2017. Do liter\u00e1rn\u00ed sout\u011b\u017ee mohou auto\u0159i se zdravotn\u00edm posti\u017een\u00edm p\u0159ihl\u00e1sit sv\u00e9 p\u0159\u00edsp\u011bvky o tom, jak jim internet nebo telefon pom\u00e1haj\u00ed vyrovnat se s dan\u00fdm zdravotn\u00edm handicapem, nejpozd\u011bji do 19. \u00fanora 2017.<br \/>\nPodrobn\u011bj\u0161\u00ed informace o Cen\u011b Nadace Vodafone Rafael, liter\u00e1rn\u00ed sout\u011b\u017ei Internet a m\u016fj handicap i konferenci INSPO najdou z\u00e1jemci na str\u00e1nk\u00e1ch www.inspo.cz. Gener\u00e1ln\u00edm partnerem konference INSPO je Nadace Vodafone, partnery jsou AutoCont CZ, \u010cSOB a St\u0159edisko Teiresi\u00e1s, medi\u00e1ln\u00edmi partnery \u010cTX Protext a port\u00e1l Helpnet.cz.<\/p>\n<p>Jaroslav Winter<br \/>\nTiskov\u00e1 zpr\u00e1va &#8211; BMI sdru\u017een\u00ed, z.s.,<\/p>\n","protected":false},"excerpt":{"rendered":"<div class=\"mh-excerpt\"><p>Na dne\u0161n\u00ed tiskov\u00e9 konferenci v Praze byl vyhl\u00e1\u0161en ji\u017e t\u0159et\u00ed ro\u010dn\u00edk Ceny Nadace Vodafone Rafael, kter\u00e1 oce\u0148uje neziskov\u00e9 organizace, kter\u00e9 p\u0159\u00edkladn\u011b vyu\u017e\u00edvaj\u00ed informa\u010dn\u00ed a komunika\u010dn\u00ed <a class=\"mh-excerpt-more\" href=\"https:\/\/www.invarena.cz\/?p=26840\" title=\"Cena Nadace Vodafone Rafael: 200 000 korun pro neziskovku\">[&#8230;]<\/a><\/p>\n<\/div>","protected":false},"author":1,"featured_media":0,"comment_status":"open","ping_status":"closed","sticky":false,"template":"","format":"standard","meta":{"footnotes":""},"categories":[9],"tags":[],"class_list":["post-26840","post","type-post","status-publish","format-standard","hentry","category-zpravy"],"_links":{"self":[{"href":"https:\/\/www.invarena.cz\/index.php?rest_route=\/wp\/v2\/posts\/26840","targetHints":{"allow":["GET"]}}],"collection":[{"href":"https:\/\/www.invarena.cz\/index.php?rest_route=\/wp\/v2\/posts"}],"about":[{"href":"https:\/\/www.invarena.cz\/index.php?rest_route=\/wp\/v2\/types\/post"}],"author":[{"embeddable":true,"href":"https:\/\/www.invarena.cz\/index.php?rest_route=\/wp\/v2\/users\/1"}],"replies":[{"embeddable":true,"href":"https:\/\/www.invarena.cz\/index.php?rest_route=%2Fwp%2Fv2%2Fcomments&post=26840"}],"version-history":[{"count":0,"href":"https:\/\/www.invarena.cz\/index.php?rest_route=\/wp\/v2\/posts\/26840\/revisions"}],"wp:attachment":[{"href":"https:\/\/www.invarena.cz\/index.php?rest_route=%2Fwp%2Fv2%2Fmedia&parent=26840"}],"wp:term":[{"taxonomy":"category","embeddable":true,"href":"https:\/\/www.invarena.cz\/index.php?rest_route=%2Fwp%2Fv2%2Fcategories&post=26840"},{"taxonomy":"post_tag","embeddable":true,"href":"https:\/\/www.invarena.cz\/index.php?rest_route=%2Fwp%2Fv2%2Ftags&post=26840"}],"curies":[{"name":"wp","href":"https:\/\/api.w.org\/{rel}","templated":true}]}}