{"id":26853,"date":"2016-12-07T15:50:31","date_gmt":"2016-12-07T14:50:31","guid":{"rendered":"http:\/\/www.invarena.cz\/?p=26853"},"modified":"2016-12-07T15:50:31","modified_gmt":"2016-12-07T14:50:31","slug":"zrakove-postizeny-andel-pomaha-nevidomym","status":"publish","type":"post","link":"https:\/\/www.invarena.cz\/?p=26853","title":{"rendered":"Zrakov\u011b posti\u017een\u00fd &#8222;and\u011bl&#8220; pom\u00e1h\u00e1 nevidom\u00fdm"},"content":{"rendered":"<p><strong>Jarom\u00edru Tich\u00e9mu rozhodn\u011b nechyb\u00ed odhodl\u00e1n\u00ed. A\u010dkoli je odmali\u010dka zrakov\u011b posti\u017een\u00fd, s p\u0159ehledem zvl\u00e1dl vysokou \u0161kolu. B\u011bhem studi\u00ed objevil kouzlo po\u010d\u00edta\u010d\u016f, je\u017e dok\u00e1\u017eou hendikepovan\u00fdm usnadnit \u017eivot. U\u017e dva roky p\u016fsob\u00ed jako lektor v TyfloCentru, kde p\u0159ed\u00e1v\u00e1 sv\u00e9 zku\u0161enosti ostatn\u00edm. Za svou pr\u00e1ci obdr\u017eel minul\u00fd t\u00fdden cenu And\u011blsk\u00e9 ruce, kterou z\u00edsk\u00e1vaj\u00ed lid\u00e9 v soci\u00e1ln\u00edch slu\u017eb\u00e1ch.<\/strong><!--more--><\/p>\n<p>Plze\u0148 \u2013 Jarom\u00edr od narozen\u00ed nevid\u00ed na lev\u00e9 oko, na prav\u00e9m oku m\u00e1 \u0161ed\u00fd z\u00e1kal a jizvy na s\u00edtnici. &#8222;Kv\u016fli tomu jsem m\u011bl velk\u00e9 probl\u00e9my hlavn\u011b se \u010dten\u00edm. Nejt\u011b\u017e\u0161\u00ed to bylo na univerzit\u011b. Je\u0161t\u011b p\u0159ed n\u011bkolika lety nebyly skripta ani knihy digitalizovan\u00e9, tak\u017ee mi texty \u010detli rodi\u010de, babi\u010dka nebo d\u011bde\u010dek,&#8220; popsal studium speci\u00e1ln\u00ed pedagogiky, je\u017e mu zabralo daleko v\u00edce \u010dasu i energie ne\u017e jeho spolu\u017e\u00e1k\u016fm.<\/p>\n<p>T\u0159icetilet\u00fd mu\u017e si v\u0161ak na sv\u00e9 zdravotn\u00ed znev\u00fdhodn\u011bn\u00ed nest\u011b\u017euje. Naopak se je\u0161t\u011b sna\u017e\u00ed pom\u00e1hat druh\u00fdm. Pod\u00edlel se nap\u0159\u00edklad na tom, aby podobnou situaci u\u017e nemuseli dal\u0161\u00ed vysoko\u0161kol\u00e1ci za\u017e\u00edvat. Zapojil se do projektu plze\u0148sk\u00e9 univerzity a TyfloCentra, d\u00edky kter\u00e9mu se mnoho studijn\u00edch materi\u00e1l\u016f digitalizovalo.<\/p>\n<p>V obou instituc\u00edch z\u00edskal Jarom\u00edr zam\u011bstn\u00e1n\u00ed. Dod\u011bl\u00e1 si doktor\u00e1t zam\u011b\u0159en\u00fd na vzd\u011bl\u00e1v\u00e1n\u00ed ve v\u00fdpo\u010detn\u00ed technice. V TyfloCentru, co\u017e je za\u0159\u00edzen\u00ed nab\u00edzej\u00edc\u00ed nevidom\u00fdm nebo slabozrak\u00fdm p\u0159edev\u0161\u00edm volno\u010dasov\u00e9 aktivity a vzd\u011bl\u00e1vac\u00ed kurzy, zase p\u016fsob\u00ed jako lektor PC. &#8222;Te\u010f m\u00e1m na starosti p\u011bt lid\u00ed. U\u010d\u00edm je, jak ovl\u00e1dat speci\u00e1ln\u011b upraven\u00fd po\u010d\u00edta\u010d nebo mobiln\u00ed telefon. V\u00fduka je u nevidom\u00e9ho daleko slo\u017eit\u011bj\u0161\u00ed a del\u0161\u00ed. T\u0159eba rok trvalo, ne\u017e jsme se dostali k mailu, a to byl \u0161ikovn\u00fd klient,&#8220; podotkl.<\/p>\n<p>Sv\u00e9 pr\u00e1ci se Plze\u0148an v\u011bnuje s radost\u00ed. Kdy\u017e si m\u011bl v p\u00e1tek j\u00edt pro cenu And\u011blsk\u00e9 ruce, p\u0159em\u00fd\u0161lel, zda si ji v\u016fbec zaslou\u017e\u00ed. Na galave\u010der nakonec dorazil. &#8222;Jsem vd\u011b\u010dn\u00fd. Beru to i jako ocen\u011bn\u00ed sv\u00fdch koleg\u016f, p\u0159edev\u0161\u00edm sv\u00e9 kolegyn\u011b Lenky. A osobn\u011b jako motivaci pokra\u010dovat,&#8220; uzav\u0159el.<\/p>\n<p>KL\u00c1RA MR\u00c1ZOV\u00c1<br \/>\nKlatovsk\u00fd den\u00edk<br \/>\n<a href=\"http:\/\/klatovsky.denik.cz\/\">http:\/\/klatovsky.denik.cz\/<\/a><\/p>\n","protected":false},"excerpt":{"rendered":"<div class=\"mh-excerpt\"><p>Jarom\u00edru Tich\u00e9mu rozhodn\u011b nechyb\u00ed odhodl\u00e1n\u00ed. A\u010dkoli je odmali\u010dka zrakov\u011b posti\u017een\u00fd, s p\u0159ehledem zvl\u00e1dl vysokou \u0161kolu. B\u011bhem studi\u00ed objevil kouzlo po\u010d\u00edta\u010d\u016f, je\u017e dok\u00e1\u017eou hendikepovan\u00fdm usnadnit \u017eivot. <a class=\"mh-excerpt-more\" href=\"https:\/\/www.invarena.cz\/?p=26853\" title=\"Zrakov\u011b posti\u017een\u00fd &#8222;and\u011bl&#8220; pom\u00e1h\u00e1 nevidom\u00fdm\">[&#8230;]<\/a><\/p>\n<\/div>","protected":false},"author":1,"featured_media":783,"comment_status":"open","ping_status":"closed","sticky":false,"template":"","format":"standard","meta":{"footnotes":""},"categories":[9],"tags":[],"class_list":["post-26853","post","type-post","status-publish","format-standard","has-post-thumbnail","hentry","category-zpravy"],"_links":{"self":[{"href":"https:\/\/www.invarena.cz\/index.php?rest_route=\/wp\/v2\/posts\/26853","targetHints":{"allow":["GET"]}}],"collection":[{"href":"https:\/\/www.invarena.cz\/index.php?rest_route=\/wp\/v2\/posts"}],"about":[{"href":"https:\/\/www.invarena.cz\/index.php?rest_route=\/wp\/v2\/types\/post"}],"author":[{"embeddable":true,"href":"https:\/\/www.invarena.cz\/index.php?rest_route=\/wp\/v2\/users\/1"}],"replies":[{"embeddable":true,"href":"https:\/\/www.invarena.cz\/index.php?rest_route=%2Fwp%2Fv2%2Fcomments&post=26853"}],"version-history":[{"count":0,"href":"https:\/\/www.invarena.cz\/index.php?rest_route=\/wp\/v2\/posts\/26853\/revisions"}],"wp:featuredmedia":[{"embeddable":true,"href":"https:\/\/www.invarena.cz\/index.php?rest_route=\/wp\/v2\/media\/783"}],"wp:attachment":[{"href":"https:\/\/www.invarena.cz\/index.php?rest_route=%2Fwp%2Fv2%2Fmedia&parent=26853"}],"wp:term":[{"taxonomy":"category","embeddable":true,"href":"https:\/\/www.invarena.cz\/index.php?rest_route=%2Fwp%2Fv2%2Fcategories&post=26853"},{"taxonomy":"post_tag","embeddable":true,"href":"https:\/\/www.invarena.cz\/index.php?rest_route=%2Fwp%2Fv2%2Ftags&post=26853"}],"curies":[{"name":"wp","href":"https:\/\/api.w.org\/{rel}","templated":true}]}}