{"id":26854,"date":"2016-12-07T15:54:47","date_gmt":"2016-12-07T14:54:47","guid":{"rendered":"http:\/\/www.invarena.cz\/?p=26854"},"modified":"2016-12-07T15:54:47","modified_gmt":"2016-12-07T14:54:47","slug":"domov-duchodcu-usti-nad-orlici-pomaha-postavit-lukase-na-nohy","status":"publish","type":"post","link":"https:\/\/www.invarena.cz\/?p=26854","title":{"rendered":"Domov d\u016fchodc\u016f \u00dast\u00ed nad Orlic\u00ed pom\u00e1h\u00e1 postavit Luk\u00e1\u0161e na nohy"},"content":{"rendered":"<p><strong>Domov d\u016fchodc\u016f \u00dast\u00ed nad Orlic\u00ed se p\u0159ed \u010dasem stal sb\u011brn\u00fdm m\u00edstem pomoci pro Luk\u00e1\u0161e ze \u017d\u010f\u00e1ru nad S\u00e1zavou, \u017e\u00e1ka z\u00e1kladn\u00ed \u0161koly, kter\u00fd je od d\u011btstv\u00ed upout\u00e1n na invalidn\u00ed voz\u00edk, absolvoval \u0159adu operac\u00ed a dal\u0161\u00ed jej \u010dekaj\u00ed. Ale chodit bude! Aby chodil, pot\u0159ebuje dal\u0161\u00ed operace a n\u00e1sledn\u00e9 rehabilitace, na n\u011b\u017e poji\u0161\u0165ovny p\u0159isp\u00edvaj\u00ed pouze \u010d\u00e1ste\u010dn\u011b.<\/strong> <!--more--><\/p>\n<p>\u00dast\u00ed nad Orlic\u00ed \u2013 Luk\u00e1\u0161ovi spolu\u017e\u00e1ci se p\u0159ihl\u00e1sili do sb\u011bru n\u00e1pojov\u00fdch v\u00ed\u010dek, aby sv\u00e9ho kamar\u00e1da finan\u010dn\u011b podpo\u0159ili. Domov d\u016fchodc\u016f \u00dast\u00ed nad Orlic\u00ed za\u010dal v\u00ed\u010dka pro Luk\u00e1\u0161e sb\u00edrat rovn\u011b\u017e. A nejen v\u00ed\u010dka.<\/p>\n<p>POM\u00c1HAJ\u00cd V\u00cd\u010cKA I PEN\u00cdZE<\/p>\n<p>&#8222;S n\u00e1padem pomoci i u n\u00e1s stav\u011bt Luk\u00e1\u0161e na nohy p\u0159i\u0161ly v na\u0161em domov\u011b kolegyn\u011b z \u00faseku p\u0159\u00edm\u00e9 p\u00e9\u010de, p\u0159edev\u0161\u00edm vedouc\u00ed p\u0159\u00edm\u00e9 p\u00e9\u010de Karol\u00edna Sta\u0148kov\u00e1. Prvn\u00ed pytle s v\u00ed\u010dky jsme Luk\u00e1\u0161ov\u011b mamince odvezli p\u0159ed n\u011bkolika m\u011bs\u00edci, v Orlick\u00e9m den\u00edku o tom napsali a v\u00ed\u010dka za\u010dali do domova p\u0159in\u00e1\u0161et i dal\u0161\u00ed lid\u00e9, \u00fa\u0159ady a obce. Letos na podzim jsme se rozhodli prov\u00e9st rovn\u011b\u017e finan\u010dn\u00ed sb\u00edrku mezi zam\u011bstnanci. Jsem p\u0159\u00edjemn\u011b p\u0159ekvapen t\u00edm, \u017ee p\u0159i platech, kter\u00e9 jsou v soci\u00e1ln\u00edm sektoru nastaveny n\u00edzko, se vybralo osm tis\u00edc korun.<\/p>\n<p>Kdy\u017e jsme odv\u00e1\u017eeli leto\u0161n\u00ed \u00b4\u00farodu\u00b4, museli jsme si p\u016fj\u010dit v\u011bt\u0161\u00ed auto, do na\u0161eho slu\u017eebn\u00edho by se ta \u0159ada napln\u011bn\u00fdch pytl\u016f neve\u0161la,&#8220; vysv\u011btlil Jan Vojvod\u00edk, \u0159editel Domova d\u016fchodc\u016f \u00dast\u00ed nad Orlic\u00ed.<\/p>\n<p>\u0158ada operac\u00ed, kterou t\u0159in\u00e1ctilet\u00fd Luk\u00e1\u0161 proch\u00e1z\u00ed, p\u0159edstavuje bolestivou \u017eivotn\u00ed zku\u0161enost. P\u0159esto je Luk\u00e1\u0161 vesel\u00fd, vyrovnan\u00fd kluk, se kter\u00fdm je legrace.<\/p>\n<p>&#8222;V na\u0161em domov\u011b jsme zvykl\u00ed stav\u011bt na nohy lidi, kte\u0159\u00ed p\u0159ich\u00e1zej\u00ed vle\u017ee z vlastn\u00edho prost\u0159ed\u00ed, nemocnic nebo l\u00e9\u010deben. \u010casto se n\u00e1m to poda\u0159\u00ed, k na\u0161emu \u00fadivu i \u00fadivu u\u017eivatel\u016f a jejich rodin. Postavit na nohy Luk\u00e1\u0161e ze \u017d\u010f\u00e1ru, k tomu ale nesta\u010d\u00ed motivovan\u00ed zam\u011bstnanci a chu\u0165 pom\u00e1hat. V Luk\u00e1\u0161ov\u011b p\u0159\u00edpad\u011b na nohy stav\u00ed tak\u00e9 pen\u00edze \u2013 a ty je pot\u0159eba d\u00e1t dohromady. T\u0159eba v\u00ed\u010dky, t\u0159eba finan\u010dn\u00edmi sb\u00edrkami \u2013 i kdy\u017e je smutn\u00e9, \u017ee v zemi, kde se na poji\u0161\u0165ovnu p\u00ed\u0161e i paralen, se rehabilitace d\u011bt\u00ed plat\u00ed plastov\u00fdmi v\u00ed\u010dky,&#8220; dokon\u010dil Jan Vojvod\u00edk.<\/p>\n<p>Sb\u00edrka v\u00ed\u010dek pro Luk\u00e1\u0161e pokra\u010duje! V Domov\u011b d\u016fchodc\u016f \u00dast\u00ed nad Orlic\u00ed je i nad\u00e1le sb\u011brn\u00e9 m\u00edsto.<\/p>\n<p>Orlick\u00fd den\u00edk<br \/>\n<a href=\"http:\/\/orlicky.denik.cz\/\">http:\/\/orlicky.denik.cz\/<\/a><\/p>\n","protected":false},"excerpt":{"rendered":"<div class=\"mh-excerpt\"><p>Domov d\u016fchodc\u016f \u00dast\u00ed nad Orlic\u00ed se p\u0159ed \u010dasem stal sb\u011brn\u00fdm m\u00edstem pomoci pro Luk\u00e1\u0161e ze \u017d\u010f\u00e1ru nad S\u00e1zavou, \u017e\u00e1ka z\u00e1kladn\u00ed \u0161koly, kter\u00fd je od d\u011btstv\u00ed <a class=\"mh-excerpt-more\" href=\"https:\/\/www.invarena.cz\/?p=26854\" title=\"Domov d\u016fchodc\u016f \u00dast\u00ed nad Orlic\u00ed pom\u00e1h\u00e1 postavit Luk\u00e1\u0161e na nohy\">[&#8230;]<\/a><\/p>\n<\/div>","protected":false},"author":1,"featured_media":0,"comment_status":"open","ping_status":"closed","sticky":false,"template":"","format":"standard","meta":{"footnotes":""},"categories":[9],"tags":[],"class_list":["post-26854","post","type-post","status-publish","format-standard","hentry","category-zpravy"],"_links":{"self":[{"href":"https:\/\/www.invarena.cz\/index.php?rest_route=\/wp\/v2\/posts\/26854","targetHints":{"allow":["GET"]}}],"collection":[{"href":"https:\/\/www.invarena.cz\/index.php?rest_route=\/wp\/v2\/posts"}],"about":[{"href":"https:\/\/www.invarena.cz\/index.php?rest_route=\/wp\/v2\/types\/post"}],"author":[{"embeddable":true,"href":"https:\/\/www.invarena.cz\/index.php?rest_route=\/wp\/v2\/users\/1"}],"replies":[{"embeddable":true,"href":"https:\/\/www.invarena.cz\/index.php?rest_route=%2Fwp%2Fv2%2Fcomments&post=26854"}],"version-history":[{"count":0,"href":"https:\/\/www.invarena.cz\/index.php?rest_route=\/wp\/v2\/posts\/26854\/revisions"}],"wp:attachment":[{"href":"https:\/\/www.invarena.cz\/index.php?rest_route=%2Fwp%2Fv2%2Fmedia&parent=26854"}],"wp:term":[{"taxonomy":"category","embeddable":true,"href":"https:\/\/www.invarena.cz\/index.php?rest_route=%2Fwp%2Fv2%2Fcategories&post=26854"},{"taxonomy":"post_tag","embeddable":true,"href":"https:\/\/www.invarena.cz\/index.php?rest_route=%2Fwp%2Fv2%2Ftags&post=26854"}],"curies":[{"name":"wp","href":"https:\/\/api.w.org\/{rel}","templated":true}]}}