{"id":26872,"date":"2016-12-13T09:11:45","date_gmt":"2016-12-13T08:11:45","guid":{"rendered":"http:\/\/www.invarena.cz\/?p=26872"},"modified":"2016-12-13T09:11:45","modified_gmt":"2016-12-13T08:11:45","slug":"mam-id-3-stupne-mohl-bych-mit-narok-na-prukaz-ztp","status":"publish","type":"post","link":"https:\/\/www.invarena.cz\/?p=26872","title":{"rendered":"M\u00e1m ID 3. stupn\u011b. Mohl bych m\u00edt n\u00e1rok na pr\u016fkaz ZTP?"},"content":{"rendered":"<p><strong>Dotaz:<\/strong><br \/>\n<strong> M\u00e1m dotaz. Jsem v pln\u00e9m invalidn\u00edm d\u016fchodu 3. stupn\u011b se 70%. Cht\u011bl bych pr\u016fkaz ZTP kv\u016fli slev\u011b na j\u00edzdn\u00e9. K d\u016fchodu si nesm\u00edm ani p\u0159ivyd\u011blat. M\u011bl bych na pr\u016fkaz ZTP n\u00e1rok nebo ne?<\/strong><br \/>\n<!--more--><br \/>\n<strong>Odpov\u011b\u010f<\/strong>:<br \/>\nO n\u00e1roku na invalidn\u00ed d\u016fchod a pr\u016fkaz ZTP se rozhoduje na z\u00e1klad\u011b zcela odli\u0161n\u00fdch krit\u00e9ri\u00ed, proto nen\u00ed mo\u017en\u00e9 \u0159\u00edci, zda byste m\u011bl na pr\u016fkaz ZTP n\u00e1rok.<br \/>\nU pr\u016fkazu ZTP hodnot\u00ed L\u00e9ka\u0159sk\u00e1 posudkov\u00e1 slu\u017eba \u010cSSZ pouze V\u00e1\u0161 zdravotn\u00ed stav a to na z\u00e1klad\u011b zdravotn\u00ed dokumentace zaslan\u00e9 Va\u0161\u00edm o\u0161et\u0159uj\u00edc\u00edm l\u00e9ka\u0159em.<br \/>\nPro \u00faplnost uv\u00e1d\u00edm zdravotn\u00ed krit\u00e9ria, na z\u00e1klad\u011b kter\u00fdch LPS \u010cSSZ o n\u00e1roku na pr\u016fkaz ZTP rozhoduje:<br \/>\n2. Za podstatn\u00e9 omezen\u00ed schopnosti pohyblivosti a orientace na \u00farovni t\u011b\u017ek\u00e9ho funk\u010dn\u00edho posti\u017een\u00ed (pr\u016fkaz ZTP) pohyblivosti a orientace lze pova\u017eovat tyto zdravotn\u00ed stavy:<br \/>\na) anatomick\u00e1 ztr\u00e1ta doln\u00ed kon\u010detiny v kolenn\u00edm kloubu nebo v\u00fd\u0161e, exteri\u00e9rov\u00fd u\u017eivatel prot\u00e9zy,<br \/>\nb) anatomick\u00e1 ztr\u00e1ta doln\u00edch kon\u010detin v n\u00e1rtech nebo v n\u00e1rtu a b\u00e9rci,<br \/>\nc) funk\u010dn\u00ed ztr\u00e1ta doln\u00ed kon\u010detiny se ztr\u00e1tou op\u011brn\u00e9 funkce,<br \/>\nd) anatomick\u00e1 ztr\u00e1ta doln\u00ed a horn\u00ed kon\u010detiny v \u00farovni b\u00e9rce a p\u0159edlokt\u00ed,<br \/>\ne) anatomick\u00e1 ztr\u00e1ta horn\u00edch kon\u010detin v \u00farovni p\u0159edlokt\u00ed,<br \/>\nf) t\u011b\u017ek\u00e9 omezen\u00ed funkce dvou kon\u010detin,<br \/>\ng) posti\u017een\u00ed p\u00e1nve prov\u00e1zen\u00e9 t\u011b\u017ek\u00fdmi par\u00e9zami doln\u00edch kon\u010detin nebo z\u00e1va\u017enou nestabilitou p\u00e1nevn\u00edho prstence,<br \/>\nh) posti\u017een\u00ed p\u00e1te\u0159e prov\u00e1zen\u00e9 t\u011b\u017ek\u00fdmi par\u00e9zami kon\u010detin nebo ztuhnut\u00edm t\u0159\u00ed \u00fasek\u016f p\u00e1te\u0159e nebo z\u00e1va\u017en\u00e9 deformity p\u00e1te\u0159e s omezen\u00edm exkurz\u00ed hrudn\u00edku,<br \/>\ni) t\u011b\u017ek\u00e9 posti\u017een\u00ed pohyblivosti a celkov\u00e9 v\u00fdkonnosti ji\u017e p\u0159i lehk\u00e9m zat\u00ed\u017een\u00ed p\u0159i intern\u00edch a onkologick\u00fdch posti\u017een\u00edch,<br \/>\nj) celkov\u00e1 ztr\u00e1ta sluchu podle Fowlera 85% a v\u00edce s neschopnost\u00ed sly\u0161et zvuky a rozum\u011bt \u0159e\u010di i p\u0159es nejlep\u0161\u00ed korekci (oboustrann\u00e1 praktick\u00e1 nebo \u00fapln\u00e1 hluchota) u osoby star\u0161\u00ed 18 let v\u011bku,<br \/>\nk) kombinovan\u00e9 posti\u017een\u00ed sluchu a zraku (hluchoslepota) funk\u010dn\u011b v rozsahu oboustrann\u00e9 st\u0159edn\u011b t\u011b\u017ek\u00e9 nedosl\u00fdchavosti, kterou se rozum\u00ed ztr\u00e1ta sluchu podle Fowlera 40 a\u017e 65%, a oboustrann\u00e9 siln\u00e9 slabozrakosti, kterou se rozum\u00ed zrakov\u00e1 ostrost s nejlep\u0161\u00ed mo\u017enou korekc\u00ed na lep\u0161\u00edm oku, kdy maximum je men\u0161\u00ed ne\u017e 6\/60 a minimum rovn\u00e9 nebo lep\u0161\u00ed ne\u017e 3\/60, nebo oboustrann\u00e9 koncentrick\u00e9 z\u00fa\u017een\u00ed zorn\u00e9ho pole v rozsahu 30 a\u017e 10 stup\u0148\u016f, i kdy\u017e centr\u00e1ln\u00ed ostrost nen\u00ed posti\u017eena,<br \/>\nl) oboustrann\u00e1 t\u011b\u017ek\u00e1 ztr\u00e1ta zraku, kterou se rozum\u00ed zrakov\u00e1 ostrost s korekc\u00ed, kdy maximum je men\u0161\u00ed ne\u017e 3\/60, minimum lep\u0161\u00ed ne\u017e 1\/60,<br \/>\nm) psychick\u00e9 posti\u017een\u00ed s \u010dasto se opakuj\u00edc\u00edmi z\u00e1va\u017en\u00fdmi poruchami komunikace a orientace v exteri\u00e9ru v\u010detn\u011b st\u0159edn\u011b funk\u010dn\u00edho typu autismu,<br \/>\nn) neurodegenerativn\u00ed posti\u017een\u00ed s mnoho\u010detn\u00fdmi hybn\u00fdmi komplikacemi typu rigidity, hypokin\u00e9zy, tremoru, ataxie, mimovoln\u00fdch pohyb\u016f.<\/p>\n<p>Ji\u0159\u00ed Marek<br \/>\ninvArena<\/p>\n","protected":false},"excerpt":{"rendered":"<div class=\"mh-excerpt\"><p>Dotaz: M\u00e1m dotaz. Jsem v pln\u00e9m invalidn\u00edm d\u016fchodu 3. stupn\u011b se 70%. Cht\u011bl bych pr\u016fkaz ZTP kv\u016fli slev\u011b na j\u00edzdn\u00e9. K d\u016fchodu si nesm\u00edm ani <a class=\"mh-excerpt-more\" href=\"https:\/\/www.invarena.cz\/?p=26872\" title=\"M\u00e1m ID 3. stupn\u011b. Mohl bych m\u00edt n\u00e1rok na pr\u016fkaz ZTP?\">[&#8230;]<\/a><\/p>\n<\/div>","protected":false},"author":3,"featured_media":21147,"comment_status":"open","ping_status":"closed","sticky":false,"template":"","format":"standard","meta":{"footnotes":""},"categories":[18],"tags":[],"class_list":["post-26872","post","type-post","status-publish","format-standard","has-post-thumbnail","hentry","category-poradna"],"_links":{"self":[{"href":"https:\/\/www.invarena.cz\/index.php?rest_route=\/wp\/v2\/posts\/26872","targetHints":{"allow":["GET"]}}],"collection":[{"href":"https:\/\/www.invarena.cz\/index.php?rest_route=\/wp\/v2\/posts"}],"about":[{"href":"https:\/\/www.invarena.cz\/index.php?rest_route=\/wp\/v2\/types\/post"}],"author":[{"embeddable":true,"href":"https:\/\/www.invarena.cz\/index.php?rest_route=\/wp\/v2\/users\/3"}],"replies":[{"embeddable":true,"href":"https:\/\/www.invarena.cz\/index.php?rest_route=%2Fwp%2Fv2%2Fcomments&post=26872"}],"version-history":[{"count":0,"href":"https:\/\/www.invarena.cz\/index.php?rest_route=\/wp\/v2\/posts\/26872\/revisions"}],"wp:featuredmedia":[{"embeddable":true,"href":"https:\/\/www.invarena.cz\/index.php?rest_route=\/wp\/v2\/media\/21147"}],"wp:attachment":[{"href":"https:\/\/www.invarena.cz\/index.php?rest_route=%2Fwp%2Fv2%2Fmedia&parent=26872"}],"wp:term":[{"taxonomy":"category","embeddable":true,"href":"https:\/\/www.invarena.cz\/index.php?rest_route=%2Fwp%2Fv2%2Fcategories&post=26872"},{"taxonomy":"post_tag","embeddable":true,"href":"https:\/\/www.invarena.cz\/index.php?rest_route=%2Fwp%2Fv2%2Ftags&post=26872"}],"curies":[{"name":"wp","href":"https:\/\/api.w.org\/{rel}","templated":true}]}}