{"id":26873,"date":"2016-12-18T12:48:53","date_gmt":"2016-12-18T11:48:53","guid":{"rendered":"http:\/\/www.invarena.cz\/?p=26873"},"modified":"2016-12-18T12:51:00","modified_gmt":"2016-12-18T11:51:00","slug":"detektory-koure-zrakove-postizenym","status":"publish","type":"post","link":"https:\/\/www.invarena.cz\/?p=26873","title":{"rendered":"Detektory kou\u0159e zrakov\u011b posti\u017een\u00fdm"},"content":{"rendered":"<p>Bezm\u00e1la p\u011bt des\u00edtek detektor\u016f kou\u0159e, oxidu uhli\u010dit\u00e9ho a ho\u0159lav\u00fdch plyn\u016f rozd\u011blila olomouck\u00e1 radnice zrakov\u011b posti\u017een\u00fdm obyvatel\u016fm m\u011bsta. <!--more--><\/p>\n<p>Ve spolupr\u00e1ci se Sjednocenou organizac\u00ed nevidom\u00fdch a slabozrak\u00fdch (SONS) tak letos pokra\u010doval projekt, d\u00edky n\u011bmu\u017e nap\u0159\u00edklad loni z\u00edskala stejn\u00e9 detektory i skoro stovka senior\u016f.<\/p>\n<p>&#8222;V tomto projektu jde p\u0159edev\u0161\u00edm o zaji\u0161t\u011bn\u00ed v\u011bt\u0161\u00ed bezpe\u010dnosti pro znev\u00fdhodn\u011bn\u00e9 skupiny obyvatel,&#8220; uvedl n\u00e1m\u011bstek olomouck\u00e9ho prim\u00e1tora Martin Major (ODS).<br \/>\nLetos na podzim oslovil odbor ochrany olomouck\u00e9ho magistr\u00e1tu zrakov\u011b posti\u017een\u00e9, kte\u0159\u00ed o takov\u00e9 zv\u00fd\u0161en\u00ed bezpe\u010dnosti sv\u00fdch obydl\u00ed maj\u00ed z\u00e1jem.<br \/>\n&#8222;Velmi n\u00e1m v tomto sm\u011bru pomohla spolupr\u00e1ce se Sdru\u017eenou organizac\u00ed nevidom\u00fdch a slabozrak\u00fdch,&#8220; podotkl vedouc\u00ed magistr\u00e1tn\u00edho odboru ochrany Jan Langr.<br \/>\n&#8222;M\u011b moc t\u011b\u0161\u00ed, \u017ee na\u0161i v\u00fdzvu vysly\u0161elo tolik lid\u00ed. Praxe neust\u00e1le ukazuje, \u017ee detektory opravdu v\u00fdrazn\u011b sni\u017euj\u00ed riziko r\u016fzn\u00fdch trag\u00e9di\u00ed, k jak\u00fdm t\u0159eba v souvislosti s oxidem uhli\u010dit\u00fdm v topn\u00e9 sez\u00f3n\u011b doch\u00e1z\u00ed,&#8220; podotkl Major. &#8222;Sta\u010d\u00ed se pod\u00edvat do statistik hasi\u010d\u016f, jak velk\u00e9 riziko to je,&#8220; dodal.<br \/>\nMezi z\u00e1jemce budou v nejbli\u017e\u0161\u00edch dnech rozd\u011bleny r\u016fzn\u00e9 typy detektor\u016f, a to podle toho, zda v p\u0159\u00edslu\u0161n\u00e9m byt\u011b jsou \u010di nejsou plynov\u00e9 spot\u0159ebi\u010de na zemn\u00ed plyn.<br \/>\n&#8222;Instalaci hl\u00e1si\u010d\u016f v jednotliv\u00fdch bytech provedou bezplatn\u011b profesion\u00e1ln\u00ed hasi\u010di, za co\u017e jim tak\u00e9 pat\u0159\u00ed velk\u00e9 pod\u011bkov\u00e1n\u00ed,&#8220; konstatoval n\u00e1m\u011bstek.<br \/>\n&#8222;R\u00e1d bych pod\u011bkoval m\u011bstu za v\u00fdbornou spolupr\u00e1ci. V\u00edm, \u017ee na\u0161i kolegov\u00e9 spolupracuj\u00ed s obcemi i jinde, ale tak dlouhodob\u00e1 a komplexn\u00ed spolupr\u00e1ce, jak\u00e1 se odehr\u00e1v\u00e1 v Olomouci, nikde jinde nen\u00ed,&#8220; zd\u016fraznil vedouc\u00ed oblastn\u00ed odbo\u010dky SONS Jan P\u0159\u00edborsk\u00fd. Dodal p\u0159itom, \u017ee n\u011bkte\u0159\u00ed nevidom\u00ed Olomou\u010dan\u00e9 si sami po\u0159\u00eddili podobn\u00e9 hl\u00e1si\u010de u\u017e d\u0159\u00edve. Celkov\u00fd po\u010det rozd\u011blen\u00fdch detektor\u016f kou\u0159e a hl\u00e1si\u010d\u016f po\u017e\u00e1ru se u\u017e bl\u00ed\u017e\u00ed dv\u011bma stovk\u00e1m. Loni jimi byly vybaveny domy s pe\u010dovatelskou slu\u017ebou a n\u011bkter\u00e9 byty senior\u016f.<br \/>\n&#8222;P\u0159em\u00fd\u0161l\u00edme o tom, \u017ee v p\u0159\u00ed\u0161t\u00edm roce by mohli detektory dostat lid\u00e9 s pohybov\u00fdm posti\u017een\u00edm,&#8220; doplnil Langr s t\u00edm, \u017ee rozd\u011blovan\u00e9 detektory jsou bez\u00fadr\u017ebov\u00e1 za\u0159\u00edzen\u00ed \u0161pi\u010dkov\u00e9 kvality s garanc\u00ed funk\u010dnosti na deset let. Republikov\u011b ojedin\u011bl\u00fd projekt je realizov\u00e1n v \u00fazk\u00e9 spolupr\u00e1ci m\u011bsta a Hasi\u010dsk\u00e9ho z\u00e1chrann\u00e9ho sboru Olomouck\u00e9ho kraje.<\/p>\n<p>Celkov\u00fd po\u010det rozd\u011blen\u00fdch detektor\u016f kou\u0159e a hl\u00e1si\u010d\u016f po\u017e\u00e1ru se u\u017e bl\u00ed\u017e\u00ed dv\u011bma stovk\u00e1m<\/p>\n<p>&nbsp;<\/p>\n<p>Miloslav Hradil<\/p>\n<p>Pr\u00e1vo<\/p>\n","protected":false},"excerpt":{"rendered":"<div class=\"mh-excerpt\"><p>Bezm\u00e1la p\u011bt des\u00edtek detektor\u016f kou\u0159e, oxidu uhli\u010dit\u00e9ho a ho\u0159lav\u00fdch plyn\u016f rozd\u011blila olomouck\u00e1 radnice zrakov\u011b posti\u017een\u00fdm obyvatel\u016fm m\u011bsta.<\/p>\n<\/div>","protected":false},"author":1,"featured_media":0,"comment_status":"open","ping_status":"closed","sticky":false,"template":"","format":"standard","meta":{"footnotes":""},"categories":[9],"tags":[],"class_list":["post-26873","post","type-post","status-publish","format-standard","hentry","category-zpravy"],"_links":{"self":[{"href":"https:\/\/www.invarena.cz\/index.php?rest_route=\/wp\/v2\/posts\/26873","targetHints":{"allow":["GET"]}}],"collection":[{"href":"https:\/\/www.invarena.cz\/index.php?rest_route=\/wp\/v2\/posts"}],"about":[{"href":"https:\/\/www.invarena.cz\/index.php?rest_route=\/wp\/v2\/types\/post"}],"author":[{"embeddable":true,"href":"https:\/\/www.invarena.cz\/index.php?rest_route=\/wp\/v2\/users\/1"}],"replies":[{"embeddable":true,"href":"https:\/\/www.invarena.cz\/index.php?rest_route=%2Fwp%2Fv2%2Fcomments&post=26873"}],"version-history":[{"count":0,"href":"https:\/\/www.invarena.cz\/index.php?rest_route=\/wp\/v2\/posts\/26873\/revisions"}],"wp:attachment":[{"href":"https:\/\/www.invarena.cz\/index.php?rest_route=%2Fwp%2Fv2%2Fmedia&parent=26873"}],"wp:term":[{"taxonomy":"category","embeddable":true,"href":"https:\/\/www.invarena.cz\/index.php?rest_route=%2Fwp%2Fv2%2Fcategories&post=26873"},{"taxonomy":"post_tag","embeddable":true,"href":"https:\/\/www.invarena.cz\/index.php?rest_route=%2Fwp%2Fv2%2Ftags&post=26873"}],"curies":[{"name":"wp","href":"https:\/\/api.w.org\/{rel}","templated":true}]}}