{"id":26885,"date":"2016-12-13T09:08:50","date_gmt":"2016-12-13T08:08:50","guid":{"rendered":"http:\/\/www.invarena.cz\/?p=26885"},"modified":"2016-12-13T09:08:50","modified_gmt":"2016-12-13T08:08:50","slug":"slepi-a-neslysici-v-microsoftu-lepsi-programy-pro-vsechny","status":"publish","type":"post","link":"https:\/\/www.invarena.cz\/?p=26885","title":{"rendered":"SLEP\u00cd A NESLY\u0160\u00cdC\u00cd V MICROSOFTU: LEP\u0160\u00cd PROGRAMY PRO V\u0160ECHNY"},"content":{"rendered":"<p>NEJV\u011aT\u0160\u00cd SV\u011aTOV\u00dd V\u00ddROBCE SOFTWARU ZAPOJUJE HANDICAPOVAN\u00c9 DO V\u00ddVOJE PROGRAM\u016e, KTER\u00c9 T\u00cdM BUDOU P\u0158\u00cdSTUPN\u011aJ\u0160\u00cd PRO V\u0160ECHNY.<!--more--><\/p>\n<p>Saqib Sheikh ztratil zrak, kdy\u017e mu bylo osm let. V britsk\u00e9 \u0161kole pro nevidom\u00e9 se sezn\u00e1mil s mluv\u00edc\u00edmi po\u010d\u00edta\u010di a tak za\u010dal jeho z\u00e1jem o technologie, kter\u00e9 lidem se zrakov\u00fdm posti\u017een\u00edm usnad\u0148uj\u00ed \u017eivot. Dnes Sheikh pracuje u\u017e deset let ve spole\u010dnosti Microsoft jako softwarov\u00fd in\u017een\u00fdr. Nejv\u011bt\u0161\u00ed softwarov\u00e1 firma na sv\u011bt\u011b vyu\u017e\u00edv\u00e1 jeho zku\u0161enost\u00ed k tomu, aby zdokonalovala aplikace ozna\u010dovan\u00e9 jako kognitivn\u00ed slu\u017eby \u2013 po\u010d\u00edta\u010de se pomoc\u00ed um\u011bl\u00e9 inteligence u\u010d\u00ed rozum\u011bt mluven\u00e9 \u0159e\u010di nebo rozpozn\u00e1vat obr\u00e1zky, situace a obli\u010deje. Sheikh st\u00e1l u zrodu softwaru pro speci\u00e1ln\u00ed br\u00fdle a mobily pro nevidom\u00e9, kter\u00fd otev\u00edr\u00e1 zcela netu\u0161en\u00e9 mo\u017enosti toho, jak mohou technologie t\u011bmto lidem pom\u00e1hat.<br \/>\nAplikace v br\u00fdl\u00edch se ovl\u00e1d\u00e1 pohybem ruky nebo hlasem a um\u00ed slepci nap\u0159\u00edklad \u0159\u00edci, \u017ee kolem jede mlad\u00edk na skateboardu. Nebo sv\u00e9mu u\u017eivateli nahl\u00e1s\u00ed, \u017ee u stolku p\u0159ed n\u00edm sed\u00ed \u010dty\u0159icetilet\u00fd mu\u017e s vousy, s p\u0159ekvapen\u00fdm v\u00fdrazem ve tv\u00e1\u0159i. V mobiln\u00edm telefonu zase t\u0159eba um\u00ed d\u00e1t instrukce, aby u\u017eivatel spr\u00e1vn\u011b vyfotil j\u00eddeln\u00ed l\u00edstek v restauraci, a pak si nab\u00eddku p\u0159e\u010dte.<\/p>\n<p>Aby v\u0161ichni dok\u00e1zali v\u00edc<\/p>\n<p>My\u0161lenka vyu\u017e\u00edt zku\u0161enosti lid\u00ed s t\u011blesn\u00fdm posti\u017een\u00edm pro v\u00fdvoj softwaru se dostala mezi priority po p\u0159\u00edchodu Satyi Nadelly, mana\u017eera narozen\u00e9ho v Indii, do \u010dela firmy p\u0159ed t\u0159emi lety. Zapadala do zp\u016fsobu my\u0161len\u00ed nov\u00e9ho gener\u00e1ln\u00edho \u0159editele a spojila se dob\u0159e s jeho viz\u00ed: \u00fakolem Microsoftu je vytv\u00e1\u0159et software a technologie, kter\u00e9 &#8222;umo\u017en\u00ed ka\u017ed\u00e9mu \u010dlov\u011bku a ka\u017ed\u00e9 organizaci na sv\u011bt\u011b dok\u00e1zat v\u00edc&#8220;. Aby se takov\u00fd \u00fakol mohl st\u00e1t realitou, za\u010dal Nadell\u016fv mana\u017eersk\u00fd t\u00fdm kl\u00e1st zvl\u00e1\u0161tn\u00ed d\u016fraz na pojem, kter\u00fd v \u010desk\u00e9m firemn\u00edm prost\u0159ed\u00ed je\u0161t\u011b nem\u00e1 pat\u0159i\u010dn\u00fd ekvivalent: accessibility &#8211; p\u0159\u00edstupnost. Pozvat do v\u00fdvoje program\u016f Microsoftu des\u00edtky lid\u00ed s t\u011blesn\u00fdm a jin\u00fdm posti\u017een\u00edm podle Nadelly pom\u016f\u017ee ud\u011blat programy p\u0159\u00edstupn\u011bj\u0161\u00ed pro miliony r\u016fzn\u00fdch u\u017eivatel\u016f po cel\u00e9 planet\u011b (Microsoft nezve\u0159ej\u0148uje \u00fadaj, kolik takov\u00fdch lid\u00ed zam\u011bstn\u00e1v\u00e1.).<br \/>\n&#8222;T\u00edm Satya Nadella \u00fapln\u011b zm\u011bnil zp\u016fsob toho, jak nad designem program\u016f p\u0159em\u00fd\u0161l\u00edme,&#8220; popisuje zm\u011bnu Ale\u0161 Hole\u010dek, viceprezident v\u00fdvoje pro Office a nejv\u00fd\u0161e postaven\u00fd \u010cech v korpor\u00e1tn\u00ed struktu\u0159e Microsoftu. &#8222;Najednou m\u00e1te spolupracovn\u00edka, kter\u00fd nevid\u00ed a \u0159\u00edk\u00e1: Mohl bys mi pomoci, j\u00e1 si s t\u00edm nev\u00edm rady. Jste v situaci, kdy s t\u00edm opravdu m\u016f\u017eete n\u011bco ud\u011blat. To m\u011bn\u00ed kulturu cel\u00e9 firmy.&#8220;<br \/>\nMicrosoft pro politiku p\u0159\u00edstupnosti dokonce z\u0159\u00eddil zvl\u00e1\u0161tn\u00ed mana\u017eerskou funkci. Tuto roli (chief accessibility officer) zast\u00e1v\u00e1 nesly\u0161\u00edc\u00ed Jenny Lay-Flurrieov\u00e1, jej\u00ed\u017e dvaceti\u010dlenn\u00fd t\u00fdm koordinuje projekty na podporu za\u010dle\u0148ov\u00e1n\u00ed lid\u00ed s posti\u017een\u00edm do chodu firmy a pom\u00e1h\u00e1 inkluzivn\u00ed politiku prosazovat. Lay-Flurrieov\u00e1 se star\u00e1 i o to, aby se tato politika stala trvalou sou\u010d\u00e1st\u00ed firemn\u00ed kultury.<\/p>\n<p>A\u017e budou dne\u0161n\u00ed u\u017eivatel\u00e9 seniory<\/p>\n<p>Hole\u010dek i Lay-Flurrieov\u00e1 \u0159\u00edkaj\u00ed, \u017ee zohledn\u011bn\u00ed pot\u0159eb lid\u00ed s poruchami zraku nebo sluchu p\u0159i v\u00fdvoji softwaru je ve v\u00fdsledku dobr\u00e9 nejen pro handicapovan\u00e9, ale i pro v\u011bt\u0161inov\u00e9 u\u017eivatele. Mo\u017enost ovl\u00e1dat mobil nebo po\u010d\u00edta\u010d hlasem ocen\u00ed t\u0159eba \u010dlov\u011bk, kter\u00fd \u0159\u00edd\u00ed auto a pot\u0159ebuje nadiktovat textovou zpr\u00e1vu. Do p\u0159irozen\u011bj\u0161\u00edho ovl\u00e1d\u00e1n\u00ed po\u010d\u00edta\u010d\u016f a mobil\u016f Microsoft tak\u00e9 tla\u010d\u00ed konkurence, nov\u00e9 aplikace a zejm\u00e9na Google a Amazon.<br \/>\nNa p\u0159\u00edstupn\u011bj\u0161\u00edm softwaru budou \u010d\u00edm d\u00e1l v\u00edce z\u00e1visl\u00e9 i generace sou\u010dasn\u00fdch u\u017eivatel\u016f, kte\u0159\u00ed se budou postupn\u011b dost\u00e1vat do v\u011bku senior\u016f. &#8222;Nechci v\u00e1s stra\u0161it chmurn\u00fdmi p\u0159edstavami, ale nakonec bude v kategorii nad \u0161edes\u00e1t p\u011bt let jeden \u010dlov\u011bk z p\u011bti muset \u0159e\u0161it probl\u00e9m, kter\u00fd m\u00e1m j\u00e1 \u2013 ztr\u00e1tu sluchu,&#8220; \u0159\u00edk\u00e1 Lay-Flurrieov\u00e1. &#8222;Proto je pot\u0159eba po\u0159\u00e1d myslet na to, jak navrhovat software pro n\u011bkoho, kdo nen\u00ed stejn\u00fd jako vy.&#8220;<br \/>\nMicrosoft se neomezuje jen na za\u010dle\u0148ov\u00e1n\u00ed lid\u00ed s fyzick\u00fdm posti\u017een\u00edm. Inkluzivn\u00ed programy firmy se od lo\u0148sk\u00e9ho roku t\u00fdkaj\u00ed i lid\u00ed s neuroporuchami, nap\u0159\u00edklad s autismem. Tady spolupracuje Microsoft i s firmami, jako jsou EY a SAP.<\/p>\n<p>Marek Miler<br \/>\nHospod\u00e1\u0159sk\u00e9 noviny<\/p>\n","protected":false},"excerpt":{"rendered":"<div class=\"mh-excerpt\"><p>NEJV\u011aT\u0160\u00cd SV\u011aTOV\u00dd V\u00ddROBCE SOFTWARU ZAPOJUJE HANDICAPOVAN\u00c9 DO V\u00ddVOJE PROGRAM\u016e, KTER\u00c9 T\u00cdM BUDOU P\u0158\u00cdSTUPN\u011aJ\u0160\u00cd PRO V\u0160ECHNY.<\/p>\n<\/div>","protected":false},"author":1,"featured_media":0,"comment_status":"open","ping_status":"closed","sticky":false,"template":"","format":"standard","meta":{"footnotes":""},"categories":[9],"tags":[],"class_list":["post-26885","post","type-post","status-publish","format-standard","hentry","category-zpravy"],"_links":{"self":[{"href":"https:\/\/www.invarena.cz\/index.php?rest_route=\/wp\/v2\/posts\/26885","targetHints":{"allow":["GET"]}}],"collection":[{"href":"https:\/\/www.invarena.cz\/index.php?rest_route=\/wp\/v2\/posts"}],"about":[{"href":"https:\/\/www.invarena.cz\/index.php?rest_route=\/wp\/v2\/types\/post"}],"author":[{"embeddable":true,"href":"https:\/\/www.invarena.cz\/index.php?rest_route=\/wp\/v2\/users\/1"}],"replies":[{"embeddable":true,"href":"https:\/\/www.invarena.cz\/index.php?rest_route=%2Fwp%2Fv2%2Fcomments&post=26885"}],"version-history":[{"count":0,"href":"https:\/\/www.invarena.cz\/index.php?rest_route=\/wp\/v2\/posts\/26885\/revisions"}],"wp:attachment":[{"href":"https:\/\/www.invarena.cz\/index.php?rest_route=%2Fwp%2Fv2%2Fmedia&parent=26885"}],"wp:term":[{"taxonomy":"category","embeddable":true,"href":"https:\/\/www.invarena.cz\/index.php?rest_route=%2Fwp%2Fv2%2Fcategories&post=26885"},{"taxonomy":"post_tag","embeddable":true,"href":"https:\/\/www.invarena.cz\/index.php?rest_route=%2Fwp%2Fv2%2Ftags&post=26885"}],"curies":[{"name":"wp","href":"https:\/\/api.w.org\/{rel}","templated":true}]}}