{"id":26886,"date":"2016-12-12T17:22:29","date_gmt":"2016-12-12T16:22:29","guid":{"rendered":"http:\/\/www.invarena.cz\/?p=26886"},"modified":"2016-12-12T17:22:29","modified_gmt":"2016-12-12T16:22:29","slug":"adventni-koncert-udelal-radost-hendikepovanym-vincentina","status":"publish","type":"post","link":"https:\/\/www.invarena.cz\/?p=26886","title":{"rendered":"Adventn\u00ed koncert ud\u011blal radost hendikepovan\u00fdm Vincentina"},"content":{"rendered":"<p><strong>Kolob\u011bh \u017eivota je ne\u00faprosn\u00fd. Ka\u017ed\u00fd z n\u00e1s ho pro\u017e\u00edv\u00e1 jinak, po sv\u00e9m, jak je mu p\u0159edur\u010deno profes\u00ed a pracovn\u00ed n\u00e1pln\u00ed. Jsou v\u0161ak mezi n\u00e1mi lid\u00e9, t\u011blesn\u011b \u010di du\u0161evn\u011b hendikepovan\u00ed, \u017eij\u00edc\u00ed v domovech pro osoby se zdravotn\u00edm posti\u017een\u00edm.<\/strong> <!--more--><\/p>\n<p>Cel\u00fd \u010dl\u00e1nek <a href=\"http:\/\/slovacky.denik.cz\/kultura_region\/adventni-koncert-udelal-radost-hendikepovanym-vincentina-20161211.html\">ZDE<\/a><\/p>\n","protected":false},"excerpt":{"rendered":"<div class=\"mh-excerpt\"><p>Kolob\u011bh \u017eivota je ne\u00faprosn\u00fd. Ka\u017ed\u00fd z n\u00e1s ho pro\u017e\u00edv\u00e1 jinak, po sv\u00e9m, jak je mu p\u0159edur\u010deno profes\u00ed a pracovn\u00ed n\u00e1pln\u00ed. Jsou v\u0161ak mezi n\u00e1mi lid\u00e9, <a class=\"mh-excerpt-more\" href=\"https:\/\/www.invarena.cz\/?p=26886\" title=\"Adventn\u00ed koncert ud\u011blal radost hendikepovan\u00fdm Vincentina\">[&#8230;]<\/a><\/p>\n<\/div>","protected":false},"author":1,"featured_media":4001,"comment_status":"open","ping_status":"closed","sticky":false,"template":"","format":"standard","meta":{"footnotes":""},"categories":[9],"tags":[],"class_list":["post-26886","post","type-post","status-publish","format-standard","has-post-thumbnail","hentry","category-zpravy"],"_links":{"self":[{"href":"https:\/\/www.invarena.cz\/index.php?rest_route=\/wp\/v2\/posts\/26886","targetHints":{"allow":["GET"]}}],"collection":[{"href":"https:\/\/www.invarena.cz\/index.php?rest_route=\/wp\/v2\/posts"}],"about":[{"href":"https:\/\/www.invarena.cz\/index.php?rest_route=\/wp\/v2\/types\/post"}],"author":[{"embeddable":true,"href":"https:\/\/www.invarena.cz\/index.php?rest_route=\/wp\/v2\/users\/1"}],"replies":[{"embeddable":true,"href":"https:\/\/www.invarena.cz\/index.php?rest_route=%2Fwp%2Fv2%2Fcomments&post=26886"}],"version-history":[{"count":0,"href":"https:\/\/www.invarena.cz\/index.php?rest_route=\/wp\/v2\/posts\/26886\/revisions"}],"wp:featuredmedia":[{"embeddable":true,"href":"https:\/\/www.invarena.cz\/index.php?rest_route=\/wp\/v2\/media\/4001"}],"wp:attachment":[{"href":"https:\/\/www.invarena.cz\/index.php?rest_route=%2Fwp%2Fv2%2Fmedia&parent=26886"}],"wp:term":[{"taxonomy":"category","embeddable":true,"href":"https:\/\/www.invarena.cz\/index.php?rest_route=%2Fwp%2Fv2%2Fcategories&post=26886"},{"taxonomy":"post_tag","embeddable":true,"href":"https:\/\/www.invarena.cz\/index.php?rest_route=%2Fwp%2Fv2%2Ftags&post=26886"}],"curies":[{"name":"wp","href":"https:\/\/api.w.org\/{rel}","templated":true}]}}