{"id":26887,"date":"2016-12-12T17:28:27","date_gmt":"2016-12-12T16:28:27","guid":{"rendered":"http:\/\/www.invarena.cz\/?p=26887"},"modified":"2016-12-12T17:28:27","modified_gmt":"2016-12-12T16:28:27","slug":"mpsv-vydalo-aktualizovanou-prirucku-pro-osoby-se-zdravotnim-postizenim-v-roce-2016","status":"publish","type":"post","link":"https:\/\/www.invarena.cz\/?p=26887","title":{"rendered":"MPSV vydalo aktualizovanou P\u0159\u00edru\u010dku pro osoby se zdravotn\u00edm posti\u017een\u00edm v roce 2016"},"content":{"rendered":"<p><strong>Pro velk\u00fd z\u00e1jem ve\u0159ejnosti MPSV vydalo aktualizovanou &#8222;P\u0159\u00edru\u010dku pro osoby se zdravotn\u00edm posti\u017een\u00edm v roce 2016&#8220;. P\u0159\u00edru\u010dka si klade za c\u00edl usnadnit lidem s handicapem orientaci v mnohdy slo\u017eit\u00e9m soci\u00e1ln\u00edm syst\u00e9mu.<\/strong><!--more--><\/p>\n<p>Aktualizovan\u00e1 verze obsahuje mimo jin\u00e9 informace o tom, \u017ee letos se poprv\u00e9 od jeho zaveden\u00ed zv\u00fd\u0161il p\u0159\u00edsp\u011bvek na p\u00e9\u010di. Obsahuje ale tak\u00e9 \u0159adu dal\u0161\u00edch d\u016fle\u017eit\u00fdch informac\u00ed, tip\u016f a rad.<\/p>\n<p>&#8222;Jedn\u00edm z hlavn\u00edch c\u00edl\u016f Ministerstva pr\u00e1ce a soci\u00e1ln\u00edch v\u011bc\u00ed je zabezpe\u010dit pomoc lidem, kte\u0159\u00ed ji pot\u0159ebuj\u00ed. Proto jsme se rozhodli pro ji\u017e t\u0159et\u00ed vyd\u00e1n\u00ed t\u00e9to p\u0159\u00edru\u010dky, ve kter\u00e9 chceme \u010dten\u00e1\u0159\u016fm poskytnout p\u0159ehledn\u00e9, aktu\u00e1ln\u00ed a srozumiteln\u00e9 informace,&#8220; uvedla ministryn\u011b Michaela Marksov\u00e1.<\/p>\n<p>Z p\u0159\u00edru\u010dky se mimo jin\u00e9 \u010dten\u00e1\u0159i dozv\u011bd\u00ed, \u017ee od 1. srpna 2016 do\u0161lo k desetiprocentn\u00edmu zv\u00fd\u0161en\u00ed \u010d\u00e1stek u p\u0159\u00edsp\u011bvku na p\u00e9\u010di.<\/p>\n<p>Publikace d\u00e1le odpov\u00edd\u00e1 na ot\u00e1zky typu: za jak\u00fdch podm\u00ednek m\u00e1 \u010dlov\u011bk n\u00e1rok na p\u0159\u00edsp\u011bvek na p\u00e9\u010di, jak\u00e1 je jeho v\u00fd\u0161e, kde m\u016f\u017ee o d\u00e1vky \u017e\u00e1dat, kdo o p\u0159\u00edsp\u011bvku rozhoduje, jak\u00e9 dokumenty a tiskopisy \u017eadatel pot\u0159ebuje.<\/p>\n<p>Jsou tu i pops\u00e1ny jednotliv\u00e9 druhy soci\u00e1ln\u00edch slu\u017eeb, kter\u00e9 m\u016f\u017ee osoba se zdravotn\u00edm posti\u017een\u00edm vyu\u017e\u00edt. D\u00e1le se \u010dten\u00e1\u0159i nap\u0159\u00edklad dozv\u011bd\u00ed, kdy, pro\u010d a jak se zm\u011bnilo posuzov\u00e1n\u00ed zdravotn\u00edho stavu, \u010di jak resort chr\u00e1n\u00ed a podporuje zam\u011bstn\u00e1v\u00e1n\u00ed lid\u00ed se zdravotn\u00edm handicapem.<\/p>\n<p>Nechyb\u00ed zde ani informace o pr\u016fkazu osoby se zdravotn\u00edm posti\u017een\u00edm, invalidn\u00edch d\u016fchodech nebo d\u00e1vk\u00e1ch pomoci v hmotn\u00e9 nouzi.<\/p>\n<p>Publikace, kter\u00e1 m\u00e1 32 stran, vy\u0161la v n\u00e1kladu 90 tis\u00edc v\u00fdtisk\u016f. P\u0159\u00edru\u010dka je k dispozici ve vestibulech budov MPSV, na kontaktn\u00edch pracovi\u0161t\u00edch \u00da\u0159adu pr\u00e1ce \u010cR a na okresn\u00edch spr\u00e1v\u00e1ch soci\u00e1ln\u00edho zabezpe\u010den\u00ed (OSSZ)<\/p>\n<p>Parlamentn\u00ed Listy<\/p>\n","protected":false},"excerpt":{"rendered":"<div class=\"mh-excerpt\"><p>Pro velk\u00fd z\u00e1jem ve\u0159ejnosti MPSV vydalo aktualizovanou &#8222;P\u0159\u00edru\u010dku pro osoby se zdravotn\u00edm posti\u017een\u00edm v roce 2016&#8220;. P\u0159\u00edru\u010dka si klade za c\u00edl usnadnit lidem s handicapem <a class=\"mh-excerpt-more\" href=\"https:\/\/www.invarena.cz\/?p=26887\" title=\"MPSV vydalo aktualizovanou P\u0159\u00edru\u010dku pro osoby se zdravotn\u00edm posti\u017een\u00edm v roce 2016\">[&#8230;]<\/a><\/p>\n<\/div>","protected":false},"author":1,"featured_media":1226,"comment_status":"open","ping_status":"closed","sticky":false,"template":"","format":"standard","meta":{"footnotes":""},"categories":[9],"tags":[],"class_list":["post-26887","post","type-post","status-publish","format-standard","has-post-thumbnail","hentry","category-zpravy"],"_links":{"self":[{"href":"https:\/\/www.invarena.cz\/index.php?rest_route=\/wp\/v2\/posts\/26887","targetHints":{"allow":["GET"]}}],"collection":[{"href":"https:\/\/www.invarena.cz\/index.php?rest_route=\/wp\/v2\/posts"}],"about":[{"href":"https:\/\/www.invarena.cz\/index.php?rest_route=\/wp\/v2\/types\/post"}],"author":[{"embeddable":true,"href":"https:\/\/www.invarena.cz\/index.php?rest_route=\/wp\/v2\/users\/1"}],"replies":[{"embeddable":true,"href":"https:\/\/www.invarena.cz\/index.php?rest_route=%2Fwp%2Fv2%2Fcomments&post=26887"}],"version-history":[{"count":0,"href":"https:\/\/www.invarena.cz\/index.php?rest_route=\/wp\/v2\/posts\/26887\/revisions"}],"wp:featuredmedia":[{"embeddable":true,"href":"https:\/\/www.invarena.cz\/index.php?rest_route=\/wp\/v2\/media\/1226"}],"wp:attachment":[{"href":"https:\/\/www.invarena.cz\/index.php?rest_route=%2Fwp%2Fv2%2Fmedia&parent=26887"}],"wp:term":[{"taxonomy":"category","embeddable":true,"href":"https:\/\/www.invarena.cz\/index.php?rest_route=%2Fwp%2Fv2%2Fcategories&post=26887"},{"taxonomy":"post_tag","embeddable":true,"href":"https:\/\/www.invarena.cz\/index.php?rest_route=%2Fwp%2Fv2%2Ftags&post=26887"}],"curies":[{"name":"wp","href":"https:\/\/api.w.org\/{rel}","templated":true}]}}