{"id":26892,"date":"2017-02-01T06:33:02","date_gmt":"2017-02-01T05:33:02","guid":{"rendered":"http:\/\/www.invarena.cz\/?p=26892"},"modified":"2017-02-01T06:33:02","modified_gmt":"2017-02-01T05:33:02","slug":"mam-socialni-fobii-a-nemohu-jezdit-dopravnimi-prostredky-mam-narok-na-prispevek-na-auto","status":"publish","type":"post","link":"https:\/\/www.invarena.cz\/?p=26892","title":{"rendered":"M\u00e1m soci\u00e1ln\u00ed fobii a nemohu jezdit dopravn\u00edmi prost\u0159edky. M\u00e1m n\u00e1rok na p\u0159\u00edsp\u011bvek na auto?"},"content":{"rendered":"<p><strong>Dotaz:<br \/>\nM\u00e1m soci\u00e1ln\u00ed fobii, deprese, panickou poruchu a d\u00edky soci\u00e1ln\u00ed fobii nevlezu do autobusu ani vlaku a ani nejde jet s n\u011bk\u00fdm autem. Je mo\u017en\u00e9 si za\u017e\u00e1dat o n\u011bjak\u00fd men\u0161\u00ed p\u0159\u00edsp\u011bvek na auto? Mn\u011b sta\u010d\u00ed auto za 30 tis\u00edc. Moje te\u010f doslou\u017eilo a nem\u00e1m jak se dost\u00e1vat k l\u00e9ka\u0159i, m\u00e1m to 50 km. Jinak m\u00e1m te\u010f 3. stupe\u0148 invalidity.<\/strong><br \/>\n<!--more--><\/p>\n<p>Odpov\u011b\u010f:<br \/>\nO p\u0159\u00edsp\u011bvek na auto si samoz\u0159ejm\u011b m\u016f\u017eete za\u017e\u00e1dat na sv\u00e9 pobo\u010dce \u00da\u0159adu pr\u00e1ce. Pravdou v\u0161ak je, \u017ee na p\u0159\u00edsp\u011bvek nejsp\u00ed\u0161e n\u00e1rok nem\u00e1te, proto\u017ee bohu\u017eel \u010desk\u00e9 z\u00e1kony v tomto p\u0159\u00edpad\u011b na psychicky posti\u017een\u00e9 osoby v\u016fbec nemysl\u00ed.<br \/>\nPro \u00faplnost uv\u00e1d\u00edm, kdo m\u00e1 v sou\u010dasn\u00e9 dob\u011b n\u00e1rok na p\u0159\u00edsp\u011bvek na po\u0159\u00edzen\u00ed motorov\u00e9ho vozidla:<br \/>\n\u201eN\u00e1rok na p\u0159\u00edsp\u011bvek na zvl\u00e1\u0161tn\u00ed pom\u016fcku poskytovan\u00fd na po\u0159\u00edzen\u00ed motorov\u00e9ho vozidla m\u00e1 osoba, kter\u00e1 m\u00e1 t\u011b\u017ekou vadu nosn\u00e9ho nebo pohybov\u00e9ho \u00fastroj\u00ed anebo t\u011b\u017ekou nebo hlubokou ment\u00e1ln\u00ed retardaci charakteru dlouhodob\u011b nep\u0159\u00edzniv\u00e9ho zdravotn\u00edho stavu, a jej\u00ed zdravotn\u00ed stav nevylu\u010duje p\u0159izn\u00e1n\u00ed tohoto p\u0159\u00edsp\u011bvku.\u201c<\/p>\n<p>Ji\u0159\u00ed Marek<br \/>\ninvArena<\/p>\n","protected":false},"excerpt":{"rendered":"<div class=\"mh-excerpt\"><p>Dotaz: M\u00e1m soci\u00e1ln\u00ed fobii, deprese, panickou poruchu a d\u00edky soci\u00e1ln\u00ed fobii nevlezu do autobusu ani vlaku a ani nejde jet s n\u011bk\u00fdm autem. Je mo\u017en\u00e9 <a class=\"mh-excerpt-more\" href=\"https:\/\/www.invarena.cz\/?p=26892\" title=\"M\u00e1m soci\u00e1ln\u00ed fobii a nemohu jezdit dopravn\u00edmi prost\u0159edky. M\u00e1m n\u00e1rok na p\u0159\u00edsp\u011bvek na auto?\">[&#8230;]<\/a><\/p>\n<\/div>","protected":false},"author":3,"featured_media":27144,"comment_status":"open","ping_status":"closed","sticky":false,"template":"","format":"standard","meta":{"footnotes":""},"categories":[18,9],"tags":[],"class_list":["post-26892","post","type-post","status-publish","format-standard","has-post-thumbnail","hentry","category-poradna","category-zpravy"],"_links":{"self":[{"href":"https:\/\/www.invarena.cz\/index.php?rest_route=\/wp\/v2\/posts\/26892","targetHints":{"allow":["GET"]}}],"collection":[{"href":"https:\/\/www.invarena.cz\/index.php?rest_route=\/wp\/v2\/posts"}],"about":[{"href":"https:\/\/www.invarena.cz\/index.php?rest_route=\/wp\/v2\/types\/post"}],"author":[{"embeddable":true,"href":"https:\/\/www.invarena.cz\/index.php?rest_route=\/wp\/v2\/users\/3"}],"replies":[{"embeddable":true,"href":"https:\/\/www.invarena.cz\/index.php?rest_route=%2Fwp%2Fv2%2Fcomments&post=26892"}],"version-history":[{"count":0,"href":"https:\/\/www.invarena.cz\/index.php?rest_route=\/wp\/v2\/posts\/26892\/revisions"}],"wp:featuredmedia":[{"embeddable":true,"href":"https:\/\/www.invarena.cz\/index.php?rest_route=\/wp\/v2\/media\/27144"}],"wp:attachment":[{"href":"https:\/\/www.invarena.cz\/index.php?rest_route=%2Fwp%2Fv2%2Fmedia&parent=26892"}],"wp:term":[{"taxonomy":"category","embeddable":true,"href":"https:\/\/www.invarena.cz\/index.php?rest_route=%2Fwp%2Fv2%2Fcategories&post=26892"},{"taxonomy":"post_tag","embeddable":true,"href":"https:\/\/www.invarena.cz\/index.php?rest_route=%2Fwp%2Fv2%2Ftags&post=26892"}],"curies":[{"name":"wp","href":"https:\/\/api.w.org\/{rel}","templated":true}]}}