{"id":26898,"date":"2016-12-13T11:47:04","date_gmt":"2016-12-13T10:47:04","guid":{"rendered":"http:\/\/www.invarena.cz\/?p=26898"},"modified":"2016-12-13T11:47:04","modified_gmt":"2016-12-13T10:47:04","slug":"komplikace-pro-zamestnavatele-hendikepovanych-minimalni-mzda-se-zvysi-statni-prispevek-zatim-ne","status":"publish","type":"post","link":"https:\/\/www.invarena.cz\/?p=26898","title":{"rendered":"Komplikace pro zam\u011bstnavatele hendikepovan\u00fdch: Minim\u00e1ln\u00ed mzda se zv\u00fd\u0161\u00ed, st\u00e1tn\u00ed p\u0159\u00edsp\u011bvek zat\u00edm ne"},"content":{"rendered":"<p><strong>Zdravotn\u011b posti\u017een\u00fdm osob\u00e1m se od ledna zv\u00fd\u0161\u00ed minim\u00e1ln\u00ed mzda, pro jejich zam\u011bstnavatele to je komplikace. Ti, kte\u0159\u00ed zam\u011bstn\u00e1vaj\u00ed v\u00edce ne\u017e pades\u00e1t procent handicapovan\u00fdch lid\u00ed, budou muset platit v\u00edce na v\u00fdplat\u00e1ch, ale zat\u00edm nemaj\u00ed od st\u00e1tu garantov\u00e1no, \u017ee se jim zv\u00fd\u0161\u00ed p\u0159\u00edsp\u011bvek na mzdy.<\/strong><!--more--><\/p>\n<p>Od ledna budou m\u00edt handicapovan\u00ed zam\u011bstnanci v \u010cesku garantovanou minim\u00e1ln\u00ed mzdu ve v\u00fd\u0161i 11 tis\u00edc korun. St\u00e1t zam\u011bstnavatel\u016fm zdravotn\u011b posti\u017een\u00fdch lid\u00ed p\u0159isp\u00edv\u00e1 na jejich mzdu a tento p\u0159\u00edsp\u011bvek se m\u011bl zv\u00fd\u0161it spole\u010dn\u011b s minim\u00e1ln\u00ed mzdou u\u017e od ledna p\u0159\u00ed\u0161t\u00edho roku.<\/p>\n<p>Jen\u017ee v poslaneck\u00e9 sn\u011bmovn\u011b pro\u0161el z\u00e1kon o zam\u011bstnanosti teprve prvn\u00edm \u010dten\u00edm a letos u\u017e ho poslanci projednat nestihnou. Opozice to d\u00e1v\u00e1 za vinu ministerstvu pr\u00e1ce a soci\u00e1ln\u00edch v\u011bc\u00ed.<\/p>\n<p>&#8222;Prome\u0161kali celou \u0159adu m\u011bs\u00edc\u016f p\u0159\u00edle\u017eitost\u00ed, kdy jsme to mohli projedn\u00e1vat. A je to jen o neschopnosti pan\u00ed ministryn\u011b si vyjednat tento z\u00e1kon na program,&#8220; tvrd\u00ed poslankyn\u011b TOP 09 Mark\u00e9ta Adamov\u00e1.<\/p>\n<p>Ministryn\u011b pr\u00e1ce a soci\u00e1ln\u00edch v\u011bc\u00ed Michaela Marksov\u00e1 z \u010cSSD oponuje, \u017ee program jedn\u00e1n\u00ed nem\u016f\u017ee nijak ovlivnit. &#8222;To mi p\u0159ipad\u00e1 opravdu sm\u011b\u0161n\u00e9, j\u00e1 nejsem schopn\u00e1 ovlivnit jednac\u00ed \u0159\u00e1d sn\u011bmovny. Nejsem ani poslankyn\u011b.&#8220;<\/p>\n<p>Z\u00e1rove\u0148 dod\u00e1v\u00e1, \u017ee novela bude schv\u00e1len\u00e1 b\u011bhem prvn\u00edch t\u0159\u00ed m\u011bs\u00edc\u016f nov\u00e9ho roku. Zam\u011bstnavatel\u00e9, kte\u0159\u00ed maj\u00ed mezi zam\u011bstnanci v\u00edce ne\u017e 50 procent lid\u00ed se zdravotn\u00edm posti\u017een\u00edm, tak o sv\u00e9 pen\u00edze nep\u0159ijdou &#8211; dostanou je zp\u011btn\u011b.<\/p>\n<p>&#8222;Na takovou chv\u00edli p\u0159ipravujeme v z\u00e1kon\u011b takov\u00fd pozm\u011b\u0148ovac\u00ed n\u00e1vrh, kter\u00fd by umo\u017enil b\u011bhem prvn\u00edho \u010dtvrtlet\u00ed p\u0159\u00edsp\u011bvky proplatit,&#8220; pl\u00e1nuje ministryn\u011b pr\u00e1ce a soci\u00e1ln\u00edch v\u011bc\u00ed.<\/p>\n<p>Hroz\u00ed i propou\u0161t\u011bn\u00ed. Aktu\u00e1ln\u011b m\u016f\u017eou zam\u011bstnavatel\u00e9 dost\u00e1vat maxim\u00e1ln\u011b 8800 korun na ka\u017ed\u00e9ho handicapovan\u00e9ho zam\u011bstnance, novela z\u00e1kona slibuje 700 korun nav\u00edc. Jen\u017ee kv\u016fli zpo\u017ed\u011bn\u00ed a n\u00e1sledn\u00e9mu zp\u011btn\u00e9mu propl\u00e1cen\u00ed m\u016f\u017ee doj\u00edt k \u0159ad\u011b komplikac\u00ed a situace se firm\u00e1m prodra\u017e\u00ed.<\/p>\n<p>&#8222;Retroaktivita je nejv\u011bt\u0161\u00ed zh\u016fv\u011b\u0159ilost od st\u00e1tu sm\u011brem k firm\u00e1m. Je to obrovsk\u00fd probl\u00e9m &#8211; nese administrativn\u00ed n\u00e1klady a samoz\u0159ejm\u011b \u010das v\u0161ech zam\u011bstnanc\u016f, \u010d\u00edm men\u0161\u00ed podnikatel, t\u00edm hor\u0161\u00ed,&#8220; \u0159\u00edk\u00e1 Pavla B\u0159e\u010dkov\u00e1 z Asociace mal\u00fdch a st\u0159edn\u00edch podnik\u016f a \u017eivnostn\u00edk\u016f \u010cR.<\/p>\n<p>V\u011bt\u0161ina firem, kter\u00e9 \u010cesk\u00fd rozhlas oslovil, nem\u00e1 probl\u00e9m s t\u00edm, po\u010dkat p\u00e1r m\u011bs\u00edc\u016f na slibovan\u00e9 zv\u00fd\u0161en\u00ed. Vad\u00ed jim sp\u00ed\u0161e samotn\u00e9 nav\u00fd\u0161en\u00ed minim\u00e1ln\u00ed mzdy, handicapovan\u00ed lid\u00e9 v\u00edc pr\u00e1ce podle nich nezvl\u00e1dnou a tak budou n\u011bkte\u0159\u00ed zam\u011bstnavatel\u00e9 propou\u0161t\u011bt.<\/p>\n<p>Nezam\u011bstnanost v \u010cesku klesla na 5 procent. Bez pr\u00e1ce je nejm\u00e9n\u011b lid\u00ed za osm let.<\/p>\n<p>&#8222;Ve stejn\u00e9 situaci jsme byli i minul\u00fd rok, to se tak\u00e9 skokov\u011b navy\u0161ovala minim\u00e1ln\u00ed mzda. Je to pro n\u00e1s takov\u00e1 nejistota. To zv\u00fd\u0161en\u00ed je opravdu velik\u00e9 a je zv\u011bt\u0161uj\u00edc\u00ed se skupina zam\u011bstnanc\u016f, kte\u0159\u00ed na tu pr\u00e1ci pak nedos\u00e1hnou. My jsme byli nuceni propou\u0161t\u011bt a to nastane znovu,&#8220; tu\u0161\u00ed Daniela Prokopov\u00e1 z firmy A-MANO.<\/p>\n<p>Podle p\u0159edsedy N\u00e1rodn\u00ed rady osob se zdravotn\u00edm posti\u017een\u00edm \u010cesk\u00e9 republiky V\u00e1clava Kr\u00e1sy je podpora st\u00e1tu pro handicapovan\u00e9 zam\u011bstnance v tuhle chv\u00edli u\u017e dostate\u010dn\u00e1. &#8222;A\u0165 se jim tro\u0161ku je\u0161t\u011b pom\u016f\u017ee, ale u\u017e jsem proti dal\u0161\u00edmu navy\u0161ov\u00e1n\u00ed. Jako\u017ee by st\u00e1t platil pln\u011b n\u00e1klady toho, \u017ee oni zam\u011bstn\u00e1vaj\u00ed lidi se zdravotn\u00edm posti\u017een\u00edm. To nen\u00ed mo\u017en\u00e9.&#8220;<\/p>\n<p>Celkov\u011b m\u00e1 st\u00e1t na nav\u00fd\u0161en\u00ed p\u0159\u00edsp\u011bvk\u016f pro zdravotn\u011b posti\u017een\u00e9 zam\u011bstnance p\u0159ipraven\u00fdch 200 milion\u016f korun. Od ledna p\u0159\u00ed\u0161t\u00edho bude st\u00e1t garantovat stejnou minim\u00e1ln\u00ed mzdu pro zdrav\u00e9 i posti\u017een\u00e9 zam\u011bstnance.<\/p>\n<p><a href=\"http:\/\/www.rozhlas.cz\/\">http:\/\/www.rozhlas.cz\/<\/a><\/p>\n","protected":false},"excerpt":{"rendered":"<div class=\"mh-excerpt\"><p>Zdravotn\u011b posti\u017een\u00fdm osob\u00e1m se od ledna zv\u00fd\u0161\u00ed minim\u00e1ln\u00ed mzda, pro jejich zam\u011bstnavatele to je komplikace. Ti, kte\u0159\u00ed zam\u011bstn\u00e1vaj\u00ed v\u00edce ne\u017e pades\u00e1t procent handicapovan\u00fdch lid\u00ed, budou <a class=\"mh-excerpt-more\" href=\"https:\/\/www.invarena.cz\/?p=26898\" title=\"Komplikace pro zam\u011bstnavatele hendikepovan\u00fdch: Minim\u00e1ln\u00ed mzda se zv\u00fd\u0161\u00ed, st\u00e1tn\u00ed p\u0159\u00edsp\u011bvek zat\u00edm ne\">[&#8230;]<\/a><\/p>\n<\/div>","protected":false},"author":1,"featured_media":2927,"comment_status":"open","ping_status":"closed","sticky":false,"template":"","format":"standard","meta":{"footnotes":""},"categories":[9],"tags":[],"class_list":["post-26898","post","type-post","status-publish","format-standard","has-post-thumbnail","hentry","category-zpravy"],"_links":{"self":[{"href":"https:\/\/www.invarena.cz\/index.php?rest_route=\/wp\/v2\/posts\/26898","targetHints":{"allow":["GET"]}}],"collection":[{"href":"https:\/\/www.invarena.cz\/index.php?rest_route=\/wp\/v2\/posts"}],"about":[{"href":"https:\/\/www.invarena.cz\/index.php?rest_route=\/wp\/v2\/types\/post"}],"author":[{"embeddable":true,"href":"https:\/\/www.invarena.cz\/index.php?rest_route=\/wp\/v2\/users\/1"}],"replies":[{"embeddable":true,"href":"https:\/\/www.invarena.cz\/index.php?rest_route=%2Fwp%2Fv2%2Fcomments&post=26898"}],"version-history":[{"count":0,"href":"https:\/\/www.invarena.cz\/index.php?rest_route=\/wp\/v2\/posts\/26898\/revisions"}],"wp:featuredmedia":[{"embeddable":true,"href":"https:\/\/www.invarena.cz\/index.php?rest_route=\/wp\/v2\/media\/2927"}],"wp:attachment":[{"href":"https:\/\/www.invarena.cz\/index.php?rest_route=%2Fwp%2Fv2%2Fmedia&parent=26898"}],"wp:term":[{"taxonomy":"category","embeddable":true,"href":"https:\/\/www.invarena.cz\/index.php?rest_route=%2Fwp%2Fv2%2Fcategories&post=26898"},{"taxonomy":"post_tag","embeddable":true,"href":"https:\/\/www.invarena.cz\/index.php?rest_route=%2Fwp%2Fv2%2Ftags&post=26898"}],"curies":[{"name":"wp","href":"https:\/\/api.w.org\/{rel}","templated":true}]}}