{"id":26905,"date":"2016-12-14T12:16:58","date_gmt":"2016-12-14T11:16:58","guid":{"rendered":"http:\/\/www.invarena.cz\/?p=26905"},"modified":"2016-12-14T12:16:58","modified_gmt":"2016-12-14T11:16:58","slug":"v-hradci-se-kona-vanocni-turnaj-osobnosti","status":"publish","type":"post","link":"https:\/\/www.invarena.cz\/?p=26905","title":{"rendered":"V Hradci se kon\u00e1 V\u00e1no\u010dn\u00ed turnaj osobnost\u00ed"},"content":{"rendered":"<p><strong>Posledn\u00ed p\u0159edv\u00e1no\u010dn\u00ed sobota (17. prosince) bude ve sportovn\u00ed hale v T\u0159eb\u0161i v Hradci Kr\u00e1lov\u00e9 pat\u0159it fotbalu. Uskute\u010dn\u00ed se tu atraktivn\u00ed V\u00e1no\u010dn\u00ed turnaj osobnost\u00ed 2016.<\/strong><!--more--><\/p>\n<p>Hradec Kr\u00e1lov\u00e9 \u2013 Charitativn\u00ed fotbal &#8211; Za\u010d\u00e1tek je v 9 hodin.<\/p>\n<p>Cel\u00fd v\u00fdt\u011b\u017eek z t\u00e9to akce p\u016fjde na charitativn\u00ed ud\u00e1lost Sport Hradec Cup, kter\u00e1 podporuje hendikepovan\u00e9 d\u011bti v boji s jejich t\u011b\u017ek\u00fdmi osudy.<\/p>\n<p>Turnaje se z\u00fa\u010dastn\u00ed cel\u00e1 \u0159ada b\u00fdval\u00fdch i sou\u010dasn\u00fdch fotbalist\u016f (Marek Kuli\u010d, Pavel Krma\u0161, Karel Pit\u00e1k, Jan P\u00e1zler, Tom\u00e1\u0161 Malinsk\u00fd, Ji\u0159\u00ed Janou\u0161ek a dal\u0161\u00ed).<\/p>\n<p>Jedn\u00e1 se o prvn\u00ed ro\u010dn\u00edk t\u00e9to akce a po\u0159adatel\u00e9 v\u011b\u0159\u00ed, \u017ee se stane tradic\u00ed a v\u0161ichni \u00fa\u010dastn\u00edci i div\u00e1ci se na ni budou r\u00e1di vracet.<\/p>\n<p>Z\u00fa\u010dastn\u011bn\u00e9 t\u00fdmy V\u00e1no\u010dn\u00edho turnaje osobnost\u00ed: Sport Hradec Cup, T\u0159ebe\u0161 team, Zdrav\u00ed mu\u017ee 3. tis\u00edcilet\u00ed, Game for people, 1. FC L\u00e1bemfurt, Omnirecord, Gabo team, Andy team.<\/p>\n<p>Hradeck\u00fd den\u00edk<br \/>\n<a href=\"http:\/\/hradecky.denik.cz\/\">http:\/\/hradecky.denik.cz\/<\/a><\/p>\n","protected":false},"excerpt":{"rendered":"<div class=\"mh-excerpt\"><p>Posledn\u00ed p\u0159edv\u00e1no\u010dn\u00ed sobota (17. prosince) bude ve sportovn\u00ed hale v T\u0159eb\u0161i v Hradci Kr\u00e1lov\u00e9 pat\u0159it fotbalu. Uskute\u010dn\u00ed se tu atraktivn\u00ed V\u00e1no\u010dn\u00ed turnaj osobnost\u00ed 2016.<\/p>\n<\/div>","protected":false},"author":1,"featured_media":21907,"comment_status":"open","ping_status":"closed","sticky":false,"template":"","format":"standard","meta":{"footnotes":""},"categories":[9],"tags":[],"class_list":["post-26905","post","type-post","status-publish","format-standard","has-post-thumbnail","hentry","category-zpravy"],"_links":{"self":[{"href":"https:\/\/www.invarena.cz\/index.php?rest_route=\/wp\/v2\/posts\/26905","targetHints":{"allow":["GET"]}}],"collection":[{"href":"https:\/\/www.invarena.cz\/index.php?rest_route=\/wp\/v2\/posts"}],"about":[{"href":"https:\/\/www.invarena.cz\/index.php?rest_route=\/wp\/v2\/types\/post"}],"author":[{"embeddable":true,"href":"https:\/\/www.invarena.cz\/index.php?rest_route=\/wp\/v2\/users\/1"}],"replies":[{"embeddable":true,"href":"https:\/\/www.invarena.cz\/index.php?rest_route=%2Fwp%2Fv2%2Fcomments&post=26905"}],"version-history":[{"count":0,"href":"https:\/\/www.invarena.cz\/index.php?rest_route=\/wp\/v2\/posts\/26905\/revisions"}],"wp:featuredmedia":[{"embeddable":true,"href":"https:\/\/www.invarena.cz\/index.php?rest_route=\/wp\/v2\/media\/21907"}],"wp:attachment":[{"href":"https:\/\/www.invarena.cz\/index.php?rest_route=%2Fwp%2Fv2%2Fmedia&parent=26905"}],"wp:term":[{"taxonomy":"category","embeddable":true,"href":"https:\/\/www.invarena.cz\/index.php?rest_route=%2Fwp%2Fv2%2Fcategories&post=26905"},{"taxonomy":"post_tag","embeddable":true,"href":"https:\/\/www.invarena.cz\/index.php?rest_route=%2Fwp%2Fv2%2Ftags&post=26905"}],"curies":[{"name":"wp","href":"https:\/\/api.w.org\/{rel}","templated":true}]}}