{"id":26914,"date":"2016-12-15T13:03:48","date_gmt":"2016-12-15T12:03:48","guid":{"rendered":"http:\/\/www.invarena.cz\/?p=26914"},"modified":"2016-12-15T13:03:48","modified_gmt":"2016-12-15T12:03:48","slug":"svarene-vino-z-jizni-moravy-pomaha-nevidomym-a-slabozrakym","status":"publish","type":"post","link":"https:\/\/www.invarena.cz\/?p=26914","title":{"rendered":"Sva\u0159en\u00e9 v\u00edno z ji\u017en\u00ed Moravy pom\u00e1h\u00e1 nevidom\u00fdm a slabozrak\u00fdm"},"content":{"rendered":"<p><strong>Prostorem U Branky se od v\u010derej\u0161\u00edho dne line v\u016fn\u011b sva\u0159en\u00e9ho v\u00edna. Stejn\u011b jako ka\u017ed\u00fd rok v p\u0159edv\u00e1no\u010dn\u00edm \u010dase zde i tentokr\u00e1t najdete st\u00e1nek plze\u0148sk\u00e9ho Lions Clubu, kde si m\u016f\u017eete pochutnat na dobr\u00e9m sva\u0159en\u00e9m v\u00edn\u011b poch\u00e1zej\u00edc\u00edm z ji\u017en\u00ed Moravy. V\u00fdt\u011b\u017eek z prodeje sva\u0159\u00e1ku ze st\u00e1nku U Branky v\u011bnuje Lions Club Tyfloservisu<\/strong> <!--more--><\/p>\n<p>Plze\u0148 \u2013 &#8222;Letos zde prod\u00e1v\u00e1me v\u00edno u\u017e pot\u0159in\u00e1ct\u00e9. Stejn\u011b jako d\u0159\u00edve p\u016fjde ve\u0161ker\u00fd v\u00fdt\u011b\u017eek z na\u0161eho st\u00e1nku do plze\u0148sk\u00e9ho Tyfloservisu, kde pom\u016f\u017ee nevidom\u00fdm a slabozrak\u00fdm,&#8220; uvedl \u010dlen plze\u0148sk\u00e9ho Lions Clubu Franti\u0161ek Lo\u0161an, kter\u00fd na st\u00e1nku sva\u0159en\u00e9 v\u00edno tak\u00e9 prod\u00e1v\u00e1.<\/p>\n<p>Ve st\u00e1nku U Branky je p\u0159ipraveno na 800 litr\u016f moravsk\u00e9ho v\u00edna. Mno\u017estv\u00ed u\u017e maj\u00ed v Lions Clubu prov\u011b\u0159en\u00e9. &#8222;Tolik v\u00edna za t\u011bch n\u011bkolik dn\u016f zhruba prod\u00e1me,&#8220; \u0159ekl Lo\u0161an. Cena v\u00edna je 35 korun za dv\u011b deci.<\/p>\n<p>&#8222;V\u00fdt\u011b\u017eek byl v minul\u00fdch letech mezi 50 a 55 tis\u00edci korun,&#8220; dodal. Lions Club ho pak p\u0159ed\u00e1 na sv\u00e9m reprezenta\u010dn\u00edm plese v M\u011b\u0161\u0165ansk\u00e9 besed\u011b, kter\u00fd se bude konat v b\u0159eznu. &#8222;Zde bude tak\u00e9 tombola a jej\u00ed v\u00fdt\u011b\u017eek op\u011bt poputuje do Tyfloservisu. Nevidom\u00fdm a slabozrak\u00fdm za n\u011bj uspo\u0159\u00e1d\u00e1me koncert v Dom\u011b hudby,&#8220; \u0159ekl Lo\u0161an.<\/p>\n<p>Podle n\u011bj si lid\u00e9 st\u00e1nek se sva\u0159\u00e1kem i sami vyhled\u00e1vaj\u00ed. &#8222;Chod\u00ed se sv\u00fdmi hrne\u010dky, n\u011bkte\u0159\u00ed si p\u0159inesou i termosku, aby si mohli v\u00edno vychutnat v klidu doma,&#8220; prozradil s \u00fasm\u011bvem Lo\u0161an.<\/p>\n<p>Dnes bude u st\u00e1nku obzvl\u00e1\u0161t\u011b veselo. &#8222;V podve\u010der tady bude hr\u00e1t \u017eiv\u00e1 hudba. Zp\u0159\u00edjemn\u00ed tak v\u0161em v\u00e1no\u010dn\u00ed atmosf\u00e9ru,&#8220; uvedl Lo\u0161an, kter\u00fd se na st\u00e1nku bude st\u0159\u00eddat s ostatn\u00edmi kolegy z Lions Clubu. &#8222;Jsme tady v\u017edy ve \u010dty\u0159ech, r\u00e1no je pot\u0159eba v\u0161e p\u0159ipravit, ve\u010der zase sklidit. B\u011bhem dne se tady objev\u00ed \u0159ada pravideln\u00fdch z\u00e1kazn\u00edk\u016f, kte\u0159\u00ed si tu a tam cht\u011bj\u00ed popov\u00eddat, to je pak n\u011bkter\u00fd z \u010dlen\u016f sp\u00ed\u0161e p\u0159ed pultem ne\u017e za n\u00edm. Jsou i tac\u00ed z\u00e1kazn\u00edci, kte\u0159\u00ed k n\u00e1m chod\u00ed denn\u011b,&#8220; vysv\u011btlil s \u00fasm\u011bvem.<\/p>\n<p>Sva\u0159\u00e1k na dobrou v\u011bc si m\u016f\u017eete d\u00e1t ka\u017ed\u00fd den od dev\u00edti do 19 hodin. St\u00e1nek je U Branky naposledy v sobotu. Letos jej v p\u00e1tek a v sobotu dopln\u00ed premi\u00e9rov\u011b tak\u00e9 st\u00e1nek d\u00e1msk\u00e9ho Lions Clubu Bohemia. &#8222;D\u00e1my ve st\u00e1nku budou m\u00edt sladkosti i masitou kuchyni, zkr\u00e1tka takov\u00e9 dopl\u0148ky vhodn\u00e9 ke sva\u0159en\u00e9mu v\u00ednu,&#8220; vysv\u011btlil Lo\u0161an.<\/p>\n<p>St\u00e1nek s dobrotami mohli n\u00e1v\u0161t\u011bvn\u00edci vid\u011bt u\u017e loni, kdy zde byl jeden na zkou\u0161ku. &#8222;Byli bychom r\u00e1di, kdyby se z toho stala tradice,&#8220; p\u0159eje si.<\/p>\n<p>LUK\u00c1\u0160 MATOU\u0160EK<br \/>\nPlze\u0148sk\u00fd den\u00edk<br \/>\n<a href=\"http:\/\/plzensky.denik.cz\/\">http:\/\/plzensky.denik.cz\/<\/a><\/p>\n","protected":false},"excerpt":{"rendered":"<div class=\"mh-excerpt\"><p>Prostorem U Branky se od v\u010derej\u0161\u00edho dne line v\u016fn\u011b sva\u0159en\u00e9ho v\u00edna. Stejn\u011b jako ka\u017ed\u00fd rok v p\u0159edv\u00e1no\u010dn\u00edm \u010dase zde i tentokr\u00e1t najdete st\u00e1nek plze\u0148sk\u00e9ho Lions <a class=\"mh-excerpt-more\" href=\"https:\/\/www.invarena.cz\/?p=26914\" title=\"Sva\u0159en\u00e9 v\u00edno z ji\u017en\u00ed Moravy pom\u00e1h\u00e1 nevidom\u00fdm a slabozrak\u00fdm\">[&#8230;]<\/a><\/p>\n<\/div>","protected":false},"author":1,"featured_media":21012,"comment_status":"open","ping_status":"closed","sticky":false,"template":"","format":"standard","meta":{"footnotes":""},"categories":[9],"tags":[],"class_list":["post-26914","post","type-post","status-publish","format-standard","has-post-thumbnail","hentry","category-zpravy"],"_links":{"self":[{"href":"https:\/\/www.invarena.cz\/index.php?rest_route=\/wp\/v2\/posts\/26914","targetHints":{"allow":["GET"]}}],"collection":[{"href":"https:\/\/www.invarena.cz\/index.php?rest_route=\/wp\/v2\/posts"}],"about":[{"href":"https:\/\/www.invarena.cz\/index.php?rest_route=\/wp\/v2\/types\/post"}],"author":[{"embeddable":true,"href":"https:\/\/www.invarena.cz\/index.php?rest_route=\/wp\/v2\/users\/1"}],"replies":[{"embeddable":true,"href":"https:\/\/www.invarena.cz\/index.php?rest_route=%2Fwp%2Fv2%2Fcomments&post=26914"}],"version-history":[{"count":0,"href":"https:\/\/www.invarena.cz\/index.php?rest_route=\/wp\/v2\/posts\/26914\/revisions"}],"wp:featuredmedia":[{"embeddable":true,"href":"https:\/\/www.invarena.cz\/index.php?rest_route=\/wp\/v2\/media\/21012"}],"wp:attachment":[{"href":"https:\/\/www.invarena.cz\/index.php?rest_route=%2Fwp%2Fv2%2Fmedia&parent=26914"}],"wp:term":[{"taxonomy":"category","embeddable":true,"href":"https:\/\/www.invarena.cz\/index.php?rest_route=%2Fwp%2Fv2%2Fcategories&post=26914"},{"taxonomy":"post_tag","embeddable":true,"href":"https:\/\/www.invarena.cz\/index.php?rest_route=%2Fwp%2Fv2%2Ftags&post=26914"}],"curies":[{"name":"wp","href":"https:\/\/api.w.org\/{rel}","templated":true}]}}