{"id":26926,"date":"2016-12-16T15:53:18","date_gmt":"2016-12-16T14:53:18","guid":{"rendered":"http:\/\/www.invarena.cz\/?p=26926"},"modified":"2016-12-16T15:53:18","modified_gmt":"2016-12-16T14:53:18","slug":"nadace-podporila-tlumocnictvi-ceskeho-znakoveho-jazyka","status":"publish","type":"post","link":"https:\/\/www.invarena.cz\/?p=26926","title":{"rendered":"Nadace podpo\u0159ila tlumo\u010dnictv\u00ed \u010desk\u00e9ho znakov\u00e9ho jazyka"},"content":{"rendered":"<p><strong>Tlumo\u010dn\u00edk\u016f \u010desk\u00e9ho znakov\u00e9ho jazyka je v \u010cesk\u00e9 republice katastrof\u00e1ln\u00ed nedostatek. Statistiky uv\u00e1d\u011bj\u00ed, \u017ee na jednoho tlumo\u010dn\u00edka v \u010cesku p\u0159ipad\u00e1 145 nesly\u0161\u00edc\u00edch klient\u016f, zat\u00edmco v zahrani\u010d\u00ed je tento pom\u011br 4 a\u017e 5 nesly\u0161\u00edc\u00edch na jednoho tlumo\u010dn\u00edka.<\/strong> <!--more--><\/p>\n<p>Hradec Kr\u00e1lov\u00e9 \u2013 Obor Tlumo\u010dnictv\u00ed \u010desk\u00e9ho znakov\u00e9ho jazyka proto nov\u011b nab\u00edz\u00ed Vy\u0161\u0161\u00ed odborn\u00e1 \u0161kola \u0160tef\u00e1nikova v Hradci Kr\u00e1lov\u00e9.<\/p>\n<p>\u0160kola nyn\u00ed z\u00edskala finan\u010dn\u00ed podporu Nadace \u010cEZ. Ta poskytla v r\u00e1mci projektu Pln\u00edme p\u0159\u00e1n\u00ed finan\u010dn\u00ed p\u0159\u00edsp\u011bvek sto tis\u00edc korun.<\/p>\n<p>Cel\u00e1 \u010d\u00e1stka p\u016fjde na technick\u00e9 vybaven\u00ed oboru. &#8222;V\u00fd\u0161e p\u0159\u00edsp\u011bvku zcela ur\u010dit\u011b pom\u016f\u017ee Vy\u0161\u0161\u00ed odborn\u00e9 \u0161kole zkvalitnit v\u00fduku znakov\u00e9ho jazyka a student\u016fm po technick\u00e9 str\u00e1nce uleh\u010d\u00ed, urychl\u00ed a usnadn\u00ed studium,&#8220; \u0159ekla Iva Rindov\u00e1, \u0159editelka hradeck\u00e9 Vy\u0161\u0161\u00ed odborn\u00e9 \u0161koly.<\/p>\n<p>Radost z finan\u010dn\u00ed podpory projevila i n\u00e1m\u011bstkyn\u011b hejtmana pro oblast \u0161kolstv\u00ed, kultury a sportu Martina Berdychov\u00e1: &#8222;Jsem r\u00e1da, \u017ee na\u0161e \u0161koly dok\u00e1\u017e\u00ed z\u00edskat podporu, a tak\u00e9 \u017ee se pr\u00e1v\u011b na na\u0161\u00ed \u0161kole poda\u0159ilo zah\u00e1jit vzd\u011bl\u00e1v\u00e1n\u00ed unik\u00e1tn\u00edho a tak pot\u0159ebn\u00e9ho oboru.&#8220;<\/p>\n<p>Hradeck\u00fd den\u00edk<br \/>\n<a href=\"http:\/\/hradecky.denik.cz\/\">http:\/\/hradecky.denik.cz\/<\/a><\/p>\n","protected":false},"excerpt":{"rendered":"<div class=\"mh-excerpt\"><p>Tlumo\u010dn\u00edk\u016f \u010desk\u00e9ho znakov\u00e9ho jazyka je v \u010cesk\u00e9 republice katastrof\u00e1ln\u00ed nedostatek. Statistiky uv\u00e1d\u011bj\u00ed, \u017ee na jednoho tlumo\u010dn\u00edka v \u010cesku p\u0159ipad\u00e1 145 nesly\u0161\u00edc\u00edch klient\u016f, zat\u00edmco v zahrani\u010d\u00ed <a class=\"mh-excerpt-more\" href=\"https:\/\/www.invarena.cz\/?p=26926\" title=\"Nadace podpo\u0159ila tlumo\u010dnictv\u00ed \u010desk\u00e9ho znakov\u00e9ho jazyka\">[&#8230;]<\/a><\/p>\n<\/div>","protected":false},"author":1,"featured_media":6341,"comment_status":"open","ping_status":"closed","sticky":false,"template":"","format":"standard","meta":{"footnotes":""},"categories":[9],"tags":[],"class_list":["post-26926","post","type-post","status-publish","format-standard","has-post-thumbnail","hentry","category-zpravy"],"_links":{"self":[{"href":"https:\/\/www.invarena.cz\/index.php?rest_route=\/wp\/v2\/posts\/26926","targetHints":{"allow":["GET"]}}],"collection":[{"href":"https:\/\/www.invarena.cz\/index.php?rest_route=\/wp\/v2\/posts"}],"about":[{"href":"https:\/\/www.invarena.cz\/index.php?rest_route=\/wp\/v2\/types\/post"}],"author":[{"embeddable":true,"href":"https:\/\/www.invarena.cz\/index.php?rest_route=\/wp\/v2\/users\/1"}],"replies":[{"embeddable":true,"href":"https:\/\/www.invarena.cz\/index.php?rest_route=%2Fwp%2Fv2%2Fcomments&post=26926"}],"version-history":[{"count":0,"href":"https:\/\/www.invarena.cz\/index.php?rest_route=\/wp\/v2\/posts\/26926\/revisions"}],"wp:featuredmedia":[{"embeddable":true,"href":"https:\/\/www.invarena.cz\/index.php?rest_route=\/wp\/v2\/media\/6341"}],"wp:attachment":[{"href":"https:\/\/www.invarena.cz\/index.php?rest_route=%2Fwp%2Fv2%2Fmedia&parent=26926"}],"wp:term":[{"taxonomy":"category","embeddable":true,"href":"https:\/\/www.invarena.cz\/index.php?rest_route=%2Fwp%2Fv2%2Fcategories&post=26926"},{"taxonomy":"post_tag","embeddable":true,"href":"https:\/\/www.invarena.cz\/index.php?rest_route=%2Fwp%2Fv2%2Ftags&post=26926"}],"curies":[{"name":"wp","href":"https:\/\/api.w.org\/{rel}","templated":true}]}}