{"id":26949,"date":"2017-01-21T10:27:13","date_gmt":"2017-01-21T09:27:13","guid":{"rendered":"http:\/\/www.invarena.cz\/?p=26949"},"modified":"2017-01-21T10:27:13","modified_gmt":"2017-01-21T09:27:13","slug":"nevidomi-bojuji-o-dite","status":"publish","type":"post","link":"https:\/\/www.invarena.cz\/?p=26949","title":{"rendered":"Nevidom\u00ed bojuj\u00ed o d\u00edt\u011b"},"content":{"rendered":"<p>\u017dalovali st\u00e1t za diskriminaci a vyhr\u00e1li<!--more--><\/p>\n<p>OPAVA<\/p>\n<p>Nevzdali se. Man\u017eel\u00e9 Peterkovi bojuj\u00ed n\u011bkolik let za pr\u00e1vo zalo\u017eit rodinu, av\u0161ak st\u00e1t jim v tom br\u00e1nil, proto\u017ee jsou oba nevidom\u00ed. P\u00e1r podal \u017ealobu za diskriminaci a v minul\u00fdch dnech vyhr\u00e1l.<\/p>\n<p>O cel\u00e9 kauze jsme psali p\u0159ed p\u00e1r lety a ji\u017e tehdy rozd\u011blila ve\u0159ejnost na dva t\u00e1bory. Jeden, kter\u00fd p\u0159eje p\u00e1ru, aby se do\u010dkal vysn\u011bn\u00e9ho d\u00edt\u011bte, a druh\u00fd, jen\u017e m\u00e1 pochyby, zda dok\u00e1\u017e\u00ed nevidom\u00ed skute\u010dn\u011b plnohodnotn\u011b vychov\u00e1vat. Oleg je cukrovk\u00e1\u0159 a oslepl p\u0159ed patn\u00e1cti lety, jeho man\u017eelka Miloslava trp\u00ed Touretov\u00fdm syndromem a nevid\u011bla nikdy. P\u0159ed zhruba sedmi lety se vzali a zatou\u017eili po d\u00edt\u011bti. T\u0159ikr\u00e1t se pokusili o um\u011bl\u00e9 oplodn\u011bn\u00ed, ale ne\u00fasp\u011b\u0161n\u011b. Dodejme, \u017ee v tomto jim nikdo nebr\u00e1nil. P\u0159ed p\u011bti lety se tak rozhodli, \u017ee se pokus\u00ed o adopci. V\u0161e za\u010dalo dob\u0159e, kdy\u017e opavsk\u00e1 soci\u00e1ln\u00ed pracovnice doporu\u010dila jejich za\u0159azen\u00ed na seznam adoptivn\u00edch rodi\u010d\u016f. Jen\u017ee z\u00e1hy p\u0159i\u0161lo pro Peterkovy zklam\u00e1n\u00ed, proto\u017ee jejich \u017e\u00e1dost zam\u00edtl krajsk\u00fd \u00fa\u0159ad. N\u00e1sledn\u011b zazn\u011blo i ostr\u00e9 NE z nad\u0159\u00edzen\u00e9ho ministerstva pr\u00e1ce a soci\u00e1ln\u00edch v\u011bc\u00ed. Nepomohly ani p\u00e1dn\u00e9 argumenty man\u017eel\u016f, mezi nimi\u017e figurovalo mimo jin\u00e9 to, \u017ee \u00fa\u0159ady rozhodly na z\u00e1klad\u011b l\u00e9ka\u0159sk\u00fdch posudk\u016f doktor\u016f, kte\u0159\u00ed je nikdy nevid\u011bli a m\u011bli k dispozici pouze des\u00edtky let starou zdravotn\u00ed dokumentaci. Nav\u00edc kraj a st\u00e1t v\u016fbec nep\u0159ihl\u00e9dli k tomu, \u017ee Oleg a Miloslava maj\u00ed ve v\u00fdchov\u011b d\u011bti praxi. Ona vystudovala obor charitativn\u00ed slu\u017eby na D\u00edv\u010d\u00ed katolick\u00e9 \u0161kole, on d\u011blal vedouc\u00edho na t\u00e1borech a vychov\u00e1val d\u011bti sv\u00e9 b\u00fdval\u00e9 p\u0159\u00edtelkyn\u011b. Absolvovali tak\u00e9 \u0159adu \u0161kolen\u00ed. Podivn\u00e9 postupy \u00fa\u0159ad\u016f dokl\u00e1dal i p\u0159\u00edb\u011bh, dle kter\u00e9ho m\u011blo b\u00fdt man\u017eel\u016fm sd\u011bleno, \u017ee ne\u017e\u00e1dali o spr\u00e1vn\u00e9 d\u00edt\u011b. Kdyby \u00fadajn\u011b necht\u011bli zdrav\u00e9 dvoulet\u00e9, ale sta\u010dilo by jim i posti\u017een\u00e9 a nejl\u00e9pe romsk\u00e9, tak by jim adopce povolena byla.<br \/>\nPeterkov\u00fdch se mezit\u00edm ujala Pro bono aliance, kter\u00e1 sdru\u017euje pr\u00e1vn\u00edky zdarma bojuj\u00edc\u00ed za lidsk\u00e1 pr\u00e1va. A man\u017eel\u00e9 se odhodlali za\u017ealovat st\u00e1t za diskriminaci. Proces u Krajsk\u00e9ho soudu v Ostrav\u011b skon\u010dil v minul\u00fdch dnech. &#8222;Od pod\u00e1n\u00ed \u017ealoby cel\u00fd ten soud trval dva roky a p\u011bt m\u011bs\u00edc\u016f,&#8220; uvedl v rozhovoru pro \u010ceskou televizi Oleg Peterek. S Miloslavou po celou tuto dobu za\u0159izovali sv\u016fj t\u0159\u00edpokojov\u00fd byt, a to tak, aby v n\u011bm mohli vychov\u00e1vat d\u00edt\u011b. Po rozsudku k tomu maj\u00ed velmi bl\u00edzko, pon\u011bvad\u017e vyzn\u011bl pro n\u011b. &#8222;Soud rozhodnut\u00ed ministerstva vytkl mnoh\u00e9 nedostatky, a to zejm\u00e9na rozpory podkladov\u00fdch l\u00e9ka\u0159sk\u00fdch posudk\u016f a skute\u010dnost, \u017ee se ministerstvo nezab\u00fdvalo \u010detn\u00fdmi soci\u00e1ln\u00edmi aktivitami a kurzy nevidom\u00fdch, kter\u00e9 prokazuj\u00ed jejich schopnost se o d\u00edt\u011b postarat,&#8220; konstatoval jejich pr\u00e1vn\u00edk Petr Vesel\u00fd. V drtiv\u00e9 v\u011bt\u0161in\u011b p\u0159\u00edpad\u016f, kdy soud vytkne \u00fa\u0159ad\u016fm \u0161patn\u00e9 rozhodnut\u00ed, tyto ji\u017e rozhodnou opa\u010dn\u011b, proto jsou nyn\u00ed vyhl\u00eddky Peterkov\u00fdch velmi dobr\u00e9. A jestli je ministerstvo skute\u010dn\u011b nech\u00e1 uv\u00e9st na seznam adoptivn\u00edch rodi\u010d\u016f, pak se stanou prvn\u00edm nevidom\u00fdm p\u00e1rem v \u010cesk\u00e9 republice, kter\u00fd si bude sm\u011bt osvojit d\u00edt\u011b.<\/p>\n<p>REGION OPAVSKO<\/p>\n","protected":false},"excerpt":{"rendered":"<div class=\"mh-excerpt\"><p>\u017dalovali st\u00e1t za diskriminaci a vyhr\u00e1li<\/p>\n<\/div>","protected":false},"author":1,"featured_media":21012,"comment_status":"open","ping_status":"closed","sticky":false,"template":"","format":"standard","meta":{"footnotes":""},"categories":[9],"tags":[],"class_list":["post-26949","post","type-post","status-publish","format-standard","has-post-thumbnail","hentry","category-zpravy"],"_links":{"self":[{"href":"https:\/\/www.invarena.cz\/index.php?rest_route=\/wp\/v2\/posts\/26949","targetHints":{"allow":["GET"]}}],"collection":[{"href":"https:\/\/www.invarena.cz\/index.php?rest_route=\/wp\/v2\/posts"}],"about":[{"href":"https:\/\/www.invarena.cz\/index.php?rest_route=\/wp\/v2\/types\/post"}],"author":[{"embeddable":true,"href":"https:\/\/www.invarena.cz\/index.php?rest_route=\/wp\/v2\/users\/1"}],"replies":[{"embeddable":true,"href":"https:\/\/www.invarena.cz\/index.php?rest_route=%2Fwp%2Fv2%2Fcomments&post=26949"}],"version-history":[{"count":0,"href":"https:\/\/www.invarena.cz\/index.php?rest_route=\/wp\/v2\/posts\/26949\/revisions"}],"wp:featuredmedia":[{"embeddable":true,"href":"https:\/\/www.invarena.cz\/index.php?rest_route=\/wp\/v2\/media\/21012"}],"wp:attachment":[{"href":"https:\/\/www.invarena.cz\/index.php?rest_route=%2Fwp%2Fv2%2Fmedia&parent=26949"}],"wp:term":[{"taxonomy":"category","embeddable":true,"href":"https:\/\/www.invarena.cz\/index.php?rest_route=%2Fwp%2Fv2%2Fcategories&post=26949"},{"taxonomy":"post_tag","embeddable":true,"href":"https:\/\/www.invarena.cz\/index.php?rest_route=%2Fwp%2Fv2%2Ftags&post=26949"}],"curies":[{"name":"wp","href":"https:\/\/api.w.org\/{rel}","templated":true}]}}