{"id":26959,"date":"2017-01-05T13:46:00","date_gmt":"2017-01-05T12:46:00","guid":{"rendered":"http:\/\/www.invarena.cz\/?p=26959"},"modified":"2017-01-05T13:46:00","modified_gmt":"2017-01-05T12:46:00","slug":"syn-ma-autismus-ma-narok-na-prispevek-na-auto","status":"publish","type":"post","link":"https:\/\/www.invarena.cz\/?p=26959","title":{"rendered":"Syn m\u00e1 autismus. M\u00e1 n\u00e1rok na p\u0159\u00edsp\u011bvek na auto?"},"content":{"rendered":"<p><strong>Dotaz:<\/strong><br \/>\n<strong> Syn m\u00e1 autismus 3. stupn\u011b. Doj\u00ed\u017ed\u00ed do \u0161koly. M\u00e1 n\u00e1rok na auto?<\/strong><br \/>\n<!--more--><br \/>\n<strong>Odpov\u011b\u010f:<\/strong><br \/>\nUve\u010fme si, kdo m\u00e1 v sou\u010dasn\u00e9 dob\u011b n\u00e1rok na p\u0159\u00edsp\u011bvek na auto:<br \/>\n\u201eN\u00e1rok na p\u0159\u00edsp\u011bvek na zvl\u00e1\u0161tn\u00ed pom\u016fcku poskytovan\u00fd na po\u0159\u00edzen\u00ed motorov\u00e9ho vozidla m\u00e1 osoba, kter\u00e1 m\u00e1 t\u011b\u017ekou vadu nosn\u00e9ho nebo pohybov\u00e9ho \u00fastroj\u00ed anebo t\u011b\u017ekou nebo hlubokou ment\u00e1ln\u00ed retardaci charakteru dlouhodob\u011b nep\u0159\u00edzniv\u00e9ho zdravotn\u00edho stavu, a jej\u00ed zdravotn\u00ed stav nevylu\u010duje p\u0159izn\u00e1n\u00ed tohoto p\u0159\u00edsp\u011bvku.\u201c<br \/>\nV p\u0159\u00edpad\u011b Va\u0161eho syna bude z\u00e1le\u017eet na tom, zda jeho o\u0161et\u0159uj\u00edc\u00ed l\u00e9ka\u0159 ve zdravotn\u00ed dokumentaci ur\u010den\u00e9 pro L\u00e9ka\u0159skou posudkovou slu\u017ebu \u010cSSZ uvede, \u017ee m\u00e1 t\u011b\u017ekou nebo hlubokou ment\u00e1ln\u00ed retardaci.<br \/>\nRozhodn\u011b se ale d\u00e1 doporu\u010dit, abyste si o p\u0159\u00edsp\u011bvek na po\u0159\u00edzen\u00ed motorov\u00e9ho vozidla za\u017e\u00e1dali, proto\u017ee ze zku\u0161enost\u00ed na\u0161ich \u010dten\u00e1\u0159\u016f vypl\u00fdv\u00e1, \u017ee lidem posti\u017een\u00fdm t\u011b\u017ekou formou autismu n\u011bkdy p\u0159\u00edsp\u011bvek b\u00fdv\u00e1 p\u0159izn\u00e1n. Kone\u010dn\u00e9 rozhodnut\u00ed je v\u0161ak v\u017edy jen na L\u00e9ka\u0159sk\u00e9 posudkov\u00e9 slu\u017eb\u011b \u010cSSZ.<\/p>\n<p>Ji\u0159\u00ed Marek<br \/>\ninvArena<\/p>\n","protected":false},"excerpt":{"rendered":"<div class=\"mh-excerpt\"><p>Dotaz: Syn m\u00e1 autismus 3. stupn\u011b. Doj\u00ed\u017ed\u00ed do \u0161koly. M\u00e1 n\u00e1rok na auto?<\/p>\n<\/div>","protected":false},"author":3,"featured_media":21061,"comment_status":"open","ping_status":"closed","sticky":false,"template":"","format":"standard","meta":{"footnotes":""},"categories":[18],"tags":[],"class_list":["post-26959","post","type-post","status-publish","format-standard","has-post-thumbnail","hentry","category-poradna"],"_links":{"self":[{"href":"https:\/\/www.invarena.cz\/index.php?rest_route=\/wp\/v2\/posts\/26959","targetHints":{"allow":["GET"]}}],"collection":[{"href":"https:\/\/www.invarena.cz\/index.php?rest_route=\/wp\/v2\/posts"}],"about":[{"href":"https:\/\/www.invarena.cz\/index.php?rest_route=\/wp\/v2\/types\/post"}],"author":[{"embeddable":true,"href":"https:\/\/www.invarena.cz\/index.php?rest_route=\/wp\/v2\/users\/3"}],"replies":[{"embeddable":true,"href":"https:\/\/www.invarena.cz\/index.php?rest_route=%2Fwp%2Fv2%2Fcomments&post=26959"}],"version-history":[{"count":0,"href":"https:\/\/www.invarena.cz\/index.php?rest_route=\/wp\/v2\/posts\/26959\/revisions"}],"wp:featuredmedia":[{"embeddable":true,"href":"https:\/\/www.invarena.cz\/index.php?rest_route=\/wp\/v2\/media\/21061"}],"wp:attachment":[{"href":"https:\/\/www.invarena.cz\/index.php?rest_route=%2Fwp%2Fv2%2Fmedia&parent=26959"}],"wp:term":[{"taxonomy":"category","embeddable":true,"href":"https:\/\/www.invarena.cz\/index.php?rest_route=%2Fwp%2Fv2%2Fcategories&post=26959"},{"taxonomy":"post_tag","embeddable":true,"href":"https:\/\/www.invarena.cz\/index.php?rest_route=%2Fwp%2Fv2%2Ftags&post=26959"}],"curies":[{"name":"wp","href":"https:\/\/api.w.org\/{rel}","templated":true}]}}