{"id":26960,"date":"2017-01-05T13:44:39","date_gmt":"2017-01-05T12:44:39","guid":{"rendered":"http:\/\/www.invarena.cz\/?p=26960"},"modified":"2017-01-05T13:44:39","modified_gmt":"2017-01-05T12:44:39","slug":"holysovska-zakladni-skola-usporadala-benefici-a-pomohla-postizenemu-tomaskovi-kaninskemu","status":"publish","type":"post","link":"https:\/\/www.invarena.cz\/?p=26960","title":{"rendered":"Hol\u00fd\u0161ovsk\u00e1 z\u00e1kladn\u00ed \u0161kola uspo\u0159\u00e1dala benefici a pomohla posti\u017een\u00e9mu Tom\u00e1\u0161kovi Kaninsk\u00e9mu"},"content":{"rendered":"<p>Hol\u00fd\u0161ov \u2013 Z\u00e1kladn\u00ed \u0161kola v Hol\u00fd\u0161ov\u011b ka\u017ed\u00fd rok v prosinci po\u0159\u00e1d\u00e1 benefi\u010dn\u00ed koncert, jeho\u017e c\u00edlem je uk\u00e1zat v p\u0159edv\u00e1no\u010dn\u00edm \u010dase solidaritu a podat pomocnou ruku t\u011bm, kte\u0159\u00ed to pot\u0159ebuj\u00ed.<!--more--><br \/>\n&#8222;Vybereme v\u017edy n\u011bkoho, kdo na\u0161i pomoc pot\u0159ebuje, a tomu se p\u0159edaj\u00ed vybran\u00e9 pen\u00edze v dan\u00fd den. Jedinou podm\u00ednkou, kterou m\u00e1me, je to, \u017ee chceme, aby se n\u011bkdo z rodiny na\u0161eho koncertu z\u00fa\u010dastnil a pen\u00edze osobn\u011b p\u0159evzal,&#8220; vysv\u011btluje u\u010ditelka Monika Lerchov\u00e1.<br \/>\nNejinak tomu bylo i letos a Hol\u00fd\u0161ov\u0161t\u00ed finan\u010dn\u011b pomohli mal\u00e9mu Tom\u00e1\u0161i Kaninsk\u00e9mu (na sn\u00edmku) z Chot\u011bvic na Trutnovsku.<br \/>\nNa koncertu se vybralo 13 tis\u00edc 635 korun a z pen\u011bz z\u00edskan\u00fdch ze sb\u011bru pomeran\u010dov\u00e9 k\u016fry a pap\u00edru p\u0159epo\u0161lou d\u011bti z hol\u00fd\u0161ovsk\u00e9 \u0161koly na Tom\u00e1\u0161\u016fv \u00fa\u010det je\u0161t\u011b dal\u0161\u00edch p\u011bt tis\u00edc korun. Tom\u00e1\u0161ek se narodil v roce 2009 po bezprobl\u00e9mov\u00e9m t\u011bhotenstv\u00ed. Byla mu diagnostikov\u00e1na d\u011btsk\u00e1 mozkov\u00e1 obrna \u2013 dystonicko-dyskinetick\u00e1 forma, neurodegenerativn\u00ed onemocn\u011bn\u00ed, epilepsie, mikrocefalie, z\u00e1va\u017en\u00e1 psychomotorick\u00e1 retardace. Tom\u00e1\u0161k\u016fv v\u00fdvoj nejde dop\u0159edu.<br \/>\nEpileptick\u00e9 z\u00e1chvaty ho i p\u0159es l\u00e9ky vracej\u00ed ve v\u00fdvoji zp\u011bt. Na EEG mu st\u00e1le b\u011b\u017e\u00ed z\u00e1chvatov\u00e1 aktivita, mozek nem\u00e1 mo\u017enost velk\u00e9ho posunu.<br \/>\nTom\u00e1\u0161ek je v sedmi letech na \u00farovni p\u016fl ro\u010dn\u00edho d\u00edt\u011bte, pot\u0159ebuje pomoc p\u0159i krmen\u00ed, strojen\u00ed a dal\u0161\u00edch b\u011b\u017en\u00fdch v\u011bcech. &#8222;D\u011bkujeme v\u0161em, kte\u0159\u00ed se p\u0159i\u0161li na koncert pod\u00edvat a p\u0159isp\u011bli, d\u00edky v\u0161em, kte\u0159\u00ed \u00fa\u010dinkovali, a v\u0161em, kte\u0159\u00ed pomohli p\u0159i organizaci a p\u0159\u00edprav\u011b koncertu,&#8220; pod\u011bkovala na z\u00e1v\u011br hol\u00fd\u0161ovsk\u00e1 u\u010ditelka Monika Lerchov\u00e1.<\/p>\n<p>T\u00fdden\u00edk Doma\u017elicko<\/p>\n","protected":false},"excerpt":{"rendered":"<div class=\"mh-excerpt\"><p>Hol\u00fd\u0161ov \u2013 Z\u00e1kladn\u00ed \u0161kola v Hol\u00fd\u0161ov\u011b ka\u017ed\u00fd rok v prosinci po\u0159\u00e1d\u00e1 benefi\u010dn\u00ed koncert, jeho\u017e c\u00edlem je uk\u00e1zat v p\u0159edv\u00e1no\u010dn\u00edm \u010dase solidaritu a podat pomocnou ruku <a class=\"mh-excerpt-more\" href=\"https:\/\/www.invarena.cz\/?p=26960\" title=\"Hol\u00fd\u0161ovsk\u00e1 z\u00e1kladn\u00ed \u0161kola uspo\u0159\u00e1dala benefici a pomohla posti\u017een\u00e9mu Tom\u00e1\u0161kovi Kaninsk\u00e9mu\">[&#8230;]<\/a><\/p>\n<\/div>","protected":false},"author":1,"featured_media":0,"comment_status":"open","ping_status":"closed","sticky":false,"template":"","format":"standard","meta":{"footnotes":""},"categories":[9],"tags":[],"class_list":["post-26960","post","type-post","status-publish","format-standard","hentry","category-zpravy"],"_links":{"self":[{"href":"https:\/\/www.invarena.cz\/index.php?rest_route=\/wp\/v2\/posts\/26960","targetHints":{"allow":["GET"]}}],"collection":[{"href":"https:\/\/www.invarena.cz\/index.php?rest_route=\/wp\/v2\/posts"}],"about":[{"href":"https:\/\/www.invarena.cz\/index.php?rest_route=\/wp\/v2\/types\/post"}],"author":[{"embeddable":true,"href":"https:\/\/www.invarena.cz\/index.php?rest_route=\/wp\/v2\/users\/1"}],"replies":[{"embeddable":true,"href":"https:\/\/www.invarena.cz\/index.php?rest_route=%2Fwp%2Fv2%2Fcomments&post=26960"}],"version-history":[{"count":0,"href":"https:\/\/www.invarena.cz\/index.php?rest_route=\/wp\/v2\/posts\/26960\/revisions"}],"wp:attachment":[{"href":"https:\/\/www.invarena.cz\/index.php?rest_route=%2Fwp%2Fv2%2Fmedia&parent=26960"}],"wp:term":[{"taxonomy":"category","embeddable":true,"href":"https:\/\/www.invarena.cz\/index.php?rest_route=%2Fwp%2Fv2%2Fcategories&post=26960"},{"taxonomy":"post_tag","embeddable":true,"href":"https:\/\/www.invarena.cz\/index.php?rest_route=%2Fwp%2Fv2%2Ftags&post=26960"}],"curies":[{"name":"wp","href":"https:\/\/api.w.org\/{rel}","templated":true}]}}