{"id":26961,"date":"2017-01-05T13:43:59","date_gmt":"2017-01-05T12:43:59","guid":{"rendered":"http:\/\/www.invarena.cz\/?p=26961"},"modified":"2017-01-05T13:43:59","modified_gmt":"2017-01-05T12:43:59","slug":"kolednici-vybiraji-na-hospice-matky-v-tisni-ci-postizene-deti","status":"publish","type":"post","link":"https:\/\/www.invarena.cz\/?p=26961","title":{"rendered":"Koledn\u00edci vyb\u00edraj\u00ed na hospice, matky v t\u00edsni \u010di posti\u017een\u00e9 d\u011bti"},"content":{"rendered":"<p>Ji\u017e sedmn\u00e1ct\u00e1 T\u0159\u00edkr\u00e1lov\u00e1 sb\u00edrka organizovan\u00e1 Charitou \u010cesk\u00e1 republika je v pln\u00e9m proudu a v\u0161ichni v\u011b\u0159\u00ed tomu, \u017ee bude \u00fasp\u011b\u0161n\u011bj\u0161\u00ed ne\u017e loni. Ta v cel\u00e9 zemi vloni vynesla 96 mili\u00f3n\u016f korun, na jihu Moravy 22 mili\u00f3n\u016f.<!--more--><br \/>\nDobrovoln\u00fdch koledn\u00edk\u016f jen v brn\u011bnsk\u00e9 diec\u00e9zi u\u017e chod\u00ed na 14 000, v cel\u00e9m \u010cesku p\u0159es 60 000. Nav\u0161t\u011bvuj\u00ed d\u016fm od domu, zastavuj\u00ed lidi v ulic\u00edch. Pop\u0159ej\u00ed v\u0161e dobr\u00e9 a po\u017e\u00e1daj\u00ed o dar na pomoc pot\u0159ebn\u00fdm.<br \/>\nJak uv\u00e1d\u00ed Diec\u00e9zn\u00ed charita Brno na sv\u00e9m webu, z v\u00fdt\u011b\u017eku leto\u0161n\u00ed sb\u00edrky p\u0159ipadne 65 procent na konkr\u00e9tn\u00ed regiony, 15 procent vyu\u017eije ka\u017ed\u00e1 oblastn\u00ed charita na sv\u00e9 projekty. Deset procent je ur\u010deno na pomoc pot\u0159ebn\u00fdm v zahrani\u010d\u00ed, p\u011bt procent na celost\u00e1tn\u00ed projekty a p\u011btiprocentn\u00ed \u010d\u00e1stku spolkne re\u017eie sb\u00edrky.<br \/>\nKdo chce p\u0159isp\u011bt a mine koledn\u00edky, m\u016f\u017ee poslat d\u00e1rcovskou textovou zpr\u00e1vu DMS KOLEDA na telefonn\u00ed \u010d\u00edslo 87777. Cena esemesky je 30 korun.<br \/>\nDiec\u00e9zn\u00ed charita Brno vyu\u017eije v\u00fdt\u011b\u017eek sb\u00edrky nap\u0159\u00edklad na dom\u00e1c\u00ed hospicovou p\u00e9\u010di pro ne -vyl\u00e9\u010diteln\u011b nemocn\u00e9, na pomoc bezdomovc\u016fm, na vybudov\u00e1n\u00ed nocleh\u00e1rny nebo denn\u00edho centra pro lidi bez p\u0159\u00edst\u0159e\u0161\u00ed v Hodon\u00edn\u011b.<br \/>\nV Rajhradu u Brna dostane p\u0159\u00edsp\u011bvek Mobiln\u00ed hospic sv. Jana, kter\u00fd pom\u00e1h\u00e1 nevyl\u00e9\u010diteln\u011b nemocn\u00fdm lidem v dom\u00e1c\u00edm prost\u0159ed\u00ed. V Ti\u0161nov\u011b cht\u011bj\u00ed zakoupit auto pro slu\u017eby v ter\u00e9nu, pomoc dostane rovn\u011b\u017e tamn\u00ed rodina, kter\u00e1 vyho\u0159ela. Znojemsk\u00e1 charita pom\u016f\u017ee soci\u00e1ln\u011b vylou\u010den\u00fdm rodin\u00e1m a jejich d\u011btem, ve \u017d\u010f\u00e1ru nad S\u00e1zavou pen\u00edze pomohou lidem v krizov\u00e9 situaci.<br \/>\nV r\u00e1mci T\u0159\u00edkr\u00e1lov\u00e9 sb\u00edrky se uskute\u010dn\u00ed mnoh\u00e9 doprovodn\u00e9 akce, nap\u0159\u00edklad z\u00edtra vyjde pr\u016fvod na kon\u00edch a s velbloudy v 16 hodin od katedr\u00e1ly na Petrov\u011b. Ve stejn\u00fd den od 14 hodin maj\u00ed v T\u0159eb\u00ed\u010di na Karlov\u011b n\u00e1m\u011bst\u00ed t\u0159\u00edkr\u00e1lov\u00e9 odpoledne s \u017eiv\u00fdm betl\u00e9mem, v p\u00e1tek od 15.30 projde pr\u016fvod s velbloudy B\u0159eclav\u00ed.<\/p>\n<p>Jan Trojan<br \/>\nPr\u00e1vo<\/p>\n","protected":false},"excerpt":{"rendered":"<div class=\"mh-excerpt\"><p>Ji\u017e sedmn\u00e1ct\u00e1 T\u0159\u00edkr\u00e1lov\u00e1 sb\u00edrka organizovan\u00e1 Charitou \u010cesk\u00e1 republika je v pln\u00e9m proudu a v\u0161ichni v\u011b\u0159\u00ed tomu, \u017ee bude \u00fasp\u011b\u0161n\u011bj\u0161\u00ed ne\u017e loni. Ta v cel\u00e9 zemi <a class=\"mh-excerpt-more\" href=\"https:\/\/www.invarena.cz\/?p=26961\" title=\"Koledn\u00edci vyb\u00edraj\u00ed na hospice, matky v t\u00edsni \u010di posti\u017een\u00e9 d\u011bti\">[&#8230;]<\/a><\/p>\n<\/div>","protected":false},"author":1,"featured_media":0,"comment_status":"open","ping_status":"closed","sticky":false,"template":"","format":"standard","meta":{"footnotes":""},"categories":[9],"tags":[],"class_list":["post-26961","post","type-post","status-publish","format-standard","hentry","category-zpravy"],"_links":{"self":[{"href":"https:\/\/www.invarena.cz\/index.php?rest_route=\/wp\/v2\/posts\/26961","targetHints":{"allow":["GET"]}}],"collection":[{"href":"https:\/\/www.invarena.cz\/index.php?rest_route=\/wp\/v2\/posts"}],"about":[{"href":"https:\/\/www.invarena.cz\/index.php?rest_route=\/wp\/v2\/types\/post"}],"author":[{"embeddable":true,"href":"https:\/\/www.invarena.cz\/index.php?rest_route=\/wp\/v2\/users\/1"}],"replies":[{"embeddable":true,"href":"https:\/\/www.invarena.cz\/index.php?rest_route=%2Fwp%2Fv2%2Fcomments&post=26961"}],"version-history":[{"count":0,"href":"https:\/\/www.invarena.cz\/index.php?rest_route=\/wp\/v2\/posts\/26961\/revisions"}],"wp:attachment":[{"href":"https:\/\/www.invarena.cz\/index.php?rest_route=%2Fwp%2Fv2%2Fmedia&parent=26961"}],"wp:term":[{"taxonomy":"category","embeddable":true,"href":"https:\/\/www.invarena.cz\/index.php?rest_route=%2Fwp%2Fv2%2Fcategories&post=26961"},{"taxonomy":"post_tag","embeddable":true,"href":"https:\/\/www.invarena.cz\/index.php?rest_route=%2Fwp%2Fv2%2Ftags&post=26961"}],"curies":[{"name":"wp","href":"https:\/\/api.w.org\/{rel}","templated":true}]}}