{"id":26965,"date":"2017-01-04T11:59:44","date_gmt":"2017-01-04T10:59:44","guid":{"rendered":"http:\/\/www.invarena.cz\/?p=26965"},"modified":"2017-01-04T11:59:44","modified_gmt":"2017-01-04T10:59:44","slug":"prispevky-na-platy-zdravotne-postizenych-se-mozna-zvysi","status":"publish","type":"post","link":"https:\/\/www.invarena.cz\/?p=26965","title":{"rendered":"P\u0159\u00edsp\u011bvky na platy zdravotn\u011b posti\u017een\u00fdch se mo\u017en\u00e1 zv\u00fd\u0161\u00ed"},"content":{"rendered":"<p><strong>St\u00e1tn\u00ed p\u0159\u00edsp\u011bvky zam\u011bstnavatel\u016fm na plat lid\u00ed se zdravotn\u00edm posti\u017een\u00edm se mo\u017en\u00e1 zv\u00fd\u0161\u00ed. Mohly by dos\u00e1hnout a\u017e 9500 korun m\u011bs\u00ed\u010dn\u011b m\u00edsto nyn\u011bj\u0161\u00edch 8800 korun.<\/strong> <!--more--><\/p>\n<p>Sn\u011bmovn\u00ed soci\u00e1ln\u00ed v\u00fdbor doporu\u010dil doplnit r\u016fst p\u0159\u00edsp\u011bvk\u016f do vl\u00e1dn\u00ed novely o zam\u011bstnanosti. Ta m\u00e1 omezit snahy firem sni\u017eovat si n\u00e1klady zneu\u017e\u00edv\u00e1n\u00edm institutu do\u010dasn\u00e9ho vys\u00edl\u00e1n\u00ed pracovn\u00edk\u016f za hranice. Normu by m\u011bli poslanci projedn\u00e1vat ve druh\u00e9m \u010dten\u00ed na sch\u016fzi, kter\u00e1 za\u010d\u00edn\u00e1 p\u0159\u00ed\u0161t\u00ed t\u00fdden.<\/p>\n<p>Na p\u0159\u00edsp\u011bvky m\u00e1 n\u00e1rok zam\u011bstnavatel, kter\u00fd zam\u011bstn\u00e1v\u00e1 na chr\u00e1n\u011bn\u00fdch pracovn\u00edch m\u00edstech v\u00edc ne\u017e polovinu lid\u00ed se zdravotn\u00edm posti\u017een\u00edm z celkov\u00e9ho po\u010dtu pracovn\u00edk\u016f. Zv\u00fd\u0161en\u00ed t\u00e9to dotace m\u00e1 kompenzovat r\u016fst minim\u00e1ln\u00ed mzdy na 11 tis\u00edc korun m\u011bs\u00ed\u010dn\u011b. Zam\u011bstnavatel\u00e9 s v\u00edce ne\u017e 50 procenty osob se zdravotn\u00edm posti\u017een\u00edm z celkov\u00e9ho po\u010dtu zam\u011bstnanc\u016f by se bez zm\u011bny v\u00fd\u0161e p\u0159\u00edsp\u011bvku pot\u00fdkali se zv\u00fd\u0161en\u00edm osobn\u00edch n\u00e1klad\u016f na tyto pracovn\u00edky.<\/p>\n<p>Komunisti\u010dt\u00ed poslanci ve v\u00fdboru pozm\u011b\u0148ovac\u00ed n\u00e1vrh podpo\u0159ili a stejn\u011b budou postupovat i p\u0159i hlasov\u00e1n\u00ed na pl\u00e9nu sn\u011bmovny. \u00bbHlavn\u00ed d\u016fvod je samoz\u0159ejm\u011b ji\u017e schv\u00e1len\u00e9 nav\u00fd\u0161en\u00ed minim\u00e1ln\u00ed mzdy pro lidi se zdravotn\u00edm posti\u017een\u00edm na 11 tis\u00edc korun od 1. ledna 2017, kter\u00e9 schv\u00e1lila vl\u00e1da v roce 2016. Dorovnala tak rozd\u00edl mezi minim\u00e1ln\u00ed mzdou u zam\u011bstnanc\u016f se zdravotn\u00edm posti\u017een\u00edm a ostatn\u00edmi zam\u011bstnanci.<\/p>\n<p>Ch\u00e1peme, \u017ee se tak\u00e9 na zv\u00fd\u0161en\u00ed p\u0159\u00edsp\u011bvku mohou d\u00edvat n\u011bkte\u0159\u00ed negativn\u011b, ale vzhledem k podm\u00ednk\u00e1m v \u010cesk\u00e9 republice u zam\u011bstn\u00e1v\u00e1n\u00ed osob se zdravotn\u00edm posti\u017een\u00edm nem\u00e1me s t\u00edmto nav\u00fd\u0161en\u00edm \u017e\u00e1dn\u00fd probl\u00e9m. St\u00e1le vn\u00edm\u00e1me, \u017ee pr\u00e1v\u011b osoby se zdravotn\u00edm posti\u017een\u00edm maj\u00ed jednu z nejt\u011b\u017e\u0161\u00edch pozic na pracovn\u00edm trhu,\u00ab \u0159ekla na\u0161emu listu \u010dlenka v\u00fdboru a st\u00ednov\u00e1 ministryn\u011b pr\u00e1ce a soci\u00e1ln\u00edch v\u011bc\u00ed KS\u010cM Hana Aulick\u00e1 J\u00edrovcov\u00e1.<\/p>\n<p>Zam\u011bstnavatel\u00e9 m\u016f\u017eou dost\u00e1vat tak\u00e9 dotaci a\u017e 2700 korun m\u011bs\u00ed\u010dn\u011b na dal\u0161\u00ed n\u00e1klady souvisej\u00edc\u00ed se zam\u011bstn\u00e1v\u00e1n\u00edm lid\u00ed se zdravotn\u00edm posti\u017een\u00edm. V p\u0159\u00edpad\u011b zam\u011bstn\u00e1v\u00e1n\u00ed zdravotn\u011b znev\u00fdhodn\u011bn\u00fdch lid\u00ed \u010din\u00ed p\u0159\u00edsp\u011bvky a\u017e 5000 korun na plat a a\u017e 1000 korun na dal\u0161\u00ed n\u00e1klady.<\/p>\n<p>Vl\u00e1dn\u00ed norma p\u0159ej\u00edm\u00e1 dva roky starou evropskou sm\u011brnici, kterou m\u011bla \u010cR do sv\u00e9ho pr\u00e1va za\u010dlenit u\u017e do poloviny lo\u0148sk\u00e9ho \u010dervna. T\u00fdk\u00e1 se i n\u00e1roku zam\u011bstnance na minim\u00e1ln\u00ed mzdu platnou v zemi, kde pln\u00ed \u00fakoly. Z\u00e1kon taky zakotv\u00ed ru\u010den\u00ed za \u00fahradu dlu\u017en\u00e9 odm\u011bny t\u00edm, ke komu byl zam\u011bstnanec vysl\u00e1n. Sm\u011brnice je nam\u00ed\u0159ena proti firm\u00e1m, kter\u00e9 sv\u00e9 pracovn\u00edky do zahrani\u010d\u00ed vys\u00edlaj\u00ed za \u00fa\u010delem poskytov\u00e1n\u00ed slu\u017eeb jen naoko a zakl\u00e1daj\u00ed takzvan\u00e9 schr\u00e1nkov\u00e9 spole\u010dnosti v zem\u00edch, kde jsou ni\u017e\u0161\u00ed n\u00e1klady na soci\u00e1ln\u00ed v\u00fddaje zam\u011bstnanc\u016f a jejich dal\u0161\u00ed pr\u00e1va. Navrhovan\u00e1 novela m\u00e1 pomoct l\u00e9pe identifikovat skute\u010dn\u00e9ho vys\u00edlatele pracovn\u00edka ze zahrani\u010d\u00ed.<\/p>\n<p>Hal\u00f3 noviny<\/p>\n","protected":false},"excerpt":{"rendered":"<div class=\"mh-excerpt\"><p>St\u00e1tn\u00ed p\u0159\u00edsp\u011bvky zam\u011bstnavatel\u016fm na plat lid\u00ed se zdravotn\u00edm posti\u017een\u00edm se mo\u017en\u00e1 zv\u00fd\u0161\u00ed. Mohly by dos\u00e1hnout a\u017e 9500 korun m\u011bs\u00ed\u010dn\u011b m\u00edsto nyn\u011bj\u0161\u00edch 8800 korun.<\/p>\n<\/div>","protected":false},"author":1,"featured_media":23764,"comment_status":"open","ping_status":"closed","sticky":false,"template":"","format":"standard","meta":{"footnotes":""},"categories":[9],"tags":[],"class_list":["post-26965","post","type-post","status-publish","format-standard","has-post-thumbnail","hentry","category-zpravy"],"_links":{"self":[{"href":"https:\/\/www.invarena.cz\/index.php?rest_route=\/wp\/v2\/posts\/26965","targetHints":{"allow":["GET"]}}],"collection":[{"href":"https:\/\/www.invarena.cz\/index.php?rest_route=\/wp\/v2\/posts"}],"about":[{"href":"https:\/\/www.invarena.cz\/index.php?rest_route=\/wp\/v2\/types\/post"}],"author":[{"embeddable":true,"href":"https:\/\/www.invarena.cz\/index.php?rest_route=\/wp\/v2\/users\/1"}],"replies":[{"embeddable":true,"href":"https:\/\/www.invarena.cz\/index.php?rest_route=%2Fwp%2Fv2%2Fcomments&post=26965"}],"version-history":[{"count":0,"href":"https:\/\/www.invarena.cz\/index.php?rest_route=\/wp\/v2\/posts\/26965\/revisions"}],"wp:featuredmedia":[{"embeddable":true,"href":"https:\/\/www.invarena.cz\/index.php?rest_route=\/wp\/v2\/media\/23764"}],"wp:attachment":[{"href":"https:\/\/www.invarena.cz\/index.php?rest_route=%2Fwp%2Fv2%2Fmedia&parent=26965"}],"wp:term":[{"taxonomy":"category","embeddable":true,"href":"https:\/\/www.invarena.cz\/index.php?rest_route=%2Fwp%2Fv2%2Fcategories&post=26965"},{"taxonomy":"post_tag","embeddable":true,"href":"https:\/\/www.invarena.cz\/index.php?rest_route=%2Fwp%2Fv2%2Ftags&post=26965"}],"curies":[{"name":"wp","href":"https:\/\/api.w.org\/{rel}","templated":true}]}}