{"id":26980,"date":"2017-01-21T10:25:54","date_gmt":"2017-01-21T09:25:54","guid":{"rendered":"http:\/\/www.invarena.cz\/?p=26980"},"modified":"2017-01-21T10:25:54","modified_gmt":"2017-01-21T09:25:54","slug":"praze-chybi-tisice-luzek-pro-seniory","status":"publish","type":"post","link":"https:\/\/www.invarena.cz\/?p=26980","title":{"rendered":"Praze chyb\u00ed tis\u00edce l\u016f\u017eek pro seniory"},"content":{"rendered":"<p>Spole\u010dnost st\u00e1rne a p\u0159ib\u00fdv\u00e1 tzv. k\u0159ehk\u00fdch senior\u016f, kter\u00fdm je mezi 80 a 90 roky, uv\u00e1d\u011bj\u00ed statistiky. Nov\u00e1 l\u016f\u017eka pro star\u00e9 lidi se sn\u00ed\u017eenou sob\u011bsta\u010dnost\u00ed jsou, nejen v Praze, tud\u00ed\u017e velmi pot\u0159ebn\u00e1. Ale nedost\u00e1v\u00e1 se jich.<!--more--><\/p>\n<p>Nap\u0159\u00edklad v roce 2015 bylo v metropoli evidov\u00e1no t\u00e9m\u011b\u0159 6,4 tis\u00edce neuspokojen\u00fdch \u017e\u00e1dost\u00ed do domov\u016f pro seniory a t\u00e9m\u011b\u0159 1500 do domov\u016f se zvl\u00e1\u0161tn\u00edm re\u017eimem, je\u017e se staraj\u00ed o osoby s Alzheimerovou nemoc\u00ed \u010di jin\u00fdm typem demence.<br \/>\nNejen\u017ee nar\u016fst\u00e1 v\u011bk, zvy\u0161uje se i po\u010det star\u00fdch lid\u00ed trp\u00edc\u00edch demenc\u00ed. Z\u00e1va\u017en\u00e1 Alzheimerova choroba, kter\u00e1 pat\u0159\u00ed mezi hlavn\u00ed p\u0159\u00ed\u010diny \u00famrt\u00ed, je jednou z nej\u010dast\u011bj\u0161\u00edch, konstatoval m\u00edstop\u0159edseda \u010cesk\u00e9 geriatrick\u00e9 a gerontologick\u00e9 spole\u010dnosti Zden\u011bk Kalvach. V Praze j\u00ed trp\u00ed t\u00e9m\u011b\u0159 20 tis\u00edc osob, metropole z\u016fst\u00e1v\u00e1 na prvn\u00ed p\u0159\u00ed\u010dce v po\u010dtu takto posti\u017een\u00fdch. Ve St\u0159edo\u010desk\u00e9m kraji jich \u017eije dal\u0161\u00edch 17,5 tis\u00edce.<br \/>\nSto pades\u00e1t l\u016f\u017eek, z nich\u017e dv\u011b t\u0159etiny jsou ur\u010deny pr\u00e1v\u011b pro domov se zvl\u00e1\u0161tn\u00edm re\u017eimem, nab\u00edz\u00ed nov\u00fd domov pro seniory ve \u0160t\u011brbohol\u00edch GrandPark. Prvn\u00ed klienti se nast\u011bhovali u\u017e v prosinci, nyn\u00ed jich tam \u017eije 32. Tak\u017ee dal\u0161\u00ed z\u00e1jemci maj\u00ed je\u0161t\u011b \u0161anci. Za jeden m\u011bs\u00edc ve dvoul\u016f\u017ekov\u00e9m pokoji zaplat\u00ed 23 tis\u00edc korun. &#8222;M\u00e1me nejen pracovn\u00edky pro soci\u00e1ln\u00ed p\u00e9\u010di, ale k dispozici je i l\u00e9ka\u0159 a 24 hodin zdravotn\u00ed sestry,&#8220; uvedl v\u010dera \u0159editel GrandParku Pavel Ritschel p\u0159i slavnostn\u00edm zah\u00e1jen\u00edm provozu. Samoz\u0159ejmost\u00ed je podle n\u011bj bezbari\u00e9rovost, barevn\u00e9 prvky usnad\u0148uj\u00edc\u00ed orientaci, co nejv\u011bt\u0161\u00ed p\u0159\u00edstup sv\u011btla v kombinaci s vhodn\u00fdm osv\u011btlen\u00edm. V\u00fdznamnou sou\u010d\u00e1st\u00ed are\u00e1lu je terapeutick\u00e1 medita\u010dn\u00ed zahrada.<br \/>\n&#8222;Jsem moc spokojen\u00e1. M\u00e1m jednol\u016f\u017ekov\u00fd pokoj, tedy je tam je\u0161t\u011b jedna postel, ale ta je pr\u00e1zdn\u00e1. Na jednu v\u011bc bych si nest\u011b\u017eovala,&#8220; sv\u011b\u0159ila se Pr\u00e1vu jedna z prvn\u00edch obyvatelek nov\u00e9ho za\u0159\u00edzen\u00ed, dvaaosmdes\u00e1tilet\u00e1 Bohuslava Nedbalov\u00e1. Trp\u00ed \u00fazkostmi, a proto\u017ee jej\u00ed dcera \u017eije v It\u00e1lii, kde je pracovn\u011b velmi vyt\u00ed\u017een\u00e1, na\u0161la star\u0161\u00ed d\u00e1ma nov\u00fd domov pr\u00e1v\u011b tady.<br \/>\n&#8222;Mysl\u00edm, \u017ee j\u00e1 jsem tady nej\u010dipern\u011bj\u0161\u00ed. Ale jsou tady i p\u0159\u00edpady, \u017ee se samy nenajed\u00ed, nevykoupou, nikam nedojdou. N\u011bkdy usnou v k\u0159esle a nen\u00ed mo\u017en\u00e9 je vzbudit,&#8220; kr\u010d\u00ed rameny pe\u010dliv\u011b nal\u00ed\u010den\u00e1 pan\u00ed Bohuslava, nad ot\u00e1zkou, zda u\u017e si na\u0161la nov\u00e9 p\u0159\u00e1tele. Co ji bav\u00ed, je pravideln\u00e9 cvi\u010den\u00ed. &#8222;Nijak vehementn\u00ed nen\u00ed, h\u00fdbeme rukama, nohama,&#8220; prozradila, kdy\u017e \u010dekala na ob\u011bd a za sebou m\u011bla dopoledn\u00ed vypr\u00e1v\u011bn\u00ed a ochutn\u00e1vku pro ni dosud nezn\u00e1m\u00e9ho exotick\u00e9ho ovoce.<br \/>\nSt\u0159edn\u011bdob\u00fd pl\u00e1n soci\u00e1ln\u00edch slu\u017eeb pro roky 2016 a\u017e 2018 \u0159\u00edk\u00e1, \u017ee Praha chce do roku 2020 o t\u0159etinu nav\u00fd\u0161it kapacitu l\u016f\u017ekov\u00fdch za\u0159\u00edzen\u00ed pro lidi trp\u00edc\u00ed demenc\u00ed. Nyn\u00ed jich je p\u0159es 900 m\u00edst.<br \/>\nTak\u00e9 ve st\u0159edn\u00edch \u010cech\u00e1ch by m\u011blo p\u0159ib\u00fdvat m\u00edst v domovech se zvl\u00e1\u0161tn\u00edm re\u017eimem. V regionu je 32 poskytovatel\u016f t\u00e9to slu\u017eby s celkovou kapacitou 1313 l\u016f\u017eek, uvedla \u010cTK.<\/p>\n<p>Sto pades\u00e1t l\u016f\u017eek nab\u00edz\u00ed nov\u00fd domov pro seniory ve \u0160t\u011brbohol\u00edch GrandPark<\/p>\n<p>Lucie Fialov\u00e1<br \/>\nPr\u00e1vo<\/p>\n","protected":false},"excerpt":{"rendered":"<div class=\"mh-excerpt\"><p>Spole\u010dnost st\u00e1rne a p\u0159ib\u00fdv\u00e1 tzv. k\u0159ehk\u00fdch senior\u016f, kter\u00fdm je mezi 80 a 90 roky, uv\u00e1d\u011bj\u00ed statistiky. Nov\u00e1 l\u016f\u017eka pro star\u00e9 lidi se sn\u00ed\u017eenou sob\u011bsta\u010dnost\u00ed jsou, <a class=\"mh-excerpt-more\" href=\"https:\/\/www.invarena.cz\/?p=26980\" title=\"Praze chyb\u00ed tis\u00edce l\u016f\u017eek pro seniory\">[&#8230;]<\/a><\/p>\n<\/div>","protected":false},"author":1,"featured_media":19375,"comment_status":"open","ping_status":"closed","sticky":false,"template":"","format":"standard","meta":{"footnotes":""},"categories":[9],"tags":[],"class_list":["post-26980","post","type-post","status-publish","format-standard","has-post-thumbnail","hentry","category-zpravy"],"_links":{"self":[{"href":"https:\/\/www.invarena.cz\/index.php?rest_route=\/wp\/v2\/posts\/26980","targetHints":{"allow":["GET"]}}],"collection":[{"href":"https:\/\/www.invarena.cz\/index.php?rest_route=\/wp\/v2\/posts"}],"about":[{"href":"https:\/\/www.invarena.cz\/index.php?rest_route=\/wp\/v2\/types\/post"}],"author":[{"embeddable":true,"href":"https:\/\/www.invarena.cz\/index.php?rest_route=\/wp\/v2\/users\/1"}],"replies":[{"embeddable":true,"href":"https:\/\/www.invarena.cz\/index.php?rest_route=%2Fwp%2Fv2%2Fcomments&post=26980"}],"version-history":[{"count":0,"href":"https:\/\/www.invarena.cz\/index.php?rest_route=\/wp\/v2\/posts\/26980\/revisions"}],"wp:featuredmedia":[{"embeddable":true,"href":"https:\/\/www.invarena.cz\/index.php?rest_route=\/wp\/v2\/media\/19375"}],"wp:attachment":[{"href":"https:\/\/www.invarena.cz\/index.php?rest_route=%2Fwp%2Fv2%2Fmedia&parent=26980"}],"wp:term":[{"taxonomy":"category","embeddable":true,"href":"https:\/\/www.invarena.cz\/index.php?rest_route=%2Fwp%2Fv2%2Fcategories&post=26980"},{"taxonomy":"post_tag","embeddable":true,"href":"https:\/\/www.invarena.cz\/index.php?rest_route=%2Fwp%2Fv2%2Ftags&post=26980"}],"curies":[{"name":"wp","href":"https:\/\/api.w.org\/{rel}","templated":true}]}}