{"id":26981,"date":"2017-01-06T15:24:06","date_gmt":"2017-01-06T14:24:06","guid":{"rendered":"http:\/\/www.invarena.cz\/?p=26981"},"modified":"2017-01-06T15:24:06","modified_gmt":"2017-01-06T14:24:06","slug":"nejprve-sebrali-najezdy-ted-resi-jak-se-k-vlaku-dostat-bez-nich","status":"publish","type":"post","link":"https:\/\/www.invarena.cz\/?p=26981","title":{"rendered":"Nejprve sebrali n\u00e1jezdy. Te\u010f \u0159e\u0161\u00ed, jak se k vlaku dostat bez nich"},"content":{"rendered":"<p><strong>Patovou situaci denn\u011b za\u017e\u00edvaj\u00ed lid\u00e9 v Adamov\u011b. Na vlakovou zast\u00e1vku ve sm\u011bru na Blansko se toti\u017e n\u011bkte\u0159\u00ed z nich nem\u016f\u017eou dostat. Sm\u016flu maj\u00ed rodi\u010de s ko\u010d\u00e1rky, voz\u00ed\u010dk\u00e1\u0159i i ti, kte\u0159\u00ed nejsou schopni zdolat dlouh\u00e9 strm\u00e9 schodi\u0161t\u011b vedouc\u00ed k n\u00e1stupi\u0161ti. <!--more--><\/strong><\/p>\n<p>ADAMOV Doned\u00e1vna jej dopl\u0148ovaly alespo\u0148 n\u00e1jezdy, ty ale Spr\u00e1va \u017eelezni\u010dn\u00ed a dopravn\u00ed cesty (S\u017dDC) odstranila. A\u017e pot\u00e9 za\u010dala dumat nad t\u00edm, \u010d\u00edm je nahrad\u00ed. A p\u0159izn\u00e1v\u00e1, \u017ee \u0159e\u0161en\u00ed zat\u00edm nem\u00e1.<\/p>\n<p>&#8222;Bohu\u017eel sklon pojezd\u016f byl ne\u00fam\u011brn\u00fd, um\u00edst\u011bn\u00ed neodpov\u00edd\u00e1 ani \u0161\u00ed\u0159ce schodi\u0161t\u011b, museli jsme je proto jako nevyhovuj\u00edc\u00ed p\u0159i revizi odstranit. Kdyby tam do\u0161lo k jak\u00e9mukoli zran\u011bn\u00ed, nastal by probl\u00e9m,&#8220; uvedla mluv\u010d\u00ed S\u017dDC Kate\u0159ina \u0160ubov\u00e1. P\u0159ipustila p\u0159itom, \u017ee normy nejsou nov\u00e9 a \u017ee u vlakov\u00e9 zast\u00e1vky se zat\u00edm \u017e\u00e1dn\u00fd \u00faraz nestal.<\/p>\n<p>Adamov\u0161t\u00ed se v\u0161ak zlob\u00ed. Chyb\u011bj\u00edc\u00ed bezbari\u00e9rov\u00fd p\u0159\u00edstup m\u00edstn\u00ed dokonce v ned\u00e1vn\u00e9 anket\u011b ozna\u010dili za nejz\u00e1sadn\u011bj\u0161\u00ed z deseti nejv\u011bt\u0161\u00edch probl\u00e9m\u016f m\u011bsta. A radnice sl\u00edbila, \u017ee situaci bude \u0159e\u0161it.<\/p>\n<p>Co by m\u011blo pojezdy nahradit, ale nikdo netu\u0161\u00ed. Plo\u0161ina se na schodi\u0161t\u011b nevejde, m\u00edsto nen\u00ed ani na zbudov\u00e1n\u00ed v\u00fdtahu.<\/p>\n<p>&#8222;Pot\u0159ebn\u00e9 je nov\u00e9 technick\u00e9 \u0159e\u0161en\u00ed v r\u00e1mci n\u011bjak\u00e9 v\u011bt\u0161\u00ed p\u0159estavby, to ale bude n\u00e1kladn\u00e9 a rozpo\u010det s t\u00edm letos nepo\u010d\u00edt\u00e1. Jasn\u00fd nyn\u00ed nen\u00ed term\u00edn ani zp\u016fsob, jak to prov\u00e9st,&#8220; p\u0159iznala \u0160ubov\u00e1.<\/p>\n<p>M\u011bsto, kter\u00e9mu vlakov\u00e1 zast\u00e1vka ani p\u0159\u00edchod k n\u00ed nepat\u0159\u00ed, alespo\u0148 iniciovalo jedn\u00e1n\u00ed se S\u017dDC. R\u00e1zn\u00e9 p\u00e1ky ale nem\u00e1. &#8222;Sna\u017e\u00edme se je p\u0159im\u011bt k \u010din\u016fm, te\u010f se prov\u011b\u0159uj\u00ed nejr\u016fzn\u011bj\u0161\u00ed varianty. Budeme s nimi d\u00e1l jednat,&#8220; ubezpe\u010dil starosta Adamova Roman Pil\u00e1t (Sdru\u017een\u00ed nez\u00e1visl\u00fdch kandid\u00e1t\u016f).<\/p>\n<p>S\u017dDC chce ale investovat na nedalek\u00e9m vlakov\u00e9m n\u00e1dra\u017e\u00ed, za 4,4 milionu letos oprav\u00ed st\u0159echu i \u010dek\u00e1rnu a dosad\u00ed i kamerov\u00fd syst\u00e9m. Za dal\u0161\u00ed 2 miliony u\u017e upravuje tak\u00e9 svah, z n\u011bho\u017e padalo kamen\u00ed.<\/p>\n<p>Mlad\u00e1 fronta Dnes<\/p>\n","protected":false},"excerpt":{"rendered":"<div class=\"mh-excerpt\"><p>Patovou situaci denn\u011b za\u017e\u00edvaj\u00ed lid\u00e9 v Adamov\u011b. Na vlakovou zast\u00e1vku ve sm\u011bru na Blansko se toti\u017e n\u011bkte\u0159\u00ed z nich nem\u016f\u017eou dostat. Sm\u016flu maj\u00ed rodi\u010de s <a class=\"mh-excerpt-more\" href=\"https:\/\/www.invarena.cz\/?p=26981\" title=\"Nejprve sebrali n\u00e1jezdy. Te\u010f \u0159e\u0161\u00ed, jak se k vlaku dostat bez nich\">[&#8230;]<\/a><\/p>\n<\/div>","protected":false},"author":1,"featured_media":0,"comment_status":"open","ping_status":"closed","sticky":false,"template":"","format":"standard","meta":{"footnotes":""},"categories":[9],"tags":[],"class_list":["post-26981","post","type-post","status-publish","format-standard","hentry","category-zpravy"],"_links":{"self":[{"href":"https:\/\/www.invarena.cz\/index.php?rest_route=\/wp\/v2\/posts\/26981","targetHints":{"allow":["GET"]}}],"collection":[{"href":"https:\/\/www.invarena.cz\/index.php?rest_route=\/wp\/v2\/posts"}],"about":[{"href":"https:\/\/www.invarena.cz\/index.php?rest_route=\/wp\/v2\/types\/post"}],"author":[{"embeddable":true,"href":"https:\/\/www.invarena.cz\/index.php?rest_route=\/wp\/v2\/users\/1"}],"replies":[{"embeddable":true,"href":"https:\/\/www.invarena.cz\/index.php?rest_route=%2Fwp%2Fv2%2Fcomments&post=26981"}],"version-history":[{"count":0,"href":"https:\/\/www.invarena.cz\/index.php?rest_route=\/wp\/v2\/posts\/26981\/revisions"}],"wp:attachment":[{"href":"https:\/\/www.invarena.cz\/index.php?rest_route=%2Fwp%2Fv2%2Fmedia&parent=26981"}],"wp:term":[{"taxonomy":"category","embeddable":true,"href":"https:\/\/www.invarena.cz\/index.php?rest_route=%2Fwp%2Fv2%2Fcategories&post=26981"},{"taxonomy":"post_tag","embeddable":true,"href":"https:\/\/www.invarena.cz\/index.php?rest_route=%2Fwp%2Fv2%2Ftags&post=26981"}],"curies":[{"name":"wp","href":"https:\/\/api.w.org\/{rel}","templated":true}]}}