{"id":26991,"date":"2017-01-14T19:03:04","date_gmt":"2017-01-14T18:03:04","guid":{"rendered":"http:\/\/www.invarena.cz\/?p=26991"},"modified":"2017-01-14T19:03:04","modified_gmt":"2017-01-14T18:03:04","slug":"kraj-udeli-cenu-za-praci-ve-prospech-postizenych","status":"publish","type":"post","link":"https:\/\/www.invarena.cz\/?p=26991","title":{"rendered":"Kraj ud\u011bl\u00ed cenu za pr\u00e1ci ve prosp\u011bch posti\u017een\u00fdch"},"content":{"rendered":"<p>U\u017e podvan\u00e1ct\u00e9 bude v Olomouck\u00e9m kraji ud\u011blena Cena hejtmana za pr\u00e1ci ve prosp\u011bch osob se zdravotn\u00edm posti\u017een\u00edm.<!--more--> &#8222;N\u00e1vrhy na ud\u011blen\u00ed ceny za rok 2016 mohou ob\u010dan\u00e9, spolky, sdru\u017een\u00ed i pr\u00e1vnick\u00e9 subjekty zas\u00edlat do 20. \u00fanora,&#8220; uvedla mluv\u010d\u00ed hejtmanstv\u00ed Kamila Navr\u00e1tilov\u00e1. Cena je podle n\u00ed ud\u011blov\u00e1na za \u010dinnost, pop\u0159\u00edpad\u011b \u010din ve prosp\u011bch osob se zdravotn\u00edm posti\u017een\u00edm na \u00fazem\u00ed Olomouck\u00e9ho kraje \u010di jako pod\u011bkov\u00e1n\u00ed sponzor\u016fm, kte\u0159\u00ed se v\u00fdznamn\u011b pod\u00edleli na \u010dinnosti organizace, kter\u00e1 vyv\u00edj\u00ed aktivitu ve prosp\u011bch osob se zdravotn\u00edm posti\u017een\u00edm v Olomouck\u00e9m kraji. &#8222;Obdr\u017eet ji lze i za reprezentaci osob se zdravotn\u00edm posti\u017een\u00edm Olomouck\u00e9ho kraje v zahrani\u010d\u00ed, za dlouhodobou, soustavnou \u010dinnost na poli vyrovn\u00e1v\u00e1n\u00ed p\u0159\u00edle\u017eitost\u00ed pro osoby se zdravotn\u00edm posti\u017een\u00edm nebo za publicistickou \u010dinnost, kter\u00e1 p\u0159ibli\u017euje ka\u017edodenn\u00ed \u017eivot osob se zdravotn\u00edm posti\u017een\u00edm,&#8220; konstatovala mluv\u010d\u00ed.<br \/>\nOcen\u011bn\u00ed mohou z\u00edskat jednotlivci i organizace.<br \/>\nN\u00e1vrhy na ud\u011blen\u00ed ceny je mo\u017eno zas\u00edlat po\u0161tou na Odbor soci\u00e1ln\u00edch v\u011bc\u00ed Krajsk\u00e9ho \u00fa\u0159adu Olomouck\u00e9ho kraje nebo e-mailem (zbynek.vocka@kr-olomoucky. cz).<\/p>\n<p>Pr\u00e1vo<\/p>\n","protected":false},"excerpt":{"rendered":"<div class=\"mh-excerpt\"><p>U\u017e podvan\u00e1ct\u00e9 bude v Olomouck\u00e9m kraji ud\u011blena Cena hejtmana za pr\u00e1ci ve prosp\u011bch osob se zdravotn\u00edm posti\u017een\u00edm.<\/p>\n<\/div>","protected":false},"author":1,"featured_media":0,"comment_status":"open","ping_status":"closed","sticky":false,"template":"","format":"standard","meta":{"footnotes":""},"categories":[9],"tags":[],"class_list":["post-26991","post","type-post","status-publish","format-standard","hentry","category-zpravy"],"_links":{"self":[{"href":"https:\/\/www.invarena.cz\/index.php?rest_route=\/wp\/v2\/posts\/26991","targetHints":{"allow":["GET"]}}],"collection":[{"href":"https:\/\/www.invarena.cz\/index.php?rest_route=\/wp\/v2\/posts"}],"about":[{"href":"https:\/\/www.invarena.cz\/index.php?rest_route=\/wp\/v2\/types\/post"}],"author":[{"embeddable":true,"href":"https:\/\/www.invarena.cz\/index.php?rest_route=\/wp\/v2\/users\/1"}],"replies":[{"embeddable":true,"href":"https:\/\/www.invarena.cz\/index.php?rest_route=%2Fwp%2Fv2%2Fcomments&post=26991"}],"version-history":[{"count":0,"href":"https:\/\/www.invarena.cz\/index.php?rest_route=\/wp\/v2\/posts\/26991\/revisions"}],"wp:attachment":[{"href":"https:\/\/www.invarena.cz\/index.php?rest_route=%2Fwp%2Fv2%2Fmedia&parent=26991"}],"wp:term":[{"taxonomy":"category","embeddable":true,"href":"https:\/\/www.invarena.cz\/index.php?rest_route=%2Fwp%2Fv2%2Fcategories&post=26991"},{"taxonomy":"post_tag","embeddable":true,"href":"https:\/\/www.invarena.cz\/index.php?rest_route=%2Fwp%2Fv2%2Ftags&post=26991"}],"curies":[{"name":"wp","href":"https:\/\/api.w.org\/{rel}","templated":true}]}}