{"id":26998,"date":"2017-01-14T19:02:01","date_gmt":"2017-01-14T18:02:01","guid":{"rendered":"http:\/\/www.invarena.cz\/?p=26998"},"modified":"2017-01-14T19:02:01","modified_gmt":"2017-01-14T18:02:01","slug":"premena-stacionare-zavisi-na-penezich","status":"publish","type":"post","link":"https:\/\/www.invarena.cz\/?p=26998","title":{"rendered":"P\u0159em\u011bna stacion\u00e1\u0159e z\u00e1vis\u00ed na pen\u011bz\u00edch"},"content":{"rendered":"<p>Farn\u00ed charita v Karlov\u00fdch Varech pl\u00e1nuje spole\u010dn\u011b s m\u011bstem vybudov\u00e1n\u00ed Domova se zvl\u00e1\u0161tn\u00edm re\u017eimem.<!--more--><\/p>\n<p>O kone\u010dn\u00e9 podob\u011b projektu se m\u00e1 rozhodnout v leto\u0161n\u00edm roce v z\u00e1vislosti na podob\u011b dota\u010dn\u00edch program\u016f, kter\u00e9 se chyst\u00e1 vypsat ministerstvo pr\u00e1ce a soci\u00e1ln\u00edch v\u011bc\u00ed (MPSV). Na investici v \u0159\u00e1du n\u011bkolika des\u00edtek mili\u00f3n\u016f korun toti\u017e m\u011bsto ve vlastn\u00ed pokladn\u011b nem\u00e1 dostatek financ\u00ed.<br \/>\n&#8222;Cht\u011bli bychom t\u00fddenn\u00ed stacion\u00e1\u0159 pro lidi s Alzheimerovou chorobou p\u0159em\u011bnit na Domov se zvl\u00e1\u0161tn\u00edm re\u017eimem, kter\u00fd by byl pro tyto lidi v\u00edce vyhovuj\u00edc\u00ed. Jde toti\u017e o za\u0159\u00edzen\u00ed, kde mohou b\u00fdt trvale,&#8220; uvedl \u0159editel Farn\u00ed charity v Karlov\u00fdch Varech Ale\u0161 Kl\u016fc.<br \/>\nV sou\u010dasn\u00e9 dob\u011b to funguje tak, \u017ee rodina si mus\u00ed v p\u00e1tek nejpozd\u011bji do 19 hodin klienta s Alzheimerovou chorobou z denn\u00edho stacion\u00e1\u0159e Farn\u00ed charity odv\u00e9zt dom\u016f a v ned\u011bli nejd\u0159\u00edve v 19 hodin ho m\u016f\u017ee zase p\u0159iv\u00e9zt zp\u011bt. &#8222;Pro lidi s pokro\u010dilej\u0161\u00edm stupn\u011bm Alzheimerovy choroby je ale docela obt\u00ed\u017en\u00e9 m\u011bnit prost\u0159ed\u00ed. Domov se zvl\u00e1\u0161tn\u00edm re\u017eimem m\u00e1 tu v\u00fdhodu, \u017ee kdy\u017e si rodina chce vz\u00edt klienta dom\u016f na v\u00edkend, tak je to pochopiteln\u011b mo\u017en\u00e9, ale pokud by zm\u011bny ned\u011blaly klientovi dob\u0159e, tak tady m\u016f\u017ee b\u00fdt nep\u0159etr\u017eit\u011b,&#8220; vysv\u011btloval Kl\u016fc.<br \/>\n&#8222;Druh\u00e1 v\u011bc je, \u017ee bychom cht\u011bli nav\u00fd\u0161it kapacitu. V sou\u010dasn\u00e9 dob\u011b m\u00e1me deset l\u016f\u017eek a m\u011bli jsme z\u00e1m\u011br dostat se na dvacet l\u016f\u017eek. To v\u0161e ale z\u00e1vis\u00ed na financ\u00edch, kter\u00e9 se bohu\u017eel neda\u0159\u00ed zajistit,&#8220; konstatoval \u0159editel karlovarsk\u00e9 Farn\u00ed charity s t\u00edm, \u017ee na projektu spolupracuje s m\u011bstem Karlovy Vary.<br \/>\n&#8222;U\u017e jsme \u0159e\u0161ili spole\u010dn\u011b dva projekty, ale v\u017edy to skon\u010dilo na pen\u011bz\u00edch,&#8220; podotkl Kl\u016fc. &#8222;Prvn\u00ed z nich \u0159e\u0161il p\u0159estavbu dosavadn\u00edho objektu ve Star\u00e9 Roli, ale vych\u00e1zelo to na vysokou sumu, na co\u017e m\u011bsto nesly\u0161elo. Druhou variantou je p\u0159estavba b\u00fdval\u00e9 mate\u0159sk\u00e9 \u0161kolky ve Dvo\u0159\u00e1kov\u011b ulici,&#8220; konstatoval \u0159editel s t\u00edm, \u017ee objekt stoj\u00ed nedaleko od st\u00e1vaj\u00edc\u00edho s\u00eddla Farn\u00ed charity. &#8222;M\u011bsto nechalo zpracovat projekt, ale dosud se nepoda\u0159ilo naj\u00edt vhodn\u00fd dota\u010dn\u00ed titul,&#8220; dodal Kl\u016fc.<br \/>\nZat\u00edmco n\u00e1klady na prvn\u00ed projekt jsou odhadov\u00e1ny na 10 a\u017e 12 mili\u00f3n\u016f korun, p\u0159estavba mate\u0159sk\u00e9 \u0161kolky by vy\u0161la na zhruba \u010dty\u0159i des\u00edtky mili\u00f3n\u016f korun. Z investi\u010dn\u00edch zdroj\u016f m\u011bsta nelze podle karlovarsk\u00e9ho prim\u00e1tora Petra Kulh\u00e1nka (KOA) tak rozs\u00e1hl\u00fd a finan\u010dn\u011b n\u00e1ro\u010dn\u00fd projekt financovat v pln\u00e9 v\u00fd\u0161i.<br \/>\n&#8222;Budeme nyn\u00ed s Farn\u00ed charitou hovo\u0159it o zm\u011bn\u011b projektu, ale zat\u00edm nen\u00ed z\u0159ejm\u00e9, jak rozs\u00e1hl\u00e9 by ty zm\u011bny m\u011bly b\u00fdt,&#8220; uvedl Kulh\u00e1nek, podle kter\u00e9ho jsou ve h\u0159e ob\u011b varianty \u0159e\u0161en\u00ed. &#8222;\u0160kolka se nab\u00edz\u00ed, ale opravdu to z\u00e1le\u017e\u00ed na tom, aby nemuselo m\u011bsto platit celou investici ze sv\u00e9ho. I kdy\u017e ta investice nespadne do Integrovan\u00e9ho programu rozvoje \u00fazem\u00ed, tak jsou mo\u017enosti pod\u00e1v\u00e1n\u00ed \u017e\u00e1dost\u00ed o dotace na individu\u00e1ln\u00ed projekty takov\u00fdch aktivit,&#8220; pokra\u010doval prim\u00e1tor, podle kter\u00e9ho se o podob\u011b projektu na vznik Domova se zvl\u00e1\u0161tn\u00edm re\u017eimem a financov\u00e1n\u00ed realizace projektu rozhodne v leto\u0161n\u00edm roce. Podle Kulh\u00e1nka bude p\u0159edev\u0161\u00edm z\u00e1le\u017eet na podob\u011b podm\u00ednek \u010derp\u00e1n\u00ed dota\u010dn\u00edch program\u016f, kter\u00e9 se chyst\u00e1 MPSV v pr\u016fb\u011bhu roku vyhl\u00e1sit.<\/p>\n<p>Rudolf Voleman<br \/>\nPr\u00e1vo<\/p>\n","protected":false},"excerpt":{"rendered":"<div class=\"mh-excerpt\"><p>Farn\u00ed charita v Karlov\u00fdch Varech pl\u00e1nuje spole\u010dn\u011b s m\u011bstem vybudov\u00e1n\u00ed Domova se zvl\u00e1\u0161tn\u00edm re\u017eimem.<\/p>\n<\/div>","protected":false},"author":1,"featured_media":0,"comment_status":"open","ping_status":"closed","sticky":false,"template":"","format":"standard","meta":{"footnotes":""},"categories":[9],"tags":[],"class_list":["post-26998","post","type-post","status-publish","format-standard","hentry","category-zpravy"],"_links":{"self":[{"href":"https:\/\/www.invarena.cz\/index.php?rest_route=\/wp\/v2\/posts\/26998","targetHints":{"allow":["GET"]}}],"collection":[{"href":"https:\/\/www.invarena.cz\/index.php?rest_route=\/wp\/v2\/posts"}],"about":[{"href":"https:\/\/www.invarena.cz\/index.php?rest_route=\/wp\/v2\/types\/post"}],"author":[{"embeddable":true,"href":"https:\/\/www.invarena.cz\/index.php?rest_route=\/wp\/v2\/users\/1"}],"replies":[{"embeddable":true,"href":"https:\/\/www.invarena.cz\/index.php?rest_route=%2Fwp%2Fv2%2Fcomments&post=26998"}],"version-history":[{"count":0,"href":"https:\/\/www.invarena.cz\/index.php?rest_route=\/wp\/v2\/posts\/26998\/revisions"}],"wp:attachment":[{"href":"https:\/\/www.invarena.cz\/index.php?rest_route=%2Fwp%2Fv2%2Fmedia&parent=26998"}],"wp:term":[{"taxonomy":"category","embeddable":true,"href":"https:\/\/www.invarena.cz\/index.php?rest_route=%2Fwp%2Fv2%2Fcategories&post=26998"},{"taxonomy":"post_tag","embeddable":true,"href":"https:\/\/www.invarena.cz\/index.php?rest_route=%2Fwp%2Fv2%2Ftags&post=26998"}],"curies":[{"name":"wp","href":"https:\/\/api.w.org\/{rel}","templated":true}]}}