{"id":27020,"date":"2017-01-12T14:33:05","date_gmt":"2017-01-12T13:33:05","guid":{"rendered":"http:\/\/www.invarena.cz\/?p=27020"},"modified":"2017-01-12T14:33:05","modified_gmt":"2017-01-12T13:33:05","slug":"uci-tancit-na-voziku-v-unoru-bude-ples","status":"publish","type":"post","link":"https:\/\/www.invarena.cz\/?p=27020","title":{"rendered":"U\u010d\u00ed tan\u010dit na voz\u00edku, v \u00fanoru bude ples"},"content":{"rendered":"<p><strong>Osmn\u00e1ct let u\u017e je Jarka Pansk\u00e1 ze \u017datce na voz\u00edku. Nohy ji definitivn\u011b p\u0159estaly poslouchat kv\u016fli degenerativn\u00edho m\u00ed\u0161n\u00edmu onemocn\u011bn\u00ed ve t\u0159iat\u0159iceti letech. To j\u00ed ale nijak nebr\u00e1n\u00ed tan\u010dit, a dokonce i u\u010dit oto\u010dky jin\u00e9 voz\u00ed\u010dk\u00e1\u0159e.<\/strong><!--more--><\/p>\n<p>\u017dATEC &#8222;S nemoc\u00ed a sv\u00fdm stavem jsem se srovn\u00e1vala t\u011b\u017ece, m\u011bla jsem deprese a dva roky jsem byla v dom\u00e1c\u00edm v\u011bzen\u00ed. Tanec m\u011b nau\u010dil op\u011bt se radovat ze \u017eivota,&#8220; \u0159\u00edk\u00e1 lektorka a zakladatelka spolku Roztan\u010den\u00e1 kole\u010dka, jeho\u017e c\u00edlem je v\u00fduka tance se zdrav\u00fdm partnerem pro voz\u00ed\u010dk\u00e1\u0159e s alespo\u0148 jednou zdravou rukou.<\/p>\n<p>Roztan\u010den\u00e1 kole\u010dka funguj\u00ed ji\u017e osm let a za tu dobu tane\u010dn\u00ed kurz absolvovalo 78 voz\u00ed\u010dk\u00e1\u0159\u016f. &#8222;U\u010d\u00edme tan\u010dit lidi po \u00farazu p\u00e1te\u0159e i po onemocn\u011bn\u00ed, nap\u0159\u00edklad po d\u011btsk\u00e9 obrn\u011b, stejn\u011b tak ale i seniory na voz\u00edku. Nejmlad\u0161\u00ed na\u0161\u00ed tane\u010dnic\u00ed byla t\u0159\u00edlet\u00e1 hol\u010di\u010dka, nejstar\u0161\u00ed 89let\u00e1 seniorka,&#8220; vyjmenov\u00e1v\u00e1 Pansk\u00e1.<\/p>\n<p>Krom\u011b mo\u017enosti setkat se s lidmi se stejn\u00fdmi probl\u00e9my, kdy si mohou popov\u00eddat, je tanec i formou fyzick\u00e9 terapie. &#8222;P\u0159i tanci nap\u00ednaj\u00ed v\u0161echny funguj\u00edc\u00ed svaly a protahuj\u00ed \u0161lachy. Nap\u0159\u00edklad Petr, kter\u00fd si zlomil kr\u010dn\u00ed p\u00e1te\u0159 p\u0159i skoku do baz\u00e9nu, nebyl v dob\u011b, kdy s n\u00e1mi za\u010d\u00ednal, schopen se ani s\u00e1m naj\u00edst a na voz\u00edku ujel sotva p\u00e1r metr\u016f. Po letech tancov\u00e1n\u00ed se jeho stav zlep\u0161il, je mnohem samostatn\u011bj\u0161\u00ed,&#8220; l\u00ed\u010d\u00ed Pansk\u00e1.<\/p>\n<p>Tane\u010dn\u00ed kurzy se konaj\u00ed jednou a\u017e dvakr\u00e1t do m\u011bs\u00edce. D\u00edky finan\u010dn\u00ed podpo\u0159e m\u011bsta a sponzor\u016f jsou pro voz\u00ed\u010dk\u00e1\u0159e zdarma. A co se na kurzech nau\u010dili, \u00fa\u010dastn\u00edci zanedlouho z\u00faro\u010d\u00ed \u2013 v sobotu 25. \u00fanora na voz\u00ed\u010dk\u00e1\u0159sk\u00e9m plese, kter\u00fd se uskute\u010dn\u00ed v \u017eateck\u00e9m Lidov\u00e9m dom\u011b. &#8222;Z\u00fa\u010dastnit by se ho m\u011blo p\u0159ibli\u017en\u011b 16 voz\u00ed\u010dk\u00e1\u0159\u016f. Bohu\u017eel v\u00edc se n\u00e1s na parket nevejde, voz\u00ed\u010dk\u00e1\u0159 mus\u00ed m\u00edt k tanci v\u00edc prostoru ne\u017e zdrav\u00fd tane\u010dn\u00ed p\u00e1r. Po plese op\u011bt za\u010dneme s tane\u010dn\u00edmi kurzy,&#8220; upozornila Pansk\u00e1.<\/p>\n<p>Prost\u0159ednictv\u00edm tance tak bo\u0159\u00ed dal\u0161\u00ed z bari\u00e9r, s nimi\u017e se voz\u00ed\u010dk\u00e1\u0159i ka\u017ed\u00fd den pot\u00fdkaj\u00ed. D\u00edky kurz\u016fm i plesu mohou vyrazit do spole\u010dnosti.<\/p>\n<p>&#8222;Tanec na voz\u00edku nem\u00e1 bari\u00e9ry, jen ty, co si postav\u00edte sami. S tane\u010dn\u00edm partnerem jsme tan\u010dili i tango a te\u010f bychom r\u00e1di natr\u00e9novali vystoupen\u00ed tak\u00e9 na v\u00e1\u017enou hudbu, nap\u0159\u00edklad val\u010d\u00edk,&#8220; podotkla lektorka s t\u00edm, \u017ee k tanci nen\u00ed pot\u0159eba ani speci\u00e1ln\u00ed voz\u00edk. Oto\u010dky, osmi\u010dky nebo p\u0159\u00edtahy se lze nau\u010dit i na b\u011b\u017en\u00e9m typu voz\u00edku.<\/p>\n<p>V\u00fduka tance nen\u00ed jedinou \u010dinnost\u00ed, kter\u00e9 se voz\u00ed\u010dk\u00e1\u0159ka v\u011bnuje. Rad\u00ed tak\u00e9 m\u011bstu, jak zlep\u0161it ve m\u011bst\u011b podm\u00ednky pro snadn\u011bj\u0161\u00ed pohyb handicapovan\u00fdch a se svou fenkou n\u011bmeck\u00e9ho ov\u010d\u00e1ka Dinou d\u011bl\u00e1 i canisterapii, co\u017e je l\u00e9\u010dba se psem.<\/p>\n<p>&#8222;Po\u0159\u00e1dala jsem tane\u010dn\u00ed kurz p\u0159\u00edmo v domov\u011b pro seniory. A jeliko\u017e je moje fenka Dina velmi p\u0159\u00e1telsk\u00e1 a mazliv\u00e1, brala jsem ji s sebou. Senio\u0159i z n\u00ed byli nad\u0161en\u00ed. Mnoz\u00ed m\u011bli d\u0159\u00edve tak\u00e9 dom\u00e1c\u00ed mazl\u00ed\u010dky, kte\u0159\u00ed jim v domov\u011b samoz\u0159ejm\u011b chyb\u00ed. Dina je velmi vn\u00edmav\u00e1 a vyc\u00edt\u00ed n\u00e1ladu \u010dlov\u011bka a podle toho se zachov\u00e1. N\u011bkdy si k n\u011bmu jen lehne, jindy do n\u011bj drcne \u010dum\u00e1kem, a \u0159ekne si tak o hlazen\u00ed,&#8220; popsala lektorka.<\/p>\n<p>Miroslava Strnadov\u00e1<br \/>\nMlad\u00e1 fronta DNES<\/p>\n","protected":false},"excerpt":{"rendered":"<div class=\"mh-excerpt\"><p>Osmn\u00e1ct let u\u017e je Jarka Pansk\u00e1 ze \u017datce na voz\u00edku. Nohy ji definitivn\u011b p\u0159estaly poslouchat kv\u016fli degenerativn\u00edho m\u00ed\u0161n\u00edmu onemocn\u011bn\u00ed ve t\u0159iat\u0159iceti letech. To j\u00ed ale <a class=\"mh-excerpt-more\" href=\"https:\/\/www.invarena.cz\/?p=27020\" title=\"U\u010d\u00ed tan\u010dit na voz\u00edku, v \u00fanoru bude ples\">[&#8230;]<\/a><\/p>\n<\/div>","protected":false},"author":1,"featured_media":3085,"comment_status":"open","ping_status":"closed","sticky":false,"template":"","format":"standard","meta":{"footnotes":""},"categories":[9],"tags":[],"class_list":["post-27020","post","type-post","status-publish","format-standard","has-post-thumbnail","hentry","category-zpravy"],"_links":{"self":[{"href":"https:\/\/www.invarena.cz\/index.php?rest_route=\/wp\/v2\/posts\/27020","targetHints":{"allow":["GET"]}}],"collection":[{"href":"https:\/\/www.invarena.cz\/index.php?rest_route=\/wp\/v2\/posts"}],"about":[{"href":"https:\/\/www.invarena.cz\/index.php?rest_route=\/wp\/v2\/types\/post"}],"author":[{"embeddable":true,"href":"https:\/\/www.invarena.cz\/index.php?rest_route=\/wp\/v2\/users\/1"}],"replies":[{"embeddable":true,"href":"https:\/\/www.invarena.cz\/index.php?rest_route=%2Fwp%2Fv2%2Fcomments&post=27020"}],"version-history":[{"count":0,"href":"https:\/\/www.invarena.cz\/index.php?rest_route=\/wp\/v2\/posts\/27020\/revisions"}],"wp:featuredmedia":[{"embeddable":true,"href":"https:\/\/www.invarena.cz\/index.php?rest_route=\/wp\/v2\/media\/3085"}],"wp:attachment":[{"href":"https:\/\/www.invarena.cz\/index.php?rest_route=%2Fwp%2Fv2%2Fmedia&parent=27020"}],"wp:term":[{"taxonomy":"category","embeddable":true,"href":"https:\/\/www.invarena.cz\/index.php?rest_route=%2Fwp%2Fv2%2Fcategories&post=27020"},{"taxonomy":"post_tag","embeddable":true,"href":"https:\/\/www.invarena.cz\/index.php?rest_route=%2Fwp%2Fv2%2Ftags&post=27020"}],"curies":[{"name":"wp","href":"https:\/\/api.w.org\/{rel}","templated":true}]}}