{"id":27024,"date":"2017-01-12T14:41:49","date_gmt":"2017-01-12T13:41:49","guid":{"rendered":"http:\/\/www.invarena.cz\/?p=27024"},"modified":"2017-01-12T14:41:49","modified_gmt":"2017-01-12T13:41:49","slug":"muj-zivot-se-schizoafektivni-poruchou-problemy-jsem-mela-uz-v-detstvi","status":"publish","type":"post","link":"https:\/\/www.invarena.cz\/?p=27024","title":{"rendered":"M\u016fj \u017eivot se schizoafektivn\u00ed poruchou. Probl\u00e9my jsem m\u011bla u\u017e v d\u011btstv\u00ed"},"content":{"rendered":"<p><strong>Moje psychick\u00e9 pot\u00ed\u017ee se za\u010daly projevovat u\u017e v d\u011btstv\u00ed, ale nejv\u011bt\u0161\u00ed zlom p\u0159i\u0161el, kdy\u017e jsem v 18 letech ode\u0161la z domu. V t\u00e9 dob\u011b se u m\u011b za\u010daly projevovat halucinace. \u010cten\u00e1\u0159ka Michaela napsala dal\u0161\u00ed d\u00edl na\u0161eho seri\u00e1lu M\u016fj boj s nemoc\u00ed.<\/strong><!--more--><\/p>\n<p>Cel\u00fd \u010dl\u00e1nek <a href=\"http:\/\/ona.idnes.cz\/muj-boj-s-nemoci-schizoafektivni-porucha-fpg-\/zdravi.aspx?c=A170110_134934_zdravi_pet\">ZDE<\/a><\/p>\n","protected":false},"excerpt":{"rendered":"<div class=\"mh-excerpt\"><p>Moje psychick\u00e9 pot\u00ed\u017ee se za\u010daly projevovat u\u017e v d\u011btstv\u00ed, ale nejv\u011bt\u0161\u00ed zlom p\u0159i\u0161el, kdy\u017e jsem v 18 letech ode\u0161la z domu. V t\u00e9 dob\u011b se <a class=\"mh-excerpt-more\" href=\"https:\/\/www.invarena.cz\/?p=27024\" title=\"M\u016fj \u017eivot se schizoafektivn\u00ed poruchou. Probl\u00e9my jsem m\u011bla u\u017e v d\u011btstv\u00ed\">[&#8230;]<\/a><\/p>\n<\/div>","protected":false},"author":1,"featured_media":18185,"comment_status":"open","ping_status":"closed","sticky":false,"template":"","format":"standard","meta":{"footnotes":""},"categories":[9],"tags":[],"class_list":["post-27024","post","type-post","status-publish","format-standard","has-post-thumbnail","hentry","category-zpravy"],"_links":{"self":[{"href":"https:\/\/www.invarena.cz\/index.php?rest_route=\/wp\/v2\/posts\/27024","targetHints":{"allow":["GET"]}}],"collection":[{"href":"https:\/\/www.invarena.cz\/index.php?rest_route=\/wp\/v2\/posts"}],"about":[{"href":"https:\/\/www.invarena.cz\/index.php?rest_route=\/wp\/v2\/types\/post"}],"author":[{"embeddable":true,"href":"https:\/\/www.invarena.cz\/index.php?rest_route=\/wp\/v2\/users\/1"}],"replies":[{"embeddable":true,"href":"https:\/\/www.invarena.cz\/index.php?rest_route=%2Fwp%2Fv2%2Fcomments&post=27024"}],"version-history":[{"count":0,"href":"https:\/\/www.invarena.cz\/index.php?rest_route=\/wp\/v2\/posts\/27024\/revisions"}],"wp:featuredmedia":[{"embeddable":true,"href":"https:\/\/www.invarena.cz\/index.php?rest_route=\/wp\/v2\/media\/18185"}],"wp:attachment":[{"href":"https:\/\/www.invarena.cz\/index.php?rest_route=%2Fwp%2Fv2%2Fmedia&parent=27024"}],"wp:term":[{"taxonomy":"category","embeddable":true,"href":"https:\/\/www.invarena.cz\/index.php?rest_route=%2Fwp%2Fv2%2Fcategories&post=27024"},{"taxonomy":"post_tag","embeddable":true,"href":"https:\/\/www.invarena.cz\/index.php?rest_route=%2Fwp%2Fv2%2Ftags&post=27024"}],"curies":[{"name":"wp","href":"https:\/\/api.w.org\/{rel}","templated":true}]}}