{"id":27026,"date":"2017-01-13T14:50:24","date_gmt":"2017-01-13T13:50:24","guid":{"rendered":"http:\/\/www.invarena.cz\/?p=27026"},"modified":"2017-01-13T14:57:42","modified_gmt":"2017-01-13T13:57:42","slug":"dcera-ma-stredne-tezkou-mentalni-retardaci-mame-narok-na-prispevek-na-auto","status":"publish","type":"post","link":"https:\/\/www.invarena.cz\/?p=27026","title":{"rendered":"Dcera m\u00e1 st\u0159edn\u011b t\u011b\u017ekou ment\u00e1ln\u00ed retardaci. M\u00e1me n\u00e1rok na p\u0159\u00edsp\u011bvek na auto?"},"content":{"rendered":"<p><strong>Dotaz:<\/strong><br \/>\n<strong> Cht\u011bla bych se zeptat. Dcera m\u00e1 st\u0159edn\u011b t\u011b\u017ekou ment\u00e1ln\u00ed retardaci. Pob\u00edr\u00e1 d\u016fchod t\u0159et\u00edho stupn\u011b. J\u00e1 na ni beru p\u00e9\u010di 2. stupn\u011b. M\u00e1me n\u00e1rok na p\u0159\u00edsp\u011bvek na automobil?<\/strong><br \/>\n<!--more--><br \/>\n<strong> Odpov\u011b\u010f:<\/strong><br \/>\nNejprve je d\u016fle\u017eit\u00e9 si uv\u00e9st, kdo m\u00e1 v sou\u010dasn\u00e9 dob\u011b n\u00e1rok na p\u0159\u00edsp\u011bvek na auto:<br \/>\n\u201eN\u00e1rok na p\u0159\u00edsp\u011bvek na zvl\u00e1\u0161tn\u00ed pom\u016fcku poskytovan\u00fd na po\u0159\u00edzen\u00ed motorov\u00e9ho vozidla m\u00e1 osoba, kter\u00e1 m\u00e1 t\u011b\u017ekou vadu nosn\u00e9ho nebo pohybov\u00e9ho \u00fastroj\u00ed anebo t\u011b\u017ekou nebo hlubokou ment\u00e1ln\u00ed retardaci charakteru dlouhodob\u011b nep\u0159\u00edzniv\u00e9ho zdravotn\u00edho stavu, a jej\u00ed zdravotn\u00ed stav nevylu\u010duje p\u0159izn\u00e1n\u00ed tohoto p\u0159\u00edsp\u011bvku.\u201c<br \/>\nZ v\u00fd\u0161e uveden\u00e9ho vypl\u00fdv\u00e1, \u017ee Va\u0161e dcera nejsp\u00ed\u0161e n\u00e1rok na p\u0159\u00edsp\u011bvek na po\u0159\u00edzen\u00ed motorov\u00e9ho vozidla nem\u00e1. Rozhodn\u011b se ale d\u00e1 doporu\u010dit, abyste si o p\u0159\u00edsp\u011bvek za\u017e\u00e1dali. Pokud by toti\u017e zdravotn\u00ed stav Va\u0161\u00ed dcery byl na hranici mezi st\u0159edn\u011b t\u011b\u017ekou a t\u011b\u017ekou ment\u00e1ln\u00ed retardac\u00ed, mohl by V\u00e1m b\u00fdt p\u0159\u00edsp\u011bvek p\u0159izn\u00e1n.<\/p>\n<p>Ji\u0159\u00ed Marek<br \/>\ninvArena<\/p>\n","protected":false},"excerpt":{"rendered":"<div class=\"mh-excerpt\"><p>Dotaz: Cht\u011bla bych se zeptat. Dcera m\u00e1 st\u0159edn\u011b t\u011b\u017ekou ment\u00e1ln\u00ed retardaci. Pob\u00edr\u00e1 d\u016fchod t\u0159et\u00edho stupn\u011b. J\u00e1 na ni beru p\u00e9\u010di 2. stupn\u011b. M\u00e1me n\u00e1rok na <a class=\"mh-excerpt-more\" href=\"https:\/\/www.invarena.cz\/?p=27026\" title=\"Dcera m\u00e1 st\u0159edn\u011b t\u011b\u017ekou ment\u00e1ln\u00ed retardaci. M\u00e1me n\u00e1rok na p\u0159\u00edsp\u011bvek na auto?\">[&#8230;]<\/a><\/p>\n<\/div>","protected":false},"author":3,"featured_media":19374,"comment_status":"open","ping_status":"closed","sticky":false,"template":"","format":"standard","meta":{"footnotes":""},"categories":[18,9],"tags":[],"class_list":["post-27026","post","type-post","status-publish","format-standard","has-post-thumbnail","hentry","category-poradna","category-zpravy"],"_links":{"self":[{"href":"https:\/\/www.invarena.cz\/index.php?rest_route=\/wp\/v2\/posts\/27026","targetHints":{"allow":["GET"]}}],"collection":[{"href":"https:\/\/www.invarena.cz\/index.php?rest_route=\/wp\/v2\/posts"}],"about":[{"href":"https:\/\/www.invarena.cz\/index.php?rest_route=\/wp\/v2\/types\/post"}],"author":[{"embeddable":true,"href":"https:\/\/www.invarena.cz\/index.php?rest_route=\/wp\/v2\/users\/3"}],"replies":[{"embeddable":true,"href":"https:\/\/www.invarena.cz\/index.php?rest_route=%2Fwp%2Fv2%2Fcomments&post=27026"}],"version-history":[{"count":0,"href":"https:\/\/www.invarena.cz\/index.php?rest_route=\/wp\/v2\/posts\/27026\/revisions"}],"wp:featuredmedia":[{"embeddable":true,"href":"https:\/\/www.invarena.cz\/index.php?rest_route=\/wp\/v2\/media\/19374"}],"wp:attachment":[{"href":"https:\/\/www.invarena.cz\/index.php?rest_route=%2Fwp%2Fv2%2Fmedia&parent=27026"}],"wp:term":[{"taxonomy":"category","embeddable":true,"href":"https:\/\/www.invarena.cz\/index.php?rest_route=%2Fwp%2Fv2%2Fcategories&post=27026"},{"taxonomy":"post_tag","embeddable":true,"href":"https:\/\/www.invarena.cz\/index.php?rest_route=%2Fwp%2Fv2%2Ftags&post=27026"}],"curies":[{"name":"wp","href":"https:\/\/api.w.org\/{rel}","templated":true}]}}