{"id":27028,"date":"2017-01-13T11:55:04","date_gmt":"2017-01-13T10:55:04","guid":{"rendered":"http:\/\/www.invarena.cz\/?p=27028"},"modified":"2017-01-13T11:55:04","modified_gmt":"2017-01-13T10:55:04","slug":"vytezek-z-koncertu-pomuze-usporadat-letni-tabor","status":"publish","type":"post","link":"https:\/\/www.invarena.cz\/?p=27028","title":{"rendered":"V\u00fdt\u011b\u017eek z koncertu pom\u016f\u017ee uspo\u0159\u00e1dat letn\u00ed t\u00e1bor"},"content":{"rendered":"<p><strong>Spolek pro pomoc ment\u00e1ln\u011b posti\u017een\u00fdm lidem a d\u011btem v Jihlav\u011b (SPMP) uspo\u0159\u00e1d\u00e1 u\u017e z\u00edtra, v sobotu 14. ledna, od 18 hodin p\u00e1t\u00fd charitativn\u00ed koncert. Ten se bude konat v kostele Pov\u00fd\u0161en\u00ed svat\u00e9ho K\u0159\u00ed\u017ee v Jihlav\u011b.<\/strong> <!--more--><\/p>\n<p>Jihlava \u2013 V\u00fdt\u011b\u017eek z koncertu poputuje na fungov\u00e1n\u00ed SPMP. Vystoup\u00ed na n\u011bm \u017e\u00e1ci Z\u00e1kladn\u00ed um\u011bleck\u00e9 \u0161koly Jihlava, Schola Nov\u00e1 \u0158\u00ed\u0161e, konzervatorist\u00e9 a s\u00f3list\u00e9.<\/p>\n<p>&#8222;V\u00fdt\u011b\u017eek jde hlavn\u011b na pokryt\u00ed n\u00e1klad\u016f letn\u00edho t\u00e1bora, kter\u00fd pravideln\u011b po\u0159\u00e1d\u00e1me v srpnu a je hlavn\u00ed akc\u00ed Spolku. \u010c\u00e1st se pou\u017eije na pokryt\u00ed n\u00e1klad\u016f na koncert a i na ostatn\u00ed akce spolku,&#8220; uvedl Pavel Poledna, jeden z organiz\u00e1tor\u016f akce a \u010dlen SPMP.<\/p>\n<p>&#8222;Prvn\u00ed koncert se uskute\u010dnil asi p\u0159ed dvaceti lety v kostele Matky Bo\u017e\u00ed a smysl byl stejn\u00fd. V\u00fdt\u011b\u017eek \u0161el na tehdy nov\u00e9 za\u010d\u00ednaj\u00edc\u00ed sdru\u017een\u00ed. Ta tradice se potom obnovila a pokra\u010duje i letos,&#8220; vysv\u011btlil Poledna.<\/p>\n<p>V minul\u00fdch letech m\u011bl podle n\u011bj spolek mnohem v\u00edce sponzor\u016f ne\u017e dnes, tud\u00ed\u017e m\u011bl v\u00edce financ\u00ed a po\u0159\u00e1dal nap\u0159\u00edklad i z\u00e1jezdy na koncerty, muzik\u00e1ly nebo v\u00fdlety do divadla. A proto\u017ee spolek o n\u011bkter\u00e9 sponzory p\u0159i\u0161el, rozhodl se p\u0159ed p\u011bti lety charitativn\u00ed koncerty obnovit. \u010c\u00e1st n\u00e1klad\u016f na t\u00e1bor toti\u017e \u010dlenov\u00e9 spolku hrad\u00ed ze sv\u00e9 kapsy.<\/p>\n<p>Na organizaci akc\u00ed SPMP se pod\u00edlej\u00ed z velk\u00e9 \u010d\u00e1sti studenti vysok\u00fdch \u0161kol, n\u011bkte\u0159\u00ed ji\u017e pracuj\u00ed, a pak tak\u00e9 jejich rodi\u010de.<\/p>\n<p>&#8222;Ka\u017ed\u00fd rok po\u0159\u00e1d\u00e1me pravideln\u011b v\u00e1no\u010dn\u00ed bes\u00eddku, pot\u00e9 v \u00fanoru po\u0159\u00e1d\u00e1me ples. Loni jsme tak\u00e9 d\u011blali benefi\u010dn\u00ed vystoupen\u00ed v Caf\u00e9 Etage v Jihlav\u011b, kde si mohli poslucha\u010di zakoupit v\u00fdrobky, kter\u00fdmi mohli podpo\u0159it na\u0161i \u010dinnost,&#8220; vyjmenoval n\u011bkter\u00e9 z akc\u00ed Pavel Poledna. Hlavn\u00ed ka\u017edoro\u010dn\u00ed akc\u00ed je t\u00e1bor, kter\u00fd trv\u00e1 t\u00fdden. P\u0159ipravuj\u00ed ho v\u0161ak minim\u00e1ln\u011b p\u016fl roku dop\u0159edu, kdy \u010dlenov\u00e9 spolku stanov\u00ed n\u011bjak\u00e9 t\u00e9ma a vymysl\u00ed cel\u00fd program.<\/p>\n<p>&#8222;Pom\u00e1h\u00e1me klient\u016fm, kte\u0159\u00ed jsou sou\u010d\u00e1st\u00ed spolku, a z\u00e1rove\u0148 i jejich opatrovn\u00edk\u016fm,&#8220; doplnil pro \u00faplnost Poledna.<\/p>\n<p>Jihlavsk\u00fd den\u00edk<br \/>\n<a href=\"http:\/\/www.jihlavsky.denik.cz\/\">http:\/\/www.jihlavsky.denik.cz\/<\/a><\/p>\n","protected":false},"excerpt":{"rendered":"<div class=\"mh-excerpt\"><p>Spolek pro pomoc ment\u00e1ln\u011b posti\u017een\u00fdm lidem a d\u011btem v Jihlav\u011b (SPMP) uspo\u0159\u00e1d\u00e1 u\u017e z\u00edtra, v sobotu 14. ledna, od 18 hodin p\u00e1t\u00fd charitativn\u00ed koncert. Ten <a class=\"mh-excerpt-more\" href=\"https:\/\/www.invarena.cz\/?p=27028\" title=\"V\u00fdt\u011b\u017eek z koncertu pom\u016f\u017ee uspo\u0159\u00e1dat letn\u00ed t\u00e1bor\">[&#8230;]<\/a><\/p>\n<\/div>","protected":false},"author":1,"featured_media":14487,"comment_status":"open","ping_status":"closed","sticky":false,"template":"","format":"standard","meta":{"footnotes":""},"categories":[9],"tags":[],"class_list":["post-27028","post","type-post","status-publish","format-standard","has-post-thumbnail","hentry","category-zpravy"],"_links":{"self":[{"href":"https:\/\/www.invarena.cz\/index.php?rest_route=\/wp\/v2\/posts\/27028","targetHints":{"allow":["GET"]}}],"collection":[{"href":"https:\/\/www.invarena.cz\/index.php?rest_route=\/wp\/v2\/posts"}],"about":[{"href":"https:\/\/www.invarena.cz\/index.php?rest_route=\/wp\/v2\/types\/post"}],"author":[{"embeddable":true,"href":"https:\/\/www.invarena.cz\/index.php?rest_route=\/wp\/v2\/users\/1"}],"replies":[{"embeddable":true,"href":"https:\/\/www.invarena.cz\/index.php?rest_route=%2Fwp%2Fv2%2Fcomments&post=27028"}],"version-history":[{"count":0,"href":"https:\/\/www.invarena.cz\/index.php?rest_route=\/wp\/v2\/posts\/27028\/revisions"}],"wp:featuredmedia":[{"embeddable":true,"href":"https:\/\/www.invarena.cz\/index.php?rest_route=\/wp\/v2\/media\/14487"}],"wp:attachment":[{"href":"https:\/\/www.invarena.cz\/index.php?rest_route=%2Fwp%2Fv2%2Fmedia&parent=27028"}],"wp:term":[{"taxonomy":"category","embeddable":true,"href":"https:\/\/www.invarena.cz\/index.php?rest_route=%2Fwp%2Fv2%2Fcategories&post=27028"},{"taxonomy":"post_tag","embeddable":true,"href":"https:\/\/www.invarena.cz\/index.php?rest_route=%2Fwp%2Fv2%2Ftags&post=27028"}],"curies":[{"name":"wp","href":"https:\/\/api.w.org\/{rel}","templated":true}]}}