{"id":27029,"date":"2017-01-13T11:58:19","date_gmt":"2017-01-13T10:58:19","guid":{"rendered":"http:\/\/www.invarena.cz\/?p=27029"},"modified":"2017-01-13T11:58:19","modified_gmt":"2017-01-13T10:58:19","slug":"mestsky-ples-cast-vytezku-pomuze","status":"publish","type":"post","link":"https:\/\/www.invarena.cz\/?p=27029","title":{"rendered":"M\u011bstsk\u00fd ples. \u010c\u00e1st v\u00fdt\u011b\u017eku pom\u016f\u017ee"},"content":{"rendered":"<p><strong>Od pond\u011bl\u00ed jsou v pokladn\u011b jabloneck\u00e9ho Eurocentra k dispozici vstupenky na 22. ples m\u011bsta Jablonec n. N.<\/strong> <!--more--><\/p>\n<p>Jablonec n. N. \u2013 Moderuje Roman Vojtek, hlavn\u00ed host ve\u010dera Kate\u0159ina Bro\u017eov\u00e1. Hraje Orchestr Ladislava Bare\u0161e a s\u00f3list\u00e9.<\/p>\n<p>\u010c\u00e1st v\u00fdt\u011b\u017eku z plesu m\u011bsta v tradi\u010dn\u00ed v\u00fd\u0161i 25 000 korun letos poputuje Sjednocen\u00e9 organizaci nevidom\u00fdch a slabozrak\u00fdch v Jablonci. \u0160ek bude slavnostn\u011b p\u0159ed\u00e1n z\u00e1stupci spolku na plese v sobotu 28. ledna. M\u011bsto t\u00edmto zp\u016fsobem podporuje organizace, kter\u00e9 se zab\u00fdvaj\u00ed soci\u00e1ln\u00ed oblast\u00ed.<\/p>\n<p>Jabloneck\u00fd den\u00edk<br \/>\n<a href=\"http:\/\/www.jablonecky.denik.cz\/\">http:\/\/www.jablonecky.denik.cz\/<\/a><\/p>\n","protected":false},"excerpt":{"rendered":"<div class=\"mh-excerpt\"><p>Od pond\u011bl\u00ed jsou v pokladn\u011b jabloneck\u00e9ho Eurocentra k dispozici vstupenky na 22. ples m\u011bsta Jablonec n. N.<\/p>\n<\/div>","protected":false},"author":1,"featured_media":20313,"comment_status":"open","ping_status":"closed","sticky":false,"template":"","format":"standard","meta":{"footnotes":""},"categories":[9],"tags":[],"class_list":["post-27029","post","type-post","status-publish","format-standard","has-post-thumbnail","hentry","category-zpravy"],"_links":{"self":[{"href":"https:\/\/www.invarena.cz\/index.php?rest_route=\/wp\/v2\/posts\/27029","targetHints":{"allow":["GET"]}}],"collection":[{"href":"https:\/\/www.invarena.cz\/index.php?rest_route=\/wp\/v2\/posts"}],"about":[{"href":"https:\/\/www.invarena.cz\/index.php?rest_route=\/wp\/v2\/types\/post"}],"author":[{"embeddable":true,"href":"https:\/\/www.invarena.cz\/index.php?rest_route=\/wp\/v2\/users\/1"}],"replies":[{"embeddable":true,"href":"https:\/\/www.invarena.cz\/index.php?rest_route=%2Fwp%2Fv2%2Fcomments&post=27029"}],"version-history":[{"count":0,"href":"https:\/\/www.invarena.cz\/index.php?rest_route=\/wp\/v2\/posts\/27029\/revisions"}],"wp:featuredmedia":[{"embeddable":true,"href":"https:\/\/www.invarena.cz\/index.php?rest_route=\/wp\/v2\/media\/20313"}],"wp:attachment":[{"href":"https:\/\/www.invarena.cz\/index.php?rest_route=%2Fwp%2Fv2%2Fmedia&parent=27029"}],"wp:term":[{"taxonomy":"category","embeddable":true,"href":"https:\/\/www.invarena.cz\/index.php?rest_route=%2Fwp%2Fv2%2Fcategories&post=27029"},{"taxonomy":"post_tag","embeddable":true,"href":"https:\/\/www.invarena.cz\/index.php?rest_route=%2Fwp%2Fv2%2Ftags&post=27029"}],"curies":[{"name":"wp","href":"https:\/\/api.w.org\/{rel}","templated":true}]}}