{"id":27030,"date":"2017-01-13T14:48:50","date_gmt":"2017-01-13T13:48:50","guid":{"rendered":"http:\/\/www.invarena.cz\/?p=27030"},"modified":"2017-01-13T14:48:50","modified_gmt":"2017-01-13T13:48:50","slug":"socialni-bydleni-by-mohlo-pomoci-az-118-tisicum-lidi","status":"publish","type":"post","link":"https:\/\/www.invarena.cz\/?p=27030","title":{"rendered":"Soci\u00e1ln\u00ed bydlen\u00ed by mohlo pomoci a\u017e 118 tis\u00edc\u016fm lid\u00ed"},"content":{"rendered":"<p>Z\u00e1stupci vl\u00e1dn\u00ed koalice se po ve\u0159ejn\u00fdch sporech v\u010dera dohodli na kompromisn\u00edm \u0159e\u0161en\u00ed z\u00e1kona o soci\u00e1ln\u00edm bydlen\u00ed. <!--more--><\/p>\n<p>Mohl by pomoci a\u017e 118 tis\u00edc\u016fm lid\u00ed. Zp\u0159\u00edsn\u011bn\u00ed podm\u00ednek je\u0161t\u011b zva\u017euje hnut\u00ed ANO, podle kter\u00e9ho by se pomoc t\u00fdkala asi 50 tis\u00edc lid\u00ed.<br \/>\nNavrhovan\u00fd st\u00e1tn\u00ed \u00fa\u0159ad pro zaji\u0161t\u011bn\u00ed soci\u00e1ln\u00edho bydlen\u00ed pod ministerstvem pr\u00e1ce nevznikne. Financov\u00e1n\u00ed by m\u011bl m\u00edt na starosti St\u00e1tn\u00ed fond rozvoje bydlen\u00ed, kter\u00fd spad\u00e1 pod ministerstvo pro m\u00edstn\u00ed rozvoj.<br \/>\nObce se do syst\u00e9mu zapoj\u00ed jen dobrovoln\u011b, z\u00edskaj\u00ed pak pen\u00edze od st\u00e1tu. Up\u0159esnit by se m\u011bl i okruh lid\u00ed, kte\u0159\u00ed by m\u011bli m\u00edt na pomoc n\u00e1rok.<br \/>\n&#8222;Je\u0161t\u011b po\u0159\u00e1d si mysl\u00edm, \u017ee se to d\u00e1 do voleb stihnout. Budeme ur\u010dit\u011b cht\u00edt zrychlen\u00e9 projedn\u00e1n\u00ed. Bude to posledn\u00ed v\u011bc, kter\u00e1 tam od n\u00e1s p\u016fjde,&#8220; \u0159ekla ministryn\u011b pr\u00e1ce Michaela Marksov\u00e1 (\u010cSSD).<br \/>\nPodle n\u00ed m\u00e1 z\u00e1kon \u0161anci na p\u0159ijet\u00ed. &#8222;Ve chv\u00edli, kdy d\u00e1v\u00e1m n\u00e1vrh z\u00e1kona, s n\u00edm\u017e je srozum\u011bn Svaz m\u011bst a obc\u00ed a Sdru\u017een\u00ed m\u00edstn\u00edch samospr\u00e1v, tak v\u00edm, \u017ee m\u00e1 \u0161anci p\u0159es cel\u00e9 politick\u00e9 spektrum. Pokud by s n\u00edm nesouhlasily, pos\u00edl\u00e1me takov\u00fd z\u00e1kon na smrt,&#8220; podotkla Marksov\u00e1. Podle n\u00ed se zp\u0159es\u0148ovala i c\u00edlov\u00e1 skupina. Podle n\u00e1vrhu z\u00e1kona by na pomoc m\u011bly n\u00e1rok osoby v bytov\u00e9 nouzi. Ty by za p\u0159im\u011b\u0159en\u00fd byt vyd\u00e1valy p\u0159es 40 procent p\u0159\u00edjmu a po uhrazen\u00ed n\u00e1klad\u016f by jim nez\u016fstal ani 1,6n\u00e1sobek \u017eivotn\u00edho minima. T\u00fdkalo by se to i t\u011bch, kdo p\u0159es p\u016fl roku \u017eij\u00ed po azylov\u00fdch domech, \u00fastavech, zdravotnick\u00fdch za\u0159\u00edzen\u00edch \u010di nocleh\u00e1rn\u00e1ch.<\/p>\n<p>&#8222;Mili\u00f3n lid\u00ed by zruinoval st\u00e1t&#8220;<\/p>\n<p>Podle ANO by m\u011bl b\u00fdt okruh men\u0161\u00ed, na byty by m\u011bli dos\u00e1hnout jen ti nejchud\u0161\u00ed. Ministryn\u011b pro m\u00edstn\u00ed rozvoj Karla \u0160lech tov\u00e1 (za ANO) dohodu v\u00edt\u00e1. ANO p\u016fvodn\u011b \u017e\u00e1dalo, aby zapojen\u00ed obc\u00ed do syst\u00e9mu bylo povinn\u00e9.<br \/>\n&#8222;V tuto chv\u00edli tu je n\u00e1zor, aby dobrovolnost byla pilotn\u00ed projekt na pouze n\u011bkolik let. S t\u00edm jsem schopna souhlasit,&#8220; uvedla \u0160lech tov\u00e1.<br \/>\nZd\u016fraznila, \u017ee ANO nesouhlas\u00ed ani s t\u00edm, aby soci\u00e1ln\u00ed bydlen\u00ed bylo ur\u010deno pro v\u0161echny, kdo pob\u00edraj\u00ed soci\u00e1ln\u00ed d\u00e1vky, nap\u0159\u00edklad pro v\u0161echny samo\u017eivitelky \u010di d\u016fchodce. &#8222;To je mili\u00f3n lid\u00ed, na to bychom zruinovali st\u00e1t,&#8220; \u0159ekla s t\u00edm, \u017ee podle posledn\u00edho n\u00e1vrhu MPSV by mohlo na soci\u00e1ln\u00ed bydlen\u00ed dos\u00e1hnout zhruba 118 tis\u00edc lid\u00ed.<br \/>\n&#8222;My navrhujeme zhruba 50 tis\u00edc lid\u00ed, proto\u017ee to jsou osoby v bytov\u00e9 nouzi. Nemaj\u00ed byt a nemaj\u00ed takov\u00e9 p\u0159\u00edjmy, aby si mohly zaplatit n\u00e1jemn\u00e9,&#8220; vysv\u011btlila. Zd\u016fraznila, \u017ee ostatn\u00edm nab\u00edz\u00ed ministerstvo pro m\u00edstn\u00ed rozvoj dotace, nap\u0159\u00edklad na pe\u010dovatelsk\u00e9 domy.<br \/>\nPodle m\u00edstop\u0159edsedy KDU\u010cSL Jana Barto\u0161ka p\u016fjde o pilotn\u00ed program. Pokud se neosv\u011bd\u010d\u00ed, dostanou obce novelizac\u00ed normy v soci\u00e1ln\u00edm bydlen\u00ed povinnosti.<br \/>\n&#8222;Napl\u00e1nujeme harmonogram (schvalov\u00e1n\u00ed z\u00e1kona) tak, aby pro\u0161el spole\u010dn\u011b s t\u00edm, jak ho bude ministerstvo p\u0159epracov\u00e1vat. Bohu\u017eel, kdyby n\u00e1s MPSV poslouchalo ji\u017e p\u0159ed dv\u011bma lety, nemuseli jsme na tento z\u00e1kon \u010dekat tak dlouho,&#8220; uvedl Barto\u0161ek.<\/p>\n<p>Pr\u00e1vo<\/p>\n","protected":false},"excerpt":{"rendered":"<div class=\"mh-excerpt\"><p>Z\u00e1stupci vl\u00e1dn\u00ed koalice se po ve\u0159ejn\u00fdch sporech v\u010dera dohodli na kompromisn\u00edm \u0159e\u0161en\u00ed z\u00e1kona o soci\u00e1ln\u00edm bydlen\u00ed.<\/p>\n<\/div>","protected":false},"author":1,"featured_media":0,"comment_status":"open","ping_status":"closed","sticky":false,"template":"","format":"standard","meta":{"footnotes":""},"categories":[9],"tags":[],"class_list":["post-27030","post","type-post","status-publish","format-standard","hentry","category-zpravy"],"_links":{"self":[{"href":"https:\/\/www.invarena.cz\/index.php?rest_route=\/wp\/v2\/posts\/27030","targetHints":{"allow":["GET"]}}],"collection":[{"href":"https:\/\/www.invarena.cz\/index.php?rest_route=\/wp\/v2\/posts"}],"about":[{"href":"https:\/\/www.invarena.cz\/index.php?rest_route=\/wp\/v2\/types\/post"}],"author":[{"embeddable":true,"href":"https:\/\/www.invarena.cz\/index.php?rest_route=\/wp\/v2\/users\/1"}],"replies":[{"embeddable":true,"href":"https:\/\/www.invarena.cz\/index.php?rest_route=%2Fwp%2Fv2%2Fcomments&post=27030"}],"version-history":[{"count":0,"href":"https:\/\/www.invarena.cz\/index.php?rest_route=\/wp\/v2\/posts\/27030\/revisions"}],"wp:attachment":[{"href":"https:\/\/www.invarena.cz\/index.php?rest_route=%2Fwp%2Fv2%2Fmedia&parent=27030"}],"wp:term":[{"taxonomy":"category","embeddable":true,"href":"https:\/\/www.invarena.cz\/index.php?rest_route=%2Fwp%2Fv2%2Fcategories&post=27030"},{"taxonomy":"post_tag","embeddable":true,"href":"https:\/\/www.invarena.cz\/index.php?rest_route=%2Fwp%2Fv2%2Ftags&post=27030"}],"curies":[{"name":"wp","href":"https:\/\/api.w.org\/{rel}","templated":true}]}}