{"id":27032,"date":"2017-01-13T14:48:10","date_gmt":"2017-01-13T13:48:10","guid":{"rendered":"http:\/\/www.invarena.cz\/?p=27032"},"modified":"2017-01-13T14:48:10","modified_gmt":"2017-01-13T13:48:10","slug":"spokojena-matka-da-vice-i-svemu-diteti","status":"publish","type":"post","link":"https:\/\/www.invarena.cz\/?p=27032","title":{"rendered":"&#8222;Spokojen\u00e1 matka d\u00e1 v\u00edce i sv\u00e9mu d\u00edt\u011bti&#8220;"},"content":{"rendered":"<p>Matka dvou ment\u00e1ln\u011b posti\u017een\u00fdch syn\u016f se sna\u017e\u00ed pom\u00e1hat i dal\u0161\u00edm rodin\u00e1m. Za to si od nadace vyslou\u017eila ocen\u011bn\u00ed Osobnost roku.<!--more--><\/p>\n<p>KARVIN\u00c1 V \u010dele karvinsk\u00e9ho spolku pro podporu lid\u00ed s ment\u00e1ln\u00edm posti\u017een\u00edm v \u010cesk\u00e9 republice stoj\u00ed Ji\u0159ina Roubalov\u00e1. Sama je matkou dvou syn\u016f s ment\u00e1ln\u00edm posti\u017een\u00edm. Ti u\u017e sice maj\u00ed p\u0159es 30 let, nicm\u00e9n\u011b st\u00e1le vy\u017eaduj\u00ed p\u00e9\u010di bl\u00edzk\u00fdch. &#8222;Nikdy nebudou zcela samostatn\u00ed, v\u017edy budou pot\u0159ebovat n\u011bjakou osobu, kter\u00e1 na n\u011b bude dohl\u00ed\u017eet a kontrolovat je. Hl\u00eddat, zda dodr\u017euj\u00ed pe\u010dliv\u011b hygienu, nakupovat jim, proto\u017ee neznaj\u00ed hodnotu pen\u011bz, a podobn\u011b,&#8220; podot\u00fdk\u00e1 \u017eena.<br \/>\nJak p\u011btat\u0159icetilet\u00fd Roman, tak i o dva roky mlad\u0161\u00ed Michal \u017eij\u00ed se sv\u00fdmi rodi\u010di v dom\u011b v Petrovic\u00edch u Karvin\u00e9. Model kompletn\u00ed rodiny p\u0159itom nen\u00ed v podobn\u00fdch p\u0159\u00edpadech zdaleka samoz\u0159ejmost\u00ed. &#8222;Tat\u00ednkov\u00e9 \u010dasto odch\u00e1zej\u00ed od rodin, kde je posti\u017een\u00e9 d\u00edt\u011b,&#8220; vysv\u011btluje Roubalov\u00e1. Jedn\u00edm dechem v\u0161ak dod\u00e1v\u00e1, \u017ee na takov\u00e9 situaci nemus\u00ed nutn\u011b n\u00e9st vinu pr\u00e1v\u011b mu\u017ei. &#8222;Maminky se upnou na d\u00edt\u011b, otec se ocit\u00e1 na druh\u00e9 koleji a funguje jen jako finan\u010dn\u00ed zdroj pro rodinu. Ale ten vztah mezi mu\u017eem a \u017eenou je naru\u0161en\u00fd,&#8220; vysv\u011btlila Ji\u0159ina Roubalov\u00e1, kterou p\u0159ed ned\u00e1vnem za jej\u00ed pr\u00e1ci s posti\u017een\u00fdmi lidmi ocenila Nadace OKD titulem Osobnost roku.<\/p>\n<p>Zav\u0159\u00edt se s d\u00edt\u011btem doma nen\u00ed \u0159e\u0161en\u00ed<\/p>\n<p>Roubalov\u00e1 je p\u0159\u00edkladem matky posti\u017een\u00fdch d\u011bt\u00ed, kter\u00e1 se nevzdala ani p\u0159i nep\u0159\u00edzni osudu sv\u00fdch sn\u016f a p\u0159\u00e1n\u00ed a to tak\u00e9 rad\u00ed jin\u00fdm matk\u00e1m.<br \/>\n&#8222;M\u011bly by se seberealizovat, chodit do pr\u00e1ce, u\u017e\u00edvat si \u017eivota, a ne se zav\u00edrat s d\u00edt\u011btem 24 hodin denn\u011b doma. Kdy\u017e bude matka spokojen\u00e1 a \u0161\u0165astn\u00e1, tak m\u016f\u017ee i tomu d\u00edt\u011bti v\u00edce d\u00e1t,&#8220; podot\u00fdk\u00e1.<br \/>\nV p\u00e9\u010di o chlapce se tak st\u0159\u00eddala a st\u0159\u00edd\u00e1 se sv\u00fdm man\u017eelem, synov\u00e9 tak\u00e9 doch\u00e1z\u00ed do denn\u00edch stacion\u00e1\u0159\u016f a odpoledne tr\u00e1v\u00ed \u010das v krou\u017ec\u00edch, kter\u00e9 pro n\u011b p\u0159ipravuj\u00ed pr\u00e1v\u011b z\u00e1stupci karvinsk\u00e9ho spolku pro podporu lid\u00ed s ment\u00e1ln\u00edm posti\u017een\u00edm. Mezit\u00edm pracuje Ji\u0159ina Roubalov\u00e1 jako asistentka jednoho z autistick\u00fdch d\u011bt\u00ed na z\u00e1kladn\u00ed \u0161kole. &#8222;Finan\u010dn\u011b bych bez t\u00e9 pr\u00e1ce mohla b\u00fdt, ale psychicky ji pot\u0159ebuji,&#8220; vysv\u011btluje.<\/p>\n<p>Spolek pln\u00fd dobrovoln\u00edk\u016f<\/p>\n<p>Spolek, kter\u00e9mu Ji\u0159ina Roubalov\u00e1 p\u0159edsed\u00e1, funguje v bl\u00edzkosti mate\u0159sk\u00e9 \u0161koly nedaleko restaurace Ove\u010dka v Karvin\u00e9R\u00e1ji.<br \/>\nNa jeho chodu se pod\u00edlej\u00ed dobrovoln\u00edci, zejm\u00e9na z \u0159ad rodi\u010d\u016f posti\u017een\u00fdch d\u011bt\u00ed i dosp\u011bl\u00fdch. Pro handicapovan\u00e9 zde dvakr\u00e1t a\u017e t\u0159ikr\u00e1t t\u00fddn\u011b bez n\u00e1roku na honor\u00e1\u0159 p\u0159ipravuj\u00ed odpoledne zam\u011b\u0159en\u00e9 bu\u010f na sport, vzd\u011bl\u00e1n\u00ed, nebo ru\u010dn\u00ed pr\u00e1ce. Chod spolku a v\u00fdlety do okol\u00ed se da\u0159\u00ed organizovat zejm\u00e9na d\u00edky finan\u010dn\u00ed pomoci sponzor\u016f.<br \/>\nRodi\u010de posti\u017een\u00fdch d\u011bt\u00ed si do spolku nav\u00edc mohou p\u0159ij\u00edt pro cennou radu. &#8222;V dne\u0161n\u00ed dob\u011b si lid\u00e9 mohou zjistit spoustu informac\u00ed nap\u0159\u00edklad pomoc\u00ed internetu. Ale na druhou stranu, jsme tady i dobr\u00e1 parta a soci\u00e1ln\u00ed kontakt m\u016f\u017ee jen pomoci jak d\u011btem, tak i jejich rodi\u010d\u016fm,&#8220; dodala Roubalov\u00e1.<\/p>\n<p>PETR WOJNAR<br \/>\n5plus2<\/p>\n","protected":false},"excerpt":{"rendered":"<div class=\"mh-excerpt\"><p>Matka dvou ment\u00e1ln\u011b posti\u017een\u00fdch syn\u016f se sna\u017e\u00ed pom\u00e1hat i dal\u0161\u00edm rodin\u00e1m. Za to si od nadace vyslou\u017eila ocen\u011bn\u00ed Osobnost roku.<\/p>\n<\/div>","protected":false},"author":1,"featured_media":0,"comment_status":"open","ping_status":"closed","sticky":false,"template":"","format":"standard","meta":{"footnotes":""},"categories":[9],"tags":[],"class_list":["post-27032","post","type-post","status-publish","format-standard","hentry","category-zpravy"],"_links":{"self":[{"href":"https:\/\/www.invarena.cz\/index.php?rest_route=\/wp\/v2\/posts\/27032","targetHints":{"allow":["GET"]}}],"collection":[{"href":"https:\/\/www.invarena.cz\/index.php?rest_route=\/wp\/v2\/posts"}],"about":[{"href":"https:\/\/www.invarena.cz\/index.php?rest_route=\/wp\/v2\/types\/post"}],"author":[{"embeddable":true,"href":"https:\/\/www.invarena.cz\/index.php?rest_route=\/wp\/v2\/users\/1"}],"replies":[{"embeddable":true,"href":"https:\/\/www.invarena.cz\/index.php?rest_route=%2Fwp%2Fv2%2Fcomments&post=27032"}],"version-history":[{"count":0,"href":"https:\/\/www.invarena.cz\/index.php?rest_route=\/wp\/v2\/posts\/27032\/revisions"}],"wp:attachment":[{"href":"https:\/\/www.invarena.cz\/index.php?rest_route=%2Fwp%2Fv2%2Fmedia&parent=27032"}],"wp:term":[{"taxonomy":"category","embeddable":true,"href":"https:\/\/www.invarena.cz\/index.php?rest_route=%2Fwp%2Fv2%2Fcategories&post=27032"},{"taxonomy":"post_tag","embeddable":true,"href":"https:\/\/www.invarena.cz\/index.php?rest_route=%2Fwp%2Fv2%2Ftags&post=27032"}],"curies":[{"name":"wp","href":"https:\/\/api.w.org\/{rel}","templated":true}]}}