{"id":27036,"date":"2017-01-24T18:02:57","date_gmt":"2017-01-24T17:02:57","guid":{"rendered":"http:\/\/www.invarena.cz\/?p=27036"},"modified":"2017-01-24T16:36:32","modified_gmt":"2017-01-24T15:36:32","slug":"lekar-mi-sdelil-ze-od-noveho-roku-pojistovny-nehradi-denzitometrii-je-to-pravda","status":"publish","type":"post","link":"https:\/\/www.invarena.cz\/?p=27036","title":{"rendered":"L\u00e9ka\u0159 mi sd\u011blil, \u017ee od nov\u00e9ho roku poji\u0161\u0165ovny nehrad\u00ed denzitometrii. Je to pravda?"},"content":{"rendered":"<p><strong>Dotaz:<\/strong><br \/>\n<strong> Dnes jsem byla na denzitometrii. Dote\u010f mi byla hrazena poji\u0161\u0165ovnou ( ZPMV). L\u00e9ka\u0159 mi sd\u011blil, \u017ee od leto\u0161n\u00edho roku \u017e\u00e1dn\u00e1 poji\u0161\u0165ovna vy\u0161et\u0159en\u00ed nehrad\u00ed. Cht\u011bla jsem se zeptat, jestli je to pravda.<\/strong><br \/>\n<!--more--><br \/>\n<strong>Odpov\u011b\u010f:<\/strong><br \/>\nNa tento dotaz jsme se zeptali p\u0159\u00edmo Zdravotn\u00ed poji\u0161\u0165ovny ministerstva vnitra a zde je vyj\u00e1d\u0159en\u00ed MUDr. Lubora Mr\u00e1zka:<br \/>\n\u201eV\u00fdkon \u010d. 89312 &#8211; Denzitometrie dvoufotonov\u00e1 &#8211; je i v<br \/>\nroce 2017 za\u0159azen do vyhl\u00e1\u0161ky MZ \u010cR &#8222;Seznam zdravotn\u00edch v\u00fdkon\u016f s bodov\u00fdmi<br \/>\nhodnotami&#8220; tak, jako v roce minul\u00e9m a je tedy hrazen z prost\u0159edk\u016f ve\u0159ejn\u00e9ho<br \/>\nzdravotn\u00edho poji\u0161t\u011bn\u00ed. Samoz\u0159ejmou podm\u00ednkou je, \u017ee p\u0159edm\u011btn\u00fd v\u00fdkon mus\u00ed<br \/>\nm\u00edt konkr\u00e9tn\u00ed poskytovatel zdravotn\u00edch slu\u017eeb s danou zdravotn\u00ed poji\u0161\u0165ovnou<br \/>\nnasmlouv\u00e1n.\u201c<\/p>\n<p>Ji\u0159\u00ed Marek<br \/>\ninvArena<\/p>\n","protected":false},"excerpt":{"rendered":"<div class=\"mh-excerpt\"><p>Dotaz: Dnes jsem byla na denzitometrii. Dote\u010f mi byla hrazena poji\u0161\u0165ovnou ( ZPMV). L\u00e9ka\u0159 mi sd\u011blil, \u017ee od leto\u0161n\u00edho roku \u017e\u00e1dn\u00e1 poji\u0161\u0165ovna vy\u0161et\u0159en\u00ed nehrad\u00ed. Cht\u011bla <a class=\"mh-excerpt-more\" href=\"https:\/\/www.invarena.cz\/?p=27036\" title=\"L\u00e9ka\u0159 mi sd\u011blil, \u017ee od nov\u00e9ho roku poji\u0161\u0165ovny nehrad\u00ed denzitometrii. Je to pravda?\">[&#8230;]<\/a><\/p>\n<\/div>","protected":false},"author":3,"featured_media":15420,"comment_status":"open","ping_status":"closed","sticky":false,"template":"","format":"standard","meta":{"footnotes":""},"categories":[18],"tags":[],"class_list":["post-27036","post","type-post","status-publish","format-standard","has-post-thumbnail","hentry","category-poradna"],"_links":{"self":[{"href":"https:\/\/www.invarena.cz\/index.php?rest_route=\/wp\/v2\/posts\/27036","targetHints":{"allow":["GET"]}}],"collection":[{"href":"https:\/\/www.invarena.cz\/index.php?rest_route=\/wp\/v2\/posts"}],"about":[{"href":"https:\/\/www.invarena.cz\/index.php?rest_route=\/wp\/v2\/types\/post"}],"author":[{"embeddable":true,"href":"https:\/\/www.invarena.cz\/index.php?rest_route=\/wp\/v2\/users\/3"}],"replies":[{"embeddable":true,"href":"https:\/\/www.invarena.cz\/index.php?rest_route=%2Fwp%2Fv2%2Fcomments&post=27036"}],"version-history":[{"count":0,"href":"https:\/\/www.invarena.cz\/index.php?rest_route=\/wp\/v2\/posts\/27036\/revisions"}],"wp:featuredmedia":[{"embeddable":true,"href":"https:\/\/www.invarena.cz\/index.php?rest_route=\/wp\/v2\/media\/15420"}],"wp:attachment":[{"href":"https:\/\/www.invarena.cz\/index.php?rest_route=%2Fwp%2Fv2%2Fmedia&parent=27036"}],"wp:term":[{"taxonomy":"category","embeddable":true,"href":"https:\/\/www.invarena.cz\/index.php?rest_route=%2Fwp%2Fv2%2Fcategories&post=27036"},{"taxonomy":"post_tag","embeddable":true,"href":"https:\/\/www.invarena.cz\/index.php?rest_route=%2Fwp%2Fv2%2Ftags&post=27036"}],"curies":[{"name":"wp","href":"https:\/\/api.w.org\/{rel}","templated":true}]}}