{"id":27037,"date":"2017-01-16T15:32:42","date_gmt":"2017-01-16T14:32:42","guid":{"rendered":"http:\/\/www.invarena.cz\/?p=27037"},"modified":"2017-01-16T15:32:42","modified_gmt":"2017-01-16T14:32:42","slug":"prilezitost-i-pro-zrakove-postizene","status":"publish","type":"post","link":"https:\/\/www.invarena.cz\/?p=27037","title":{"rendered":"P\u0159\u00edle\u017eitost i pro zrakov\u011b posti\u017een\u00e9"},"content":{"rendered":"<p><strong>Galerie hlavn\u00edho m\u011bsta Prahy (GHMP) instalovala v pra\u017esk\u00e9m Dom\u011b U Kamenn\u00e9ho zvonu na historick\u00e9m Starom\u011bstsk\u00e9m n\u00e1m\u011bst\u00ed v\u00fdstavu z tvorby v\u00fdtvarn\u00edka Jaroslava Horejce (1886-1983). Do 29. ledna poskytuje ojedin\u011blou mo\u017enost pozn\u00e1v\u00e1n\u00ed d\u011bl tak\u00e9 nevidom\u00fdm a zrakov\u011b posti\u017een\u00fdm n\u00e1v\u0161t\u011bvn\u00edk\u016fm. Socha\u0159sk\u00e1 tvorba je zde toti\u017e poj\u00edm\u00e1na z hlediska haptick\u00e9ho (hmatov\u00e9ho) vn\u00edm\u00e1n\u00ed objekt\u016f. P\u0159\u00edtomn\u00ed si tedy mohou d\u00edla sami \u00bbosahat\u00ab.<\/strong><!--more--><\/p>\n<p>V\u00fdstava se kon\u00e1 v p\u016fsobiv\u00e9m prostoru gotick\u00e9 kaple ze 14. stolet\u00ed zm\u00edn\u011bn\u00e9ho st\u0159edov\u011bk\u00e9ho domu. \u00bbKoncepce expozice a zp\u016fsob instalace, zvolen\u00fd na z\u00e1klad\u011b konzultace s odborn\u00edky ze spole\u010dnosti Tyfloservis a sdru\u017een\u00ed Hapestetika, se sna\u017e\u00ed v maxim\u00e1ln\u00ed m\u00ed\u0159e spl\u0148ovat parametry pro optim\u00e1ln\u00ed hmatov\u00e9 vn\u00edm\u00e1n\u00ed,\u00ab sd\u011blila n\u00e1m tiskov\u00e1 mluv\u010d\u00ed GHMP Michaela Vrchotov\u00e1.<\/p>\n<p>\u00bbHapticky pojat\u00e1 v\u00fdstava tak m\u016f\u017ee b\u00fdt z\u00e1\u017eitkov\u00fdm obohacen\u00edm i pro ty, kte\u0159\u00ed by bez t\u00e9to mo\u017enosti nem\u011bli mo\u017enost v\u00fdtvarn\u00e1 d\u00edla vn\u00edmat. V r\u00e1mci doprovodn\u00e9ho programu tak\u00e9 prob\u00edhaj\u00ed komentovan\u00e9 prohl\u00eddky, v\u00fdtvarn\u00e9 workshopy, setk\u00e1n\u00ed odborn\u00edk\u016f \u010di koncert zrakov\u011b posti\u017een\u00fdch student\u016f pra\u017esk\u00e9 Konzervato\u0159e Jana Deyla. Uskute\u010dn\u00ed se v pond\u011bl\u00ed 23. ledna od 17 hodin p\u0159\u00edmo ve v\u00fdstavn\u00edch prostor\u00e1ch.\u00ab T\u00e9ho\u017e dne prob\u011bhne setk\u00e1n\u00ed odborn\u00edk\u016f na t\u00e9ma zprost\u0159edkov\u00e1n\u00ed um\u011bn\u00ed nevidom\u00fdm n\u00e1v\u0161t\u011bvn\u00edk\u016fm.<\/p>\n<p>Popisky a texty k vystaven\u00fdm artefakt\u016fm p\u0159elo\u017eili do Braillova p\u00edsma pracovn\u00edci Knihovny a tisk\u00e1rny pro nevidom\u00e9 Karla Emanuela Macana, je\u017e do expozice v\u011bnovala uk\u00e1zky haptick\u00fdch knih. Tyfloservis umo\u017enil z\u00e1p\u016fj\u010dku speci\u00e1ln\u00edho Pichtova psac\u00edho stroje, na n\u011bm\u017e si n\u00e1v\u0161t\u011bvn\u00edci mohou vyzkou\u0161et p\u0159epis textu do slepeck\u00e9ho p\u00edsma.<\/p>\n<p>Na v\u00fdstav\u011b jsou zastoupeny Horejcovy bronzov\u00e9 plastiky a reli\u00e9f. \u00bbKe hmatov\u00e9mu pozn\u00e1v\u00e1n\u00ed zde d\u00e1le nab\u00edz\u00edme repliky dekor\u016f vybran\u00fdch d\u011bl autora a vzorky socha\u0159sk\u00fdch materi\u00e1l\u016f &#8211; zejm\u00e9na \u00falomky soch ze sb\u00edrkov\u00e9ho fondu ve\u0159ejn\u00e9 plastiky GHMP. Prezentov\u00e1ny jsou autorsk\u00e9 kopie i duplik\u00e1ty vytvo\u0159en\u00e9 absolventy oboru socha\u0159stv\u00ed na V\u0160UP. Jako p\u0159edlohy byly z\u00e1m\u011brn\u011b zvoleny tvarov\u011b podn\u011btn\u00e9 a inspirativn\u00ed objekty,\u00ab informovala spoluautorka projektu Lucie Ha\u0161kovcov\u00e1.<\/p>\n<p>Pro z\u00e1jemce jsou p\u0159ipraveny i b\u011b\u017en\u00e9 typy program\u016f &#8211; interaktivn\u00ed prohl\u00eddky pro \u0161koly, sobotn\u00ed workshopy pro rodiny, ned\u011bln\u00ed v\u00fdtvarn\u00e9 d\u00edlny pro dosp\u011bl\u00e9 a seniory, v\u00fdtvarn\u00fd krou\u017eek a dal\u0161\u00ed. Prob\u00edhaj\u00ed p\u0159edev\u0161\u00edm v gotick\u00e9m koncertn\u00edm s\u00e1le, \u010d\u00e1ste\u010dn\u011b i v historick\u00fdch sklepech \u010di v kapli.<\/p>\n<p>Hal\u00f3 noviny<\/p>\n","protected":false},"excerpt":{"rendered":"<div class=\"mh-excerpt\"><p>Galerie hlavn\u00edho m\u011bsta Prahy (GHMP) instalovala v pra\u017esk\u00e9m Dom\u011b U Kamenn\u00e9ho zvonu na historick\u00e9m Starom\u011bstsk\u00e9m n\u00e1m\u011bst\u00ed v\u00fdstavu z tvorby v\u00fdtvarn\u00edka Jaroslava Horejce (1886-1983). Do 29. <a class=\"mh-excerpt-more\" href=\"https:\/\/www.invarena.cz\/?p=27037\" title=\"P\u0159\u00edle\u017eitost i pro zrakov\u011b posti\u017een\u00e9\">[&#8230;]<\/a><\/p>\n<\/div>","protected":false},"author":1,"featured_media":0,"comment_status":"open","ping_status":"closed","sticky":false,"template":"","format":"standard","meta":{"footnotes":""},"categories":[9],"tags":[],"class_list":["post-27037","post","type-post","status-publish","format-standard","hentry","category-zpravy"],"_links":{"self":[{"href":"https:\/\/www.invarena.cz\/index.php?rest_route=\/wp\/v2\/posts\/27037","targetHints":{"allow":["GET"]}}],"collection":[{"href":"https:\/\/www.invarena.cz\/index.php?rest_route=\/wp\/v2\/posts"}],"about":[{"href":"https:\/\/www.invarena.cz\/index.php?rest_route=\/wp\/v2\/types\/post"}],"author":[{"embeddable":true,"href":"https:\/\/www.invarena.cz\/index.php?rest_route=\/wp\/v2\/users\/1"}],"replies":[{"embeddable":true,"href":"https:\/\/www.invarena.cz\/index.php?rest_route=%2Fwp%2Fv2%2Fcomments&post=27037"}],"version-history":[{"count":0,"href":"https:\/\/www.invarena.cz\/index.php?rest_route=\/wp\/v2\/posts\/27037\/revisions"}],"wp:attachment":[{"href":"https:\/\/www.invarena.cz\/index.php?rest_route=%2Fwp%2Fv2%2Fmedia&parent=27037"}],"wp:term":[{"taxonomy":"category","embeddable":true,"href":"https:\/\/www.invarena.cz\/index.php?rest_route=%2Fwp%2Fv2%2Fcategories&post=27037"},{"taxonomy":"post_tag","embeddable":true,"href":"https:\/\/www.invarena.cz\/index.php?rest_route=%2Fwp%2Fv2%2Ftags&post=27037"}],"curies":[{"name":"wp","href":"https:\/\/api.w.org\/{rel}","templated":true}]}}