{"id":27043,"date":"2017-01-17T11:31:56","date_gmt":"2017-01-17T10:31:56","guid":{"rendered":"http:\/\/www.invarena.cz\/?p=27043"},"modified":"2017-01-17T11:31:56","modified_gmt":"2017-01-17T10:31:56","slug":"zamek-bez-barier-uz-za-tri-roky","status":"publish","type":"post","link":"https:\/\/www.invarena.cz\/?p=27043","title":{"rendered":"Z\u00e1mek bez bari\u00e9r? U\u017e za t\u0159i roky"},"content":{"rendered":"<p><strong>Slavkov u Brna m\u00e1 sl\u00edbenou dotaci na rekonstrukci z\u00e1meck\u00fdch val\u016f a v\u00fdtah uvnit\u0159 pam\u00e1tky. Bude prvn\u00ed na jihu Moravy.<\/strong> <!--more--><\/p>\n<p>Slavkov u Brna \u2013 Kdy\u017e si chce voz\u00ed\u010dk\u00e1\u0159 Anton\u00edn Hrabec u\u017e\u00edt kr\u00e1su interi\u00e9r\u016f slavkovsk\u00e9ho z\u00e1mku, je to pro n\u011bj mnohem n\u00e1ro\u010dn\u011bj\u0161\u00ed ne\u017e na jin\u00fdch jihomoravsk\u00fdch pam\u00e1tk\u00e1ch. &#8222;M\u00e1 toti\u017e spoustu schod\u016f,&#8220; vysv\u011btlil p\u0159edseda ob\u010dansk\u00e9ho sdru\u017een\u00ed Voz\u00ed\u010dk\u00e1\u0159i ze z\u00e1mku z Habrovan na Vy\u0161kovsku. Za p\u00e1r let u\u017e nebude takov\u00e9 probl\u00e9my \u0159e\u0161it.<\/p>\n<p>Podle aktu\u00e1ln\u00edch informac\u00ed m\u00e1 spr\u00e1va z\u00e1mku jist\u00e9 dotace na stavbu v\u00fdtahu a nal\u00e9havou rekonstrukci val\u016f, kter\u00fdm hroz\u00ed zborcen\u00ed.<\/p>\n<p>&#8222;Jde o projekt za osmapades\u00e1t milion\u016f korun, kter\u00fd z p\u011btaosmdes\u00e1ti procent pokryje dotace z evropsk\u00e9ho fondu Integrovan\u00fd region\u00e1ln\u00ed opera\u010dn\u00ed program,&#8220; potvrdila mluv\u010d\u00ed z\u00e1mku Veronika Sl\u00e1mov\u00e1.<\/p>\n<p>Voz\u00ed\u010dk\u00e1\u0159i se na prohl\u00eddkov\u00e9 trasy v prvn\u00edm pat\u0159e dostanou bez komplikac\u00ed do t\u0159\u00ed let. &#8222;Projekt by mohl odstartovat v kv\u011btnu, a to nejn\u00e1ro\u010dn\u011bj\u0161\u00ed akc\u00ed, kterou je oprava z\u00e1meck\u00fdch val\u016f, a zaji\u0161t\u011bn\u00edm statiky severn\u00ed rampy. P\u0159\u00ed\u0161t\u00ed rok tam za\u010dneme pokl\u00e1dat nov\u00e9 dla\u017eby a osv\u011btlen\u00ed. Voz\u00ed\u010dk\u00e1\u0159i se pak do z\u00e1mku dostanou pohodln\u011b d\u00edky v\u00fdtahu v sezon\u011b 2020,&#8220; up\u0159esnila mluv\u010d\u00ed.<\/p>\n<p>Se z\u00e1m\u011brem v\u00edc zp\u0159\u00edstupnit pam\u00e1tku lidem na invalidn\u00edm voz\u00edku p\u0159i\u0161la \u0159editelka Eva Oub\u011blick\u00e1. A je to zhruba rok a p\u016fl, kdy se veden\u00ed z\u00e1mku poda\u0159ilo z\u00edskat souhlas pam\u00e1tk\u00e1\u0159\u016f. &#8222;A\u010dkoli jsme schopn\u00ed k n\u00e1m handicapovan\u00e9 dostat, je to nepohodln\u00e9. A nap\u0159\u00edklad schodolez tady nem\u016f\u017eeme m\u00edt po\u0159\u00e1d,&#8220; okomentovala.<\/p>\n<p>V\u00fdtah bude v m\u00edst\u011b zborcen\u00e9ho schodi\u0161t\u011b v prav\u00e9m k\u0159\u00eddle z\u00e1mku p\u0159i pohledu z n\u00e1dvo\u0159\u00ed. &#8222;Proto\u017ee nijak nezas\u00e1hne do r\u00e1zu pam\u00e1tky, nem\u011bli jsme se stavbou probl\u00e9m,&#8220; sd\u011blila pracovnice brn\u011bnsk\u00e9 pobo\u010dky N\u00e1rodn\u00edho pam\u00e1tkov\u00e9ho \u00fastavu Jana Firbasov\u00e1.<\/p>\n<p>Podle voz\u00ed\u010dk\u00e1\u0159\u016f neexistuje v kraji z\u00e1mek s funk\u010dn\u00edm v\u00fdtahem. &#8222;Na probl\u00e9my s bari\u00e9rami nar\u00e1\u017e\u00edme v\u0161ude. N\u011bkde ale nejsou tak velk\u00e9 jako ve Slavkov\u011b u Brna. T\u0159eba v Lednici maj\u00ed jen t\u0159i schody, to se je\u0161t\u011b d\u00e1 zvl\u00e1dnout. V\u00edm o bezbari\u00e9rov\u00e9m z\u00e1mku ve v\u00fdchodn\u00edch \u010cech\u00e1ch. Jde o \u010castolovice, maj\u00ed tam schodolez. Jde o bezpe\u010dn\u00e9 za\u0159\u00edzen\u00ed, ale ne zrovna p\u0159\u00edjemn\u00e9,&#8220; zhodnotil Hrabec.<\/p>\n<p>Osobn\u00ed v\u00fdtah maj\u00ed na z\u00e1mku ve Valtic\u00edch na B\u0159eclavsku. Poch\u00e1z\u00ed pravd\u011bpodobn\u011b z p\u0159elomu 19. a 20. stolet\u00ed. M\u00e1 d\u0159ev\u011bnou kabinu zdobenou secesn\u00edmi prvky. Nyn\u00ed je zrenovovan\u00fd, ale nefunk\u010dn\u00ed. &#8222;Uv\u00e9st ho do provozu by bylo velmi drah\u00e9 a v p\u0159\u00ed\u0161t\u00edch deseti letech ur\u010dit\u011b nere\u00e1ln\u00e9,&#8220; p\u0159edeslal vedouc\u00ed odd\u011blen\u00ed N\u00e1rodn\u00edho centra divadla a tance z\u00e1mku Valtice Zbyn\u011bk \u0160olc.<\/p>\n<p>Oprava val\u016f a stavba v\u00fdtahu<\/p>\n<p>&#8211; N\u00e1klady na projekt jsou vy\u010d\u00edslen\u00e9 na 58 milion\u016f korun. Evropsk\u00e1 dotace pokryje 85 procent, 5 procent zaplat\u00ed st\u00e1t a zbyl\u00fdch 10, tedy asi \u0161est milion\u016f, m\u011bsto.<br \/>\n&#8211; Rekonstrukce \u010dty\u0159i metry vysok\u00fdch z\u00e1meck\u00fdch val\u016f o d\u00e9lce 150 metr\u016f m\u00e1 za\u010d\u00edt letos. Po n\u00ed budou n\u00e1v\u0161t\u011bvn\u00edk\u016fm dostupn\u00e9 po cel\u00e9m obvodu. Vzniknout maj\u00ed i nov\u00e9 to\u010dit\u00e9 schody vedouc\u00ed z parku do val\u016f.<br \/>\n&#8211; V\u00fdtah vznikne uvnit\u0159 prav\u00e9ho z\u00e1meck\u00e9ho k\u0159\u00eddla z pohledu z n\u00e1dvo\u0159\u00ed. Povede do prvn\u00edho patra. Vejde se do n\u011bj jeden \u010dlov\u011bk na voz\u00edku a doprovod. Stavba bude rozd\u011blen\u00e1 do etap a hotov\u00e1 m\u00e1 b\u00fdt v roce 2020.<br \/>\nZdroj: Z\u00e1mek Slavkov-Austerlitz<\/p>\n<p>MARTINA HA\u0160KOV\u00c1<br \/>\nBlanensk\u00fd den\u00edk<br \/>\n<a href=\"http:\/\/blanensky.denik.cz\/\">http:\/\/blanensky.denik.cz\/<\/a><\/p>\n","protected":false},"excerpt":{"rendered":"<div class=\"mh-excerpt\"><p>Slavkov u Brna m\u00e1 sl\u00edbenou dotaci na rekonstrukci z\u00e1meck\u00fdch val\u016f a v\u00fdtah uvnit\u0159 pam\u00e1tky. Bude prvn\u00ed na jihu Moravy.<\/p>\n<\/div>","protected":false},"author":1,"featured_media":0,"comment_status":"open","ping_status":"closed","sticky":false,"template":"","format":"standard","meta":{"footnotes":""},"categories":[9],"tags":[],"class_list":["post-27043","post","type-post","status-publish","format-standard","hentry","category-zpravy"],"_links":{"self":[{"href":"https:\/\/www.invarena.cz\/index.php?rest_route=\/wp\/v2\/posts\/27043","targetHints":{"allow":["GET"]}}],"collection":[{"href":"https:\/\/www.invarena.cz\/index.php?rest_route=\/wp\/v2\/posts"}],"about":[{"href":"https:\/\/www.invarena.cz\/index.php?rest_route=\/wp\/v2\/types\/post"}],"author":[{"embeddable":true,"href":"https:\/\/www.invarena.cz\/index.php?rest_route=\/wp\/v2\/users\/1"}],"replies":[{"embeddable":true,"href":"https:\/\/www.invarena.cz\/index.php?rest_route=%2Fwp%2Fv2%2Fcomments&post=27043"}],"version-history":[{"count":0,"href":"https:\/\/www.invarena.cz\/index.php?rest_route=\/wp\/v2\/posts\/27043\/revisions"}],"wp:attachment":[{"href":"https:\/\/www.invarena.cz\/index.php?rest_route=%2Fwp%2Fv2%2Fmedia&parent=27043"}],"wp:term":[{"taxonomy":"category","embeddable":true,"href":"https:\/\/www.invarena.cz\/index.php?rest_route=%2Fwp%2Fv2%2Fcategories&post=27043"},{"taxonomy":"post_tag","embeddable":true,"href":"https:\/\/www.invarena.cz\/index.php?rest_route=%2Fwp%2Fv2%2Ftags&post=27043"}],"curies":[{"name":"wp","href":"https:\/\/api.w.org\/{rel}","templated":true}]}}